{"id":116710,"date":"2024-05-22T18:21:11","date_gmt":"2024-05-22T21:21:11","guid":{"rendered":"https:\/\/cdnoticias.com\/?p=116710"},"modified":"2024-05-22T20:11:20","modified_gmt":"2024-05-22T23:11:20","slug":"con-varios-condimentos-y-en-cambio-de-gestion-se-analizara-la-rendicion-de-cuentas-2023","status":"publish","type":"post","link":"https:\/\/cdnoticias.com\/index.php\/2024\/05\/22\/con-varios-condimentos-y-en-cambio-de-gestion-se-analizara-la-rendicion-de-cuentas-2023\/","title":{"rendered":"Con varios condimentos y en cambio de gesti\u00f3n, se analizar\u00e1 la Rendici\u00f3n de Cuentas 2023"},"content":{"rendered":"\n<p>Ser\u00e1 este jueves en el Concejo Deliberante. Luego, se desarrollar\u00e1 la sexta sesi\u00f3n ordinaria con siete proyectos. El cambio de gesti\u00f3n y la ausencia de la Jefa de Gabinete en la previa, dos puntos a analizar.<\/p>\n\n\n\n<hr class=\"wp-block-separator aligncenter has-alpha-channel-opacity\"\/>\n\n\n\n<p>Este jueves,<strong> el Concejo Deliberante tratar\u00e1 la Rendici\u00f3n de Cuentas 2023, que tendr\u00e1 varios aspectos a tener en cuenta y la complejidad de los cambios pol\u00edticos ser\u00e1 protagonista.<\/strong> Adem\u00e1s, se desarrollar\u00e1 la sexta sesi\u00f3n ordinaria con siete proyectos en debate.<\/p>\n\n\n\n<p>Todo se realizar\u00e1 en el<strong> Centro de Convenciones de Olavarr\u00eda (CCO) ubicado en Avenida Eva Per\u00f3n (ex Av. Circunvalaci\u00f3n) N\u00b01545 y ser\u00e1 transmitida en vivo por el canal de YouTube del HCD.<\/strong><\/p>\n\n\n\n<p><strong>Las particularidades de esta Rendici\u00f3n de Cuentas ser\u00e1n in\u00e9ditas al menos comparada con la de los \u00faltimos a\u00f1os. <\/strong>Ejercido pr\u00e1cticamente en su totalidad por el ahora ex intendente Ezequiel Galli,<strong> el bloque Juntos \u2013hoy en la oposici\u00f3n- ser\u00e1 quien defienda el desempe\u00f1o de la comuna mientras que Uni\u00f3n por la Patria oficiar\u00e1 de opositor, o al menos no ten\u00eda una postura clara hasta la tarde de este mi\u00e9rcoles, seg\u00fan logr\u00f3 saber Central de Noticias.<\/strong><\/p>\n\n\n\n<p>Otra particularidad es que, m\u00e1s all\u00e1 del rol \u201coficialismo\/oposici\u00f3n\u201d de los dos principales bloques en el HCD,<strong> la secretaria de Hacienda sigue siendo la misma persona: se trata de Eugenia Bezzoni, quien tuvo continuidad tras el traspaso de la gesti\u00f3n Galli a la gesti\u00f3n Wesner.<\/strong><\/p>\n\n\n\n<p><strong>Dos ausencias ser\u00e1n probablemente marcadas durante la sesi\u00f3n: una es, justamente, la de Bezzoni, quien este a\u00f1o no asisti\u00f3 al HCD<\/strong> a evacuar dudas de los ediles, situaci\u00f3n que le vali\u00f3 algunas cr\u00edticas.<\/p>\n\n\n\n<p><strong>La otra es la presentaci\u00f3n del informe de gesti\u00f3n de la Jefa de Gabinete, Mercedes Land\u00edvar, que se debe realizar, seg\u00fan se expresa por ordenanza, antes del tratamiento de la Rendici\u00f3n de Cuentas y del Presupuesto. <\/strong>Seg\u00fan se aclar\u00f3 ante la consulta, hubo un compromiso de que el informe se realice despu\u00e9s del tratamiento de la Rendici\u00f3n de Cuentas, dado que <em><strong>\u201ctan s\u00f3lo 20 d\u00edas del periodo 2023 fueron gestionados por Wesner\u201d <\/strong><\/em>en comparativa con el resto del a\u00f1o que fue en su totalidad de gesti\u00f3n Galli, siendo en ese momento Hilario Galli el secretario de Gobierno.<\/p>\n\n\n\n<p>Lo concreto es que, <strong>por ahora, su aprobaci\u00f3n o rechazo tiene final abierto: se sabr\u00e1 tras las exposiciones de los ediles este jueves.<\/strong><\/p>\n\n\n\n<p>Luego del debate de este tema,<strong> se realizar\u00e1 la sexta sesi\u00f3n ordinaria del a\u00f1o: all\u00ed, se tratar\u00e1n 14 donaciones de tierras a vecinos y siete proyectos entre pedidos de informe, resoluci\u00f3n y otros temas planteados por oficialismo y oposici\u00f3n.<\/strong><\/p>\n\n\n\n<p><strong>El bloque UCR presentar\u00e1 dos pedidos de informe<\/strong>: buscar\u00e1 saber los \u201ccriterios aplicados\u201d para los trabajos de demarcaci\u00f3n vial, mientras que pedir\u00e1 conocer el convenio firmado con la Facultad de Periodismo de La Plata. <strong>El bloque libertario local, Ahora Olavarr\u00eda, tambi\u00e9n present\u00f3 un pedido de informes que busca conocer detalles del servicio de Estacionamiento Medido local.<\/strong><\/p>\n\n\n\n<p><strong>Juntos, por su parte, buscar\u00e1 declarar de inter\u00e9s legislativo el 25\u00b0 aniversario del programa radial \u201cChamameceando\u201d en Olavarr\u00eda. Uni\u00f3n por la Patria buscar\u00e1 hacer lo mismo con el microprograma \u201cMil y un libros\u201d del escritor Diego Rojas.<\/strong><\/p>\n\n\n\n<p>Finalmente, habr\u00e1 un repudio y rechazo, presentado por el oficialismo, por el crimen de odio cometido en Barracas el pasado 6 de mayo contra la vida de Andrea, Pamela, Mercedes y Sof\u00eda, y un proyecto de Resoluci\u00f3n de Ahora Olavarr\u00eda que busca la construcci\u00f3n e iluminaci\u00f3n de un refugio en la intersecci\u00f3n de avenida Pueyrred\u00f3n y calle San Juan.<\/p>\n","protected":false},"excerpt":{"rendered":"<p>Ser\u00e1 este jueves en el Concejo Deliberante. Luego, se desarrollar\u00e1 la sexta sesi\u00f3n ordinaria con siete proyectos. El cambio de<\/p>\n","protected":false},"author":2,"featured_media":109975,"comment_status":"closed","ping_status":"closed","sticky":false,"template":"","format":"standard","meta":{"_jetpack_memberships_contains_paid_content":false,"footnotes":""},"categories":[4,1],"tags":[],"class_list":["post-116710","post","type-post","status-publish","format-standard","has-post-thumbnail","hentry","category-politica","category-portada"],"jetpack_featured_media_url":"https:\/\/i0.wp.com\/cdnoticias.com\/wp-content\/uploads\/2024\/02\/sesion-extraordinaria-hcd-febrero-2024-02.jpg?fit=800%2C445&ssl=1","jetpack_sharing_enabled":true,"_links":{"self":[{"href":"https:\/\/cdnoticias.com\/index.php\/wp-json\/wp\/v2\/posts\/116710","targetHints":{"allow":["GET"]}}],"collection":[{"href":"https:\/\/cdnoticias.com\/index.php\/wp-json\/wp\/v2\/posts"}],"about":[{"href":"https:\/\/cdnoticias.com\/index.php\/wp-json\/wp\/v2\/types\/post"}],"author":[{"embeddable":true,"href":"https:\/\/cdnoticias.com\/index.php\/wp-json\/wp\/v2\/users\/2"}],"replies":[{"embeddable":true,"href":"https:\/\/cdnoticias.com\/index.php\/wp-json\/wp\/v2\/comments?post=116710"}],"version-history":[{"count":0,"href":"https:\/\/cdnoticias.com\/index.php\/wp-json\/wp\/v2\/posts\/116710\/revisions"}],"wp:featuredmedia":[{"embeddable":true,"href":"https:\/\/cdnoticias.com\/index.php\/wp-json\/wp\/v2\/media\/109975"}],"wp:attachment":[{"href":"https:\/\/cdnoticias.com\/index.php\/wp-json\/wp\/v2\/media?parent=116710"}],"wp:term":[{"taxonomy":"category","embeddable":true,"href":"https:\/\/cdnoticias.com\/index.php\/wp-json\/wp\/v2\/categories?post=116710"},{"taxonomy":"post_tag","embeddable":true,"href":"https:\/\/cdnoticias.com\/index.php\/wp-json\/wp\/v2\/tags?post=116710"}],"curies":[{"name":"wp","href":"https:\/\/api.w.org\/{rel}","templated":true}]}}