{"id":116704,"date":"2024-05-22T15:54:48","date_gmt":"2024-05-22T18:54:48","guid":{"rendered":"https:\/\/cdnoticias.com\/?p=116704"},"modified":"2024-05-22T19:32:11","modified_gmt":"2024-05-22T22:32:11","slug":"el-hcd-tratara-la-rendicion-de-cuentas-2023-hay-mucho-para-contar-mucho-para-rebatir","status":"publish","type":"post","link":"https:\/\/cdnoticias.com\/index.php\/2024\/05\/22\/el-hcd-tratara-la-rendicion-de-cuentas-2023-hay-mucho-para-contar-mucho-para-rebatir\/","title":{"rendered":"El HCD tratar\u00e1 la Rendici\u00f3n de Cuentas 2023: \u201chay mucho para contar, mucho para rebatir\u201d"},"content":{"rendered":"<p>Lo defini\u00f3 el concejal Hilario Galli, de Juntos, que adelant\u00f3 que este jueves defender\u00e1 \u201clos n\u00fameros\u201d de la gesti\u00f3n en la que fue Secretario de Gobierno. \u201cDe acuerdo a c\u00f3mo estaba la macroeconom\u00eda, era muy dif\u00edcil terminar de una manera superavitaria\u201d.<!--more--><\/p>\n<hr \/>\n<p>Este jueves<strong> sesionar\u00e1 el Concejo Deliberante<\/strong> y se tratar\u00e1 la<strong> Rendici\u00f3n de Cuentas 2023<\/strong>. Sobre el tema fue consultado el <strong>concejal Hilario Galli, del bloque Juntos<\/strong>, quien <strong>adelant\u00f3 que defender\u00e1 \u201clos n\u00fameros\u201d<\/strong> de la gesti\u00f3n en la que fue Secretario de Gobierno. En una entrevista con Levantate por Radio Sapiens dijo que <strong>\u201chay mucho para contar, mucho para rebatir sobre todo. Creo que va a ser una linda sesi\u00f3n\u201d.<\/strong><\/p>\n<p>Tuvo en cuenta que al tratarse de una sesi\u00f3n ordinaria, habr\u00e1 muchos temas en tratamiento, <em>\u201cva a ser una sesi\u00f3n larga\u201d<\/em> consider\u00f3. Se centr\u00f3 en la Rendici\u00f3n de Cuentas del a\u00f1o pasado, sobre la que estim\u00f3, respecto de los restantes bloques, \u201ccada uno va a tener una historia para contar, un lugar desde donde a mirar los n\u00fameros que no significan una sola cosa\u201d. Expres\u00f3 para Juntos<strong> \u201cel hecho de haber transitado la gesti\u00f3n desde adentro, claramente los n\u00fameros tienen un significado diferente a cuando uno lo ve desde afuera<\/strong> y tal vez pierde el contexto en el cual se dan ciertas situaciones\u201d.<\/p>\n<blockquote><p>En ese sentido, Hilario Galli se\u00f1al\u00f3 que \u201cparece que es un muy buen momento para contextualizar el a\u00f1o que tuvimos en 2023 durante la gesti\u00f3n. Con 211 puntos de inflaci\u00f3n, una devaluaci\u00f3n enorme en el medio, una tasa de referencia de inter\u00e9s muy alta y, en el medio de todo eso, uno tiene que gestionar, tratar de que los gastos no se le vayan muy por encima. Tuvimos una ca\u00edda muy fuerte de los ingresos a lo largo del a\u00f1o y uno tiene que seguir d\u00e1ndole servicio a los vecinos\u201d.<\/p><\/blockquote>\n<p>Se refiri\u00f3 a que <strong>quien fue secretaria de Hacienda en gran parte de la gesti\u00f3n de Ezequiel Galli. Eugenia Bezzoni, se mantiene en el cargo bajo<\/strong> el mandato de Maximiliano Wesner, y con ello apunt\u00f3 -sin referirlo directamente- a la postura de Uni\u00f3n por la Patria.<strong> \u201cSi mantienen a la secretaria de Hacienda que tuvimos, de alguna manera est\u00e1n convalidando que lo actuado en econom\u00eda y finanzas fue de una manera correcta<\/strong>. Yo creo que dentro de las declaraciones de los distintos espacios siempre hay un condimento pol\u00edtico, pero cuando uno va a la realidad y se pone analizar los n\u00fameros de acuerdo al a\u00f1o econ\u00f3mico, a c\u00f3mo estaba la macroeconom\u00eda del a\u00f1o pasado, <strong>era muy dif\u00edcil terminar de una manera superavitaria<\/strong>. Sobre todo porque nosotros tenemos un<strong> sistema sanitario<\/strong> muy amplio, muy grande, una cantidad de atenciones muy grandes y el sistema p\u00fablico de salud en todos sus instancias sufri\u00f3 un deterioro muy fuerte. Las prestaciones fueron alt\u00edsimas y no ten\u00e9s la contraprestaci\u00f3n de los ingresos\u201d.<\/p>\n<blockquote><p>\u201cHan mantenido a la secretaria de Hacienda. Es decir, a pesar de haber tenido ese contexto el resultado no fue tan mal\u201d resumi\u00f3. M\u00e1s adelante agreg\u00f3 que \u201csi mir\u00e1s el organigrama municipal, el 40% de los funcionarios de gobierno eran funcionarios nuestros. Mantuvieron pr\u00e1cticamente a la mayor\u00eda de los directores, ya estaban en nuestra gesti\u00f3n. Eso quiere decir que tan mal no ven\u00edamos gestionando\u201d interpret\u00f3 el concejal.<\/p><\/blockquote>\n<p>En tanto, consultado sobre <a href=\"https:\/\/cdnoticias.com\/index.php\/2024\/05\/17\/la-secretaria-de-economia-no-ira-al-hcd-a-defender-la-rendicion-de-cuentas\/\" target=\"_blank\" rel=\"noopener\">la decisi\u00f3n de Bezzoni de no asistir al HCD<\/a> ante la citaci\u00f3n de los concejales para exponer sobre la Rendici\u00f3n de Cuentas indic\u00f3 que \u201clos motivos por los cuales no acudi\u00f3 al Concejo Deliberante los desconozco. De todas maneras, <strong>por el hecho haber estado en un rol central en el gobierno anterior tranquilamente la respuesta la puedo dar yo a cualquiera de los bloques que tengan alguna duda. Lo ofrec\u00ed\u201d<\/strong>.<\/p>\n","protected":false},"excerpt":{"rendered":"<p>Lo defini\u00f3 el concejal Hilario Galli, de Juntos, que adelant\u00f3 que este jueves defender\u00e1 \u201clos n\u00fameros\u201d de la gesti\u00f3n en<\/p>\n","protected":false},"author":4,"featured_media":89495,"comment_status":"closed","ping_status":"closed","sticky":false,"template":"","format":"standard","meta":{"_jetpack_memberships_contains_paid_content":false,"footnotes":""},"categories":[4,1],"tags":[],"class_list":["post-116704","post","type-post","status-publish","format-standard","has-post-thumbnail","hentry","category-politica","category-portada"],"jetpack_featured_media_url":"https:\/\/i0.wp.com\/cdnoticias.com\/wp-content\/uploads\/2023\/07\/hilario-galli5-scaled.jpg?fit=2560%2C1424&ssl=1","jetpack_sharing_enabled":true,"_links":{"self":[{"href":"https:\/\/cdnoticias.com\/index.php\/wp-json\/wp\/v2\/posts\/116704","targetHints":{"allow":["GET"]}}],"collection":[{"href":"https:\/\/cdnoticias.com\/index.php\/wp-json\/wp\/v2\/posts"}],"about":[{"href":"https:\/\/cdnoticias.com\/index.php\/wp-json\/wp\/v2\/types\/post"}],"author":[{"embeddable":true,"href":"https:\/\/cdnoticias.com\/index.php\/wp-json\/wp\/v2\/users\/4"}],"replies":[{"embeddable":true,"href":"https:\/\/cdnoticias.com\/index.php\/wp-json\/wp\/v2\/comments?post=116704"}],"version-history":[{"count":0,"href":"https:\/\/cdnoticias.com\/index.php\/wp-json\/wp\/v2\/posts\/116704\/revisions"}],"wp:featuredmedia":[{"embeddable":true,"href":"https:\/\/cdnoticias.com\/index.php\/wp-json\/wp\/v2\/media\/89495"}],"wp:attachment":[{"href":"https:\/\/cdnoticias.com\/index.php\/wp-json\/wp\/v2\/media?parent=116704"}],"wp:term":[{"taxonomy":"category","embeddable":true,"href":"https:\/\/cdnoticias.com\/index.php\/wp-json\/wp\/v2\/categories?post=116704"},{"taxonomy":"post_tag","embeddable":true,"href":"https:\/\/cdnoticias.com\/index.php\/wp-json\/wp\/v2\/tags?post=116704"}],"curies":[{"name":"wp","href":"https:\/\/api.w.org\/{rel}","templated":true}]}}