{"id":116698,"date":"2024-05-22T12:47:31","date_gmt":"2024-05-22T15:47:31","guid":{"rendered":"https:\/\/cdnoticias.com\/?p=116698"},"modified":"2024-05-22T19:32:27","modified_gmt":"2024-05-22T22:32:27","slug":"animate-solidaria-cafe-y-abrigo-para-enfrentar-las-bajas-temperaturas","status":"publish","type":"post","link":"https:\/\/cdnoticias.com\/index.php\/2024\/05\/22\/animate-solidaria-cafe-y-abrigo-para-enfrentar-las-bajas-temperaturas\/","title":{"rendered":"Animate solidaria: caf\u00e9 y abrigo para enfrentar las bajas temperaturas"},"content":{"rendered":"\n<p>La asociaci\u00f3n civil lleva adelante la iniciativa a ra\u00edz de la gran cantidad de personas que se acercan en busca ayuda. \u201cQueremos aportar algo en esta \u00e9poca donde la situaci\u00f3n econ\u00f3mica est\u00e1 m\u00e1s dif\u00edcil que nunca\u201d, indic\u00f3 Liliana Cuenca.<\/p>\n\n\n\n<hr class=\"wp-block-separator has-alpha-channel-opacity\"\/>\n\n\n\n<p>La asociaci\u00f3n civil Animate implement\u00f3 una <strong>acci\u00f3n solidaria<\/strong> ante las bajas temperaturas en Olavarr\u00eda. <strong>\u201cTomate un caf\u00e9 con una porci\u00f3n de torta, es sin cargo, un granito de arena que queremos aportar\u201d,<\/strong> indicaron por redes sociales.<\/p>\n\n\n\n<p><\/p>\n\n\n\n<p><strong>Liliana Cuenca, una de las referentes de la agrupaci\u00f3n<\/strong> que brinda acompa\u00f1amiento a v\u00edctimas de abuso sexual, habl\u00f3 con <em>Central de Noticias <\/em>y cont\u00f3 que \u201cla idea surgi\u00f3 porque <strong>desde que comenzaron los d\u00edas fr\u00edos se empez\u00f3 a acercar gente en busca de ropa de abrigo<\/strong>\u201d.<\/p>\n\n\n\n<p><\/p>\n\n\n\n<p>\u201c<strong>Es una manera de poder aportar algo desde nuestra asociaci\u00f3n<\/strong> para que las personas que pasen puedan tomar un caf\u00e9 calentito y comer algo, en esta \u00e9poca donde la situaci\u00f3n econ\u00f3mica est\u00e1 m\u00e1s dif\u00edcil que nunca\u201d, agreg\u00f3 Liliana Cuenca.<\/p>\n\n\n\n<p><\/p>\n\n\n\n<p>Asimismo, resalt\u00f3 que \u201c<strong>lo llevamos adelante a pulm\u00f3n, <\/strong>con lo recaudado de la feria de ropa que tenemos compramos los insumos, aunque muchas veces sacamos dinero de nuestro bolsillo tambi\u00e9n\u201d.<\/p>\n\n\n\n<p><\/p>\n\n\n\n<blockquote class=\"wp-block-quote is-layout-flow wp-block-quote-is-layout-flow\">\n<p>La asociaci\u00f3n funciona en avenida Del Valle 1579 los lunes, martes, jueves y viernes de 9:30 a 13:00 y los mi\u00e9rcoles de 8:30 a 17:30.<\/p>\n<\/blockquote>\n\n\n\n<p><\/p>\n\n\n\n<p>Cuenca explic\u00f3 que <strong>la asociaci\u00f3n cuenta con un \u201croperito\u201d <\/strong>porque venden prendas para recaudar fondos. \u201c<strong>Le damos a la gente que as\u00ed lo solicita, algunos se acercan por eso en espec\u00edfico, pero tambi\u00e9n atendemos casos de abuso sexual donde tambi\u00e9n necesitan ropa y alimentos. <\/strong>Vamos donando a medida que a nosotros nos llegan las donaciones\u201d.<\/p>\n\n\n\n<p><\/p>\n\n\n\n<p>En ese sentido, se\u00f1al\u00f3 que<strong> las personas interesadas en colaborar pueden hacerlo con alimentos y ropa <\/strong>para vender en la feria y para donar a quienes necesiten abrigo.<\/p>\n","protected":false},"excerpt":{"rendered":"<p>La asociaci\u00f3n civil lleva adelante la iniciativa a ra\u00edz de la gran cantidad de personas que se acercan en busca<\/p>\n","protected":false},"author":2,"featured_media":116699,"comment_status":"closed","ping_status":"closed","sticky":false,"template":"","format":"standard","meta":{"_jetpack_memberships_contains_paid_content":false,"footnotes":""},"categories":[5,1],"tags":[],"class_list":["post-116698","post","type-post","status-publish","format-standard","has-post-thumbnail","hentry","category-informacion-general","category-portada"],"jetpack_featured_media_url":"https:\/\/i0.wp.com\/cdnoticias.com\/wp-content\/uploads\/2024\/05\/animate-solidaria.jpg?fit=800%2C445&ssl=1","jetpack_sharing_enabled":true,"_links":{"self":[{"href":"https:\/\/cdnoticias.com\/index.php\/wp-json\/wp\/v2\/posts\/116698","targetHints":{"allow":["GET"]}}],"collection":[{"href":"https:\/\/cdnoticias.com\/index.php\/wp-json\/wp\/v2\/posts"}],"about":[{"href":"https:\/\/cdnoticias.com\/index.php\/wp-json\/wp\/v2\/types\/post"}],"author":[{"embeddable":true,"href":"https:\/\/cdnoticias.com\/index.php\/wp-json\/wp\/v2\/users\/2"}],"replies":[{"embeddable":true,"href":"https:\/\/cdnoticias.com\/index.php\/wp-json\/wp\/v2\/comments?post=116698"}],"version-history":[{"count":0,"href":"https:\/\/cdnoticias.com\/index.php\/wp-json\/wp\/v2\/posts\/116698\/revisions"}],"wp:featuredmedia":[{"embeddable":true,"href":"https:\/\/cdnoticias.com\/index.php\/wp-json\/wp\/v2\/media\/116699"}],"wp:attachment":[{"href":"https:\/\/cdnoticias.com\/index.php\/wp-json\/wp\/v2\/media?parent=116698"}],"wp:term":[{"taxonomy":"category","embeddable":true,"href":"https:\/\/cdnoticias.com\/index.php\/wp-json\/wp\/v2\/categories?post=116698"},{"taxonomy":"post_tag","embeddable":true,"href":"https:\/\/cdnoticias.com\/index.php\/wp-json\/wp\/v2\/tags?post=116698"}],"curies":[{"name":"wp","href":"https:\/\/api.w.org\/{rel}","templated":true}]}}