{"id":116672,"date":"2024-05-21T20:17:33","date_gmt":"2024-05-21T23:17:33","guid":{"rendered":"https:\/\/cdnoticias.com\/?p=116672"},"modified":"2024-05-22T09:08:21","modified_gmt":"2024-05-22T12:08:21","slug":"talleres-protegidos-endere-solicito-que-se-incrementen-los-valores-de-las-becas","status":"publish","type":"post","link":"https:\/\/cdnoticias.com\/index.php\/2024\/05\/21\/talleres-protegidos-endere-solicito-que-se-incrementen-los-valores-de-las-becas\/","title":{"rendered":"Talleres Protegidos: Endere solicit\u00f3 que se incrementen los valores de las becas"},"content":{"rendered":"\n<p>El diputado olavarriense visit\u00f3 este martes la sede de &#8220;Crecer Juntos&#8221; \u00a0y mantuvo una reuni\u00f3n con la directora del espacio, Rosana Donegana, donde explic\u00f3 el pedido al ejecutivo provincial.<\/p>\n\n\n\n<hr class=\"wp-block-separator aligncenter has-alpha-channel-opacity\"\/>\n\n\n\n<p>El <strong>diputado Provincial Mart\u00edn Endere solicit\u00f3,<\/strong> a trav\u00e9s del Expediente D1580 24-25, <strong>al gobierno provincial, que incremente de forma inmediata los valores de las becas de Taller Protegido para Personas con Discapacidad<\/strong> que alcanzan a m\u00e1s de cinco mil destinatarios y del Peculio de Talleres Protegidos.<\/p>\n\n\n\n<p><\/p>\n\n\n\n<p>&#8220;La solicitud de incremento de los montos al gobierno provincial surgi\u00f3 tras la visita que realizamos d\u00edas atr\u00e1s con la concejal de Juntos Guillermina Amespil al Taller &#8220;Crecer Juntos&#8221; de Olavarr\u00eda&#8221;, indic\u00f3 Endere.<\/p>\n\n\n\n<p><\/p>\n\n\n\n<p>En este sentido, el legislador visit\u00f3 nuevamente la sede de &#8220;Crecer Juntos&#8221; \u00a0y mantuvo una reuni\u00f3n con la directora del espacio, <strong>Rosana Donegana,<\/strong> en la que le explic\u00f3 el pedido al ejecutivo provincial.<\/p>\n\n\n\n<p><\/p>\n\n\n\n<blockquote class=\"wp-block-quote is-layout-flow wp-block-quote-is-layout-flow\">\n<p>&#8220;Es una gran trabajo el que realizan los talleres protegidos y es importante visibilizar su tarea cotidiana. En ese sentido el pedido se fundamenta en la necesidad de poder garantizar, a trav\u00e9s del sistema de becas y Peculio, un mejor bienestar para las personas con Discapacidad en el actual escenario de la crisis econ\u00f3mica y social que atraviesa la Provincia, como as\u00ed tambi\u00e9n, el alza de los precios en los \u00faltimos meses de 2023 y el primer trimestre de 2024&#8221;, explic\u00f3 el diputado.<\/p>\n<\/blockquote>\n\n\n\n<p><\/p>\n\n\n\n<p>&#8220;Es prioritario que el Poder Ejecutivo bonaerense profundice a\u00fan m\u00e1s los esfuerzos para fortalecer los programas sociales para Personas con Discapacidad mediante la asignaci\u00f3n de mayores recursos\u201d sostuvo.<\/p>\n\n\n\n<p><\/p>\n\n\n\n<p>\u201c<strong>Adem\u00e1s el proyecto solicita la actualizaci\u00f3n mensual de sus valores, indexado a las variaciones del \u00edndice de precios al consumidor publicado por el INDEC<\/strong>&#8220;, agreg\u00f3 Endere.<\/p>\n\n\n\n<p><\/p>\n\n\n\n<p>&#8220;<em>As\u00ed como Rosana y Crecer Juntos hay cientos de espacios en toda la provincia de Buenos Aires que necesitan del apoyo de los ejecutivos provinciales y locales para que puedan seguir brindando herramientas de contenci\u00f3n e inclusi\u00f3n&#8221;<\/em> cerr\u00f3 el diputado.<\/p>\n\n\n\n<p><\/p>\n\n\n\n<p class=\"has-medium-font-size\"><strong>Crecer Juntos<\/strong><\/p>\n\n\n\n<p>Crecer Juntos es una ONG de car\u00e1cter laboral. Inaugurado el 22 de julio de 1997, este espacio tiene como objetivo principal la capacitaci\u00f3n y asistencia a personas con discapacidades mentales y\/o motoras no incluidas dentro del trabajo e instituciones de la comunidad en general, para que logren una mayor autonom\u00eda y calidad de vida.<\/p>\n\n\n\n<p><\/p>\n\n\n\n<p>Asisten al taller adultos entre 18 y 65 a\u00f1os que se desempe\u00f1an en talleres de oficio, como costura y confecci\u00f3n, panificado, carpinter\u00eda, bolsas y artesan\u00edas. La producci\u00f3n es puesta a la venta a la comunidad. Se cuenta tambi\u00e9n con diversos talleres, como educaci\u00f3n f\u00edsica y m\u00fasica.<\/p>\n","protected":false},"excerpt":{"rendered":"<p>El diputado olavarriense visit\u00f3 este martes la sede de &#8220;Crecer Juntos&#8221; \u00a0y mantuvo una reuni\u00f3n con la directora del espacio,<\/p>\n","protected":false},"author":6,"featured_media":116673,"comment_status":"closed","ping_status":"closed","sticky":false,"template":"","format":"standard","meta":{"_jetpack_memberships_contains_paid_content":false,"footnotes":""},"categories":[4,1],"tags":[],"class_list":["post-116672","post","type-post","status-publish","format-standard","has-post-thumbnail","hentry","category-politica","category-portada"],"jetpack_featured_media_url":"https:\/\/i0.wp.com\/cdnoticias.com\/wp-content\/uploads\/2024\/05\/endere-talleres-protegidos.png?fit=915%2C517&ssl=1","jetpack_sharing_enabled":true,"_links":{"self":[{"href":"https:\/\/cdnoticias.com\/index.php\/wp-json\/wp\/v2\/posts\/116672","targetHints":{"allow":["GET"]}}],"collection":[{"href":"https:\/\/cdnoticias.com\/index.php\/wp-json\/wp\/v2\/posts"}],"about":[{"href":"https:\/\/cdnoticias.com\/index.php\/wp-json\/wp\/v2\/types\/post"}],"author":[{"embeddable":true,"href":"https:\/\/cdnoticias.com\/index.php\/wp-json\/wp\/v2\/users\/6"}],"replies":[{"embeddable":true,"href":"https:\/\/cdnoticias.com\/index.php\/wp-json\/wp\/v2\/comments?post=116672"}],"version-history":[{"count":0,"href":"https:\/\/cdnoticias.com\/index.php\/wp-json\/wp\/v2\/posts\/116672\/revisions"}],"wp:featuredmedia":[{"embeddable":true,"href":"https:\/\/cdnoticias.com\/index.php\/wp-json\/wp\/v2\/media\/116673"}],"wp:attachment":[{"href":"https:\/\/cdnoticias.com\/index.php\/wp-json\/wp\/v2\/media?parent=116672"}],"wp:term":[{"taxonomy":"category","embeddable":true,"href":"https:\/\/cdnoticias.com\/index.php\/wp-json\/wp\/v2\/categories?post=116672"},{"taxonomy":"post_tag","embeddable":true,"href":"https:\/\/cdnoticias.com\/index.php\/wp-json\/wp\/v2\/tags?post=116672"}],"curies":[{"name":"wp","href":"https:\/\/api.w.org\/{rel}","templated":true}]}}