{"id":116661,"date":"2024-05-21T18:18:10","date_gmt":"2024-05-21T21:18:10","guid":{"rendered":"https:\/\/cdnoticias.com\/?p=116661"},"modified":"2024-05-22T08:35:06","modified_gmt":"2024-05-22T11:35:06","slug":"integrantes-de-la-unicen-en-olavarria-entregaron-un-petitorio-en-el-hcd","status":"publish","type":"post","link":"https:\/\/cdnoticias.com\/index.php\/2024\/05\/21\/integrantes-de-la-unicen-en-olavarria-entregaron-un-petitorio-en-el-hcd\/","title":{"rendered":"Integrantes de la Unicen en Olavarr\u00eda entregaron un petitorio en el HCD"},"content":{"rendered":"\n<p>Fue realizado por un grupo de docentes, no docentes y estudiantes de las distintas facultades de la sede local. Buscan reunirse con los concejales para \u201cpropiciar el tratamiento de la grave situaci\u00f3n presupuestaria\u201d que atraviesa la universidad. Habr\u00e1 movilizaci\u00f3n el mi\u00e9rcoles.<\/p>\n\n\n\n<hr class=\"wp-block-separator aligncenter has-alpha-channel-opacity\"\/>\n\n\n\n<p>Este martes, <strong>integrantes del grupo interclaustro de las facultades locales de la Unicen entregaron un petitorio en el HCD para reunirse con los concejales y charlar sobre \u201cla grave situaci\u00f3n presupuestaria\u201d de la universidad.<\/strong><\/p>\n\n\n\n<p>Fue un<strong> grupo de docentes, no docentes y estudiantes de las distintas facultades de Olavarr\u00eda,<\/strong> pertenecientes a la Unicen, donde entregaron por mesa de entrada una carta al presidente del HCD.<\/p>\n\n\n\n<figure class=\"wp-block-image size-large\"><img data-recalc-dims=\"1\" loading=\"lazy\" decoding=\"async\" width=\"800\" height=\"445\" src=\"https:\/\/i0.wp.com\/cdnoticias.com\/wp-content\/uploads\/2024\/05\/petitorio-unicen-hcd1.jpg?resize=800%2C445&#038;ssl=1\" alt=\"\" class=\"wp-image-116663\" srcset=\"https:\/\/i0.wp.com\/cdnoticias.com\/wp-content\/uploads\/2024\/05\/petitorio-unicen-hcd1.jpg?resize=1024%2C570&amp;ssl=1 1024w, https:\/\/i0.wp.com\/cdnoticias.com\/wp-content\/uploads\/2024\/05\/petitorio-unicen-hcd1.jpg?resize=300%2C167&amp;ssl=1 300w, https:\/\/i0.wp.com\/cdnoticias.com\/wp-content\/uploads\/2024\/05\/petitorio-unicen-hcd1.jpg?resize=768%2C427&amp;ssl=1 768w, https:\/\/i0.wp.com\/cdnoticias.com\/wp-content\/uploads\/2024\/05\/petitorio-unicen-hcd1.jpg?resize=1536%2C854&amp;ssl=1 1536w, https:\/\/i0.wp.com\/cdnoticias.com\/wp-content\/uploads\/2024\/05\/petitorio-unicen-hcd1.jpg?resize=800%2C445&amp;ssl=1 800w, https:\/\/i0.wp.com\/cdnoticias.com\/wp-content\/uploads\/2024\/05\/petitorio-unicen-hcd1.jpg?w=1600&amp;ssl=1 1600w\" sizes=\"auto, (max-width: 800px) 100vw, 800px\" \/><\/figure>\n\n\n\n<p>La idea, seg\u00fan se inform\u00f3, es <strong>contar con un encuentro con los concejales olavarrienses para<em> \u201cpropiciar el tratamiento de la grave situaci\u00f3n presupuestaria que atraviesa la Universidad Nacional del Centro de la Provincia de Buenos Aires, producto del desfinanciamiento del gobierno nacional\u201d.<\/em><\/strong><\/p>\n\n\n\n<p class=\"has-large-font-size\">Otras actividades en reclamo por la Universidad P\u00fablica<\/p>\n\n\n\n<figure class=\"wp-block-image size-large\"><img data-recalc-dims=\"1\" loading=\"lazy\" decoding=\"async\" width=\"800\" height=\"445\" src=\"https:\/\/i0.wp.com\/cdnoticias.com\/wp-content\/uploads\/2024\/05\/petitorio-unicen-hcd3.jpg?resize=800%2C445&#038;ssl=1\" alt=\"\" class=\"wp-image-116665\" srcset=\"https:\/\/i0.wp.com\/cdnoticias.com\/wp-content\/uploads\/2024\/05\/petitorio-unicen-hcd3.jpg?resize=1024%2C570&amp;ssl=1 1024w, https:\/\/i0.wp.com\/cdnoticias.com\/wp-content\/uploads\/2024\/05\/petitorio-unicen-hcd3.jpg?resize=300%2C167&amp;ssl=1 300w, https:\/\/i0.wp.com\/cdnoticias.com\/wp-content\/uploads\/2024\/05\/petitorio-unicen-hcd3.jpg?resize=768%2C427&amp;ssl=1 768w, https:\/\/i0.wp.com\/cdnoticias.com\/wp-content\/uploads\/2024\/05\/petitorio-unicen-hcd3.jpg?resize=1536%2C854&amp;ssl=1 1536w, https:\/\/i0.wp.com\/cdnoticias.com\/wp-content\/uploads\/2024\/05\/petitorio-unicen-hcd3.jpg?resize=800%2C445&amp;ssl=1 800w, https:\/\/i0.wp.com\/cdnoticias.com\/wp-content\/uploads\/2024\/05\/petitorio-unicen-hcd3.jpg?w=1600&amp;ssl=1 1600w\" sizes=\"auto, (max-width: 800px) 100vw, 800px\" \/><\/figure>\n\n\n\n<p>Este mi\u00e9rcoles, y a tono con las actividades que se llevar\u00e1n a cabo en todo el pa\u00eds,<strong> en Olavarr\u00eda habr\u00e1 una tercera marcha en reclamo del presupuesto universitario. Las mismas se enmarcan en la Jornada de Protesta resuelta por el Frente Sindical de Universidades Nacionales y el FAB.<\/strong><\/p>\n\n\n\n<p>En nuestra ciudad, las actividades ser\u00e1n:<\/p>\n\n\n\n<p>Desde las 17:00 horas.<strong> Concentraci\u00f3n en el Paseo Jes\u00fas Mend\u00eda;<\/strong><\/p>\n\n\n\n<p>Aproximadamente a las 17:30 horas. <strong>Marcha en defensa de la UNICEN<\/strong><\/p>\n\n\n\n<p>18 horas. <strong>Izado de la Bandera de la UNICEN en la Plaza Central y encendido de antorchas.<\/strong><\/p>\n\n\n\n<p>En tanto <strong>el d\u00eda jueves 23 se ha decretado paro total de actividades sin concurrencia a los lugares de trabajo.<\/strong><\/p>\n\n\n\n<p>Se informa adem\u00e1s que en la tarde el lunes se reuni\u00f3 la paritaria convocada por el Ministerio de Capital Humano, con representaci\u00f3n de la Secretaria de Trabajo y la Sub secretar\u00eda de Pol\u00edticas Universitarias.<strong> El ofrecimiento consisti\u00f3 en un 9% de incremento para el mes de mayo. La propuesta fue rechazada por el conjunto de las representaciones por considerarla insuficiente.<\/strong><\/p>\n\n\n\n<p><strong>El Gobierno Nacional propuso un cuarto intermedio para el d\u00eda martes 28 de mayo.<\/strong><\/p>\n","protected":false},"excerpt":{"rendered":"<p>Fue realizado por un grupo de docentes, no docentes y estudiantes de las distintas facultades de la sede local. Buscan<\/p>\n","protected":false},"author":2,"featured_media":116662,"comment_status":"closed","ping_status":"closed","sticky":false,"template":"","format":"standard","meta":{"_jetpack_memberships_contains_paid_content":false,"footnotes":""},"categories":[5,1],"tags":[],"class_list":["post-116661","post","type-post","status-publish","format-standard","has-post-thumbnail","hentry","category-informacion-general","category-portada"],"jetpack_featured_media_url":"https:\/\/i0.wp.com\/cdnoticias.com\/wp-content\/uploads\/2024\/05\/petitorio-unicen-hcd.jpg?fit=1600%2C890&ssl=1","jetpack_sharing_enabled":true,"_links":{"self":[{"href":"https:\/\/cdnoticias.com\/index.php\/wp-json\/wp\/v2\/posts\/116661","targetHints":{"allow":["GET"]}}],"collection":[{"href":"https:\/\/cdnoticias.com\/index.php\/wp-json\/wp\/v2\/posts"}],"about":[{"href":"https:\/\/cdnoticias.com\/index.php\/wp-json\/wp\/v2\/types\/post"}],"author":[{"embeddable":true,"href":"https:\/\/cdnoticias.com\/index.php\/wp-json\/wp\/v2\/users\/2"}],"replies":[{"embeddable":true,"href":"https:\/\/cdnoticias.com\/index.php\/wp-json\/wp\/v2\/comments?post=116661"}],"version-history":[{"count":0,"href":"https:\/\/cdnoticias.com\/index.php\/wp-json\/wp\/v2\/posts\/116661\/revisions"}],"wp:featuredmedia":[{"embeddable":true,"href":"https:\/\/cdnoticias.com\/index.php\/wp-json\/wp\/v2\/media\/116662"}],"wp:attachment":[{"href":"https:\/\/cdnoticias.com\/index.php\/wp-json\/wp\/v2\/media?parent=116661"}],"wp:term":[{"taxonomy":"category","embeddable":true,"href":"https:\/\/cdnoticias.com\/index.php\/wp-json\/wp\/v2\/categories?post=116661"},{"taxonomy":"post_tag","embeddable":true,"href":"https:\/\/cdnoticias.com\/index.php\/wp-json\/wp\/v2\/tags?post=116661"}],"curies":[{"name":"wp","href":"https:\/\/api.w.org\/{rel}","templated":true}]}}