{"id":116623,"date":"2024-05-21T18:58:32","date_gmt":"2024-05-21T21:58:32","guid":{"rendered":"https:\/\/cdnoticias.com\/?p=116623"},"modified":"2024-05-21T18:58:34","modified_gmt":"2024-05-21T21:58:34","slug":"el-gobierno-anuncio-que-llego-a-un-acuerdo-con-todas-las-universidades-nacionales","status":"publish","type":"post","link":"https:\/\/cdnoticias.com\/index.php\/2024\/05\/21\/el-gobierno-anuncio-que-llego-a-un-acuerdo-con-todas-las-universidades-nacionales\/","title":{"rendered":"El Gobierno anunci\u00f3 que lleg\u00f3 a un acuerdo con todas las universidades nacionales"},"content":{"rendered":"<p>Se trata de un ajuste de 270% para gastos de funcionamiento. La semana pasada hab\u00edan alcanzado un acuerdo con la Universidad de Buenos Aires.<!--more--><\/p>\n<hr \/>\n<p>El Gobierno anunci\u00f3 este martes que lleg\u00f3 a un <strong>acuerdo con los rectores de todas las universidades p\u00fablicas nacionales<\/strong> para<strong> aumentar el presupuesto de gastos de funcionamiento<\/strong>, con lo que se destrabar\u00eda el conflicto que lleva varios meses.<\/p>\n<p>Al comienzo de su rueda de prensa en la Casa Rosada, <strong>el vocero presidencial Manuel Adorni anunci\u00f3 un acuerdo con el Consejo Interuniversitario Nacional (CIN)<\/strong> <em>\u201cpara recursos en t\u00e9rminos de gastos de funcionamiento que son los necesarios\u201d<\/em>.<\/p>\n<blockquote><p>\u201cCon este ajuste la idea es que finalmente terminemos con el desacuerdo en t\u00e9rminos presupuestarios\u201d, enfatiz\u00f3 el vocero, quien sostuvo que \u201cse acord\u00f3 que el ajuste en gastos de funcionamiento sea en torno al 270%\u201d.<\/p><\/blockquote>\n<p>Adorni tambi\u00e9n precis\u00f3 que \u201cde no mediar ninguna complicaci\u00f3n\u201d, el incremento presupuestario<strong> \u201cse va a estar firmando a partir del d\u00eda lunes\u201d.<\/strong><\/p>\n<p><em>\u201cEsto era un reclamo de la CIN como de sectores pol\u00edticos. Entendemos que es una muy buena noticia\u201d<\/em>, a\u00f1adi\u00f3 el portavoz presidencial.<\/p>\n<p>De esta manera, <strong>el Gobierno busca ponerle fin al conflicto con los universitarios<\/strong> que incluy\u00f3<a href=\"https:\/\/cdnoticias.com\/index.php\/2024\/04\/23\/historica-y-masiva-movilizacion-en-defensa-de-la-universidad-publica-en-olavarria\/\" target=\"_blank\" rel=\"noopener\"> una movilizaci\u00f3n masiva<\/a>, un acuerdo con la Universidad de Buenos Aires (UBA) y que esta semana ten\u00eda en agenda una jornada nacional de protesta y <a href=\"https:\/\/cdnoticias.com\/index.php\/2024\/05\/20\/paro-universitario-habra-una-jornada-nacional-de-protesta-y-cese-de-actividades\/\" target=\"_blank\" rel=\"noopener\">un paro nacional universitario para el jueves<\/a>.<\/p>\n<p>Fuente:<em> Agencia DIB<\/em><\/p>\n<blockquote class=\"wp-embedded-content\" data-secret=\"BYKfBsJDHD\"><p><a href=\"https:\/\/cdnoticias.com\/index.php\/2024\/05\/16\/financiamiento-de-universidades-unicen-adhirio-al-pedido-de-tratamiento-igualitario\/\">Financiamiento de universidades: Unic\u00e9n adhiri\u00f3 al pedido de \u201ctratamiento igualitario\u201d<\/a><\/p><\/blockquote>\n<p><iframe loading=\"lazy\" class=\"wp-embedded-content\" sandbox=\"allow-scripts\" security=\"restricted\" style=\"position: absolute; clip: rect(1px, 1px, 1px, 1px);\" title=\"&#8220;Financiamiento de universidades: Unic\u00e9n adhiri\u00f3 al pedido de \u201ctratamiento igualitario\u201d&#8221; &#8212; Central de Noticias | Olavarr\u00eda\" src=\"https:\/\/cdnoticias.com\/index.php\/2024\/05\/16\/financiamiento-de-universidades-unicen-adhirio-al-pedido-de-tratamiento-igualitario\/embed\/#?secret=ouvEsXKB2k#?secret=BYKfBsJDHD\" data-secret=\"BYKfBsJDHD\" width=\"600\" height=\"338\" frameborder=\"0\" marginwidth=\"0\" marginheight=\"0\" scrolling=\"no\"><\/iframe><\/p>\n","protected":false},"excerpt":{"rendered":"<p>Se trata de un ajuste de 270% para gastos de funcionamiento. La semana pasada hab\u00edan alcanzado un acuerdo con la<\/p>\n","protected":false},"author":4,"featured_media":5846,"comment_status":"closed","ping_status":"closed","sticky":false,"template":"","format":"standard","meta":{"_jetpack_memberships_contains_paid_content":false,"footnotes":""},"categories":[6,1],"tags":[],"class_list":["post-116623","post","type-post","status-publish","format-standard","has-post-thumbnail","hentry","category-nacionales","category-portada"],"jetpack_featured_media_url":"https:\/\/i0.wp.com\/cdnoticias.com\/wp-content\/uploads\/2020\/11\/rectorado-unicen.jpg?fit=640%2C425&ssl=1","jetpack_sharing_enabled":true,"_links":{"self":[{"href":"https:\/\/cdnoticias.com\/index.php\/wp-json\/wp\/v2\/posts\/116623","targetHints":{"allow":["GET"]}}],"collection":[{"href":"https:\/\/cdnoticias.com\/index.php\/wp-json\/wp\/v2\/posts"}],"about":[{"href":"https:\/\/cdnoticias.com\/index.php\/wp-json\/wp\/v2\/types\/post"}],"author":[{"embeddable":true,"href":"https:\/\/cdnoticias.com\/index.php\/wp-json\/wp\/v2\/users\/4"}],"replies":[{"embeddable":true,"href":"https:\/\/cdnoticias.com\/index.php\/wp-json\/wp\/v2\/comments?post=116623"}],"version-history":[{"count":0,"href":"https:\/\/cdnoticias.com\/index.php\/wp-json\/wp\/v2\/posts\/116623\/revisions"}],"wp:featuredmedia":[{"embeddable":true,"href":"https:\/\/cdnoticias.com\/index.php\/wp-json\/wp\/v2\/media\/5846"}],"wp:attachment":[{"href":"https:\/\/cdnoticias.com\/index.php\/wp-json\/wp\/v2\/media?parent=116623"}],"wp:term":[{"taxonomy":"category","embeddable":true,"href":"https:\/\/cdnoticias.com\/index.php\/wp-json\/wp\/v2\/categories?post=116623"},{"taxonomy":"post_tag","embeddable":true,"href":"https:\/\/cdnoticias.com\/index.php\/wp-json\/wp\/v2\/tags?post=116623"}],"curies":[{"name":"wp","href":"https:\/\/api.w.org\/{rel}","templated":true}]}}