{"id":116612,"date":"2024-05-21T10:39:11","date_gmt":"2024-05-21T13:39:11","guid":{"rendered":"https:\/\/cdnoticias.com\/?p=116612"},"modified":"2024-05-21T14:14:09","modified_gmt":"2024-05-21T17:14:09","slug":"fue-condenado-a-diez-anos-de-prision-por-abusar-de-una-nina-y-lo-detuvieron","status":"publish","type":"post","link":"https:\/\/cdnoticias.com\/index.php\/2024\/05\/21\/fue-condenado-a-diez-anos-de-prision-por-abusar-de-una-nina-y-lo-detuvieron\/","title":{"rendered":"Fue condenado a diez a\u00f1os de prisi\u00f3n por abusar de una ni\u00f1a y lo detuvieron"},"content":{"rendered":"<p>El acusado es olavarriense y fue arrestado en Azul, donde actualmente tiene domicilio. Hab\u00eda sido declarado \u201cculpable\u201d por un jurado popular por un hecho de abuso cometido en 2019 en nuestra ciudad contra una menor de 12 a\u00f1os.<!--more--><\/p>\n<hr \/>\n<p><strong>Un jurado popular declar\u00f3 \u201cculpable\u201d<\/strong> a un hombre por <strong>abuso sexual<\/strong> contra <strong>una ni\u00f1a de 12 a\u00f1os<\/strong> cometido <strong>en 2019 en Olavarr\u00eda<\/strong>. El hombre condenado, que ahora tiene domicilio en Azul, <strong>qued\u00f3 detenido<\/strong> en esa ciudad.<\/p>\n<blockquote><p>Fuentes judiciales y policiales lo identificaron como Joaqu\u00edn Moreira a quien se le impuso la condena de 10 a\u00f1os de prisi\u00f3n desde el Tribunal Oral N\u00ba 2.<\/p><\/blockquote>\n<p><strong>La pena para el encausado hab\u00eda sido anunciada este lunes<\/strong> en el Palacio de Justicia de Azul. Instantes m\u00e1s tarde<strong> agentes del Comando de Patrullas<\/strong> de la vecina localidad hicieron efectiva la <strong>detenci\u00f3n<\/strong>.<\/p>\n<p>De ocupaci\u00f3n<strong> trabajador metal\u00fargico<\/strong>, actualmente tiene <strong>63 a\u00f1os<\/strong> de edad y transitoriamente permanece en la sede de la Seccional Primera de Azul, a la espera de que se consiga un cupo para que sea llevado a una c\u00e1rcel del Servicio Penitenciario Bonaerense.<\/p>\n<figure id=\"attachment_108248\" aria-describedby=\"caption-attachment-108248\" style=\"width: 948px\" class=\"wp-caption aligncenter\"><img data-recalc-dims=\"1\" loading=\"lazy\" decoding=\"async\" class=\"wp-image-108248 size-full\" src=\"https:\/\/i0.wp.com\/cdnoticias.com\/wp-content\/uploads\/2024\/02\/diario-el-tiempo-tribunal-oral-2.jpeg?resize=800%2C450&#038;ssl=1\" alt=\"\" width=\"800\" height=\"450\" srcset=\"https:\/\/i0.wp.com\/cdnoticias.com\/wp-content\/uploads\/2024\/02\/diario-el-tiempo-tribunal-oral-2.jpeg?w=948&amp;ssl=1 948w, https:\/\/i0.wp.com\/cdnoticias.com\/wp-content\/uploads\/2024\/02\/diario-el-tiempo-tribunal-oral-2.jpeg?resize=300%2C169&amp;ssl=1 300w, https:\/\/i0.wp.com\/cdnoticias.com\/wp-content\/uploads\/2024\/02\/diario-el-tiempo-tribunal-oral-2.jpeg?resize=768%2C432&amp;ssl=1 768w\" sizes=\"auto, (max-width: 800px) 100vw, 800px\" \/><figcaption id=\"caption-attachment-108248\" class=\"wp-caption-text\">En el Tribunal Oral N\u00ba 2 se llev\u00f3 a cabo el juicio por jurados contra Moreira.<\/figcaption><\/figure>\n<h3><\/h3>\n<h3>&#8220;Culpable&#8221;<\/h3>\n<p>Un juicio con jurados que desde semanas atr\u00e1s ven\u00eda realiz\u00e1ndose en los tribunales de Azul se tradujo en la imposici\u00f3n del veredicto condenatorio para Moreira. Tambi\u00e9n, en que la Jueza que intervino en ese debate ordenara su &#8220;inmediata detenci\u00f3n&#8221;.<\/p>\n<p><strong>El imputado hab\u00eda llegado en libertad a ese proceso,<\/strong> que se desarroll\u00f3 desde el Tribunal Oral en lo Criminal n\u00famero 2 y cont\u00f3 con la participaci\u00f3n de la magistrada Alejandra Raverta.<\/p>\n<p>Sobre la base de lo que concluyera el jurado de civiles el pasado 7 de mayo, d\u00eda en que se anunci\u00f3 este veredicto de culpabilidad, el hombre que ahora est\u00e1 preso <strong>fue declarado autor del delito de &#8220;abuso sexual gravemente ultrajante, agravado por ser cometido por una persona encargada de la guarda y contra una menor de 18 a\u00f1os aprovechando la situaci\u00f3n de convivencia preexistente con la misma&#8221;<\/strong>.<\/p>\n<p>En representaci\u00f3n del Ministerio P\u00fablico Fiscal intervino en el debate la titular de la UFI N\u00ba 4 de Olavarr\u00eda, Paula Serrano. <strong>La hip\u00f3tesis de la acusaci\u00f3n fue avalada en todos sus t\u00e9rminos<\/strong> por los integrantes del jurado, quienes <strong>hab\u00edan declarado por unanimidad -a trav\u00e9s de los doce votos afirmativos de sus integrantes- &#8220;culpable&#8221; a Moreira<\/strong>.<\/p>\n<p>En lo resuelto se se\u00f1ala que <strong>el hombre cometi\u00f3 ese hecho el 1 de junio de 2019<\/strong> en perjuicio de una menor que ten\u00eda 12 a\u00f1os de edad en aquel entonces.<\/p>\n<p>En Olavarr\u00eda, una casa se convirti\u00f3 en escenario del delito donde el encausado someti\u00f3 a la v\u00edctima en una habitaci\u00f3n de ese inmueble<strong> &#8220;aprovechando la convivencia preexistente&#8221;<\/strong> con ella y que en aquel entonces era el &#8220;encargado&#8221; de su guarda.<\/p>\n<blockquote><p>Teniendo en cuenta lo concluido por el jurado, la conducta desarrollada fue considerada como &#8220;un sometimiento gravemente ultrajante para la v\u00edctima&#8221;.<\/p><\/blockquote>\n<p>Fuente: <em>Diario El Tiempo<\/em><\/p>\n","protected":false},"excerpt":{"rendered":"<p>El acusado es olavarriense y fue arrestado en Azul, donde actualmente tiene domicilio. Hab\u00eda sido declarado \u201cculpable\u201d por un jurado<\/p>\n","protected":false},"author":4,"featured_media":116613,"comment_status":"closed","ping_status":"closed","sticky":false,"template":"","format":"standard","meta":{"_jetpack_memberships_contains_paid_content":false,"footnotes":""},"categories":[14,1],"tags":[],"class_list":["post-116612","post","type-post","status-publish","format-standard","has-post-thumbnail","hentry","category-policiales","category-portada"],"jetpack_featured_media_url":"https:\/\/i0.wp.com\/cdnoticias.com\/wp-content\/uploads\/2024\/05\/detenido-joaquin-moreira-diario-el-tiempo.jpeg?fit=948%2C533&ssl=1","jetpack_sharing_enabled":true,"_links":{"self":[{"href":"https:\/\/cdnoticias.com\/index.php\/wp-json\/wp\/v2\/posts\/116612","targetHints":{"allow":["GET"]}}],"collection":[{"href":"https:\/\/cdnoticias.com\/index.php\/wp-json\/wp\/v2\/posts"}],"about":[{"href":"https:\/\/cdnoticias.com\/index.php\/wp-json\/wp\/v2\/types\/post"}],"author":[{"embeddable":true,"href":"https:\/\/cdnoticias.com\/index.php\/wp-json\/wp\/v2\/users\/4"}],"replies":[{"embeddable":true,"href":"https:\/\/cdnoticias.com\/index.php\/wp-json\/wp\/v2\/comments?post=116612"}],"version-history":[{"count":0,"href":"https:\/\/cdnoticias.com\/index.php\/wp-json\/wp\/v2\/posts\/116612\/revisions"}],"wp:featuredmedia":[{"embeddable":true,"href":"https:\/\/cdnoticias.com\/index.php\/wp-json\/wp\/v2\/media\/116613"}],"wp:attachment":[{"href":"https:\/\/cdnoticias.com\/index.php\/wp-json\/wp\/v2\/media?parent=116612"}],"wp:term":[{"taxonomy":"category","embeddable":true,"href":"https:\/\/cdnoticias.com\/index.php\/wp-json\/wp\/v2\/categories?post=116612"},{"taxonomy":"post_tag","embeddable":true,"href":"https:\/\/cdnoticias.com\/index.php\/wp-json\/wp\/v2\/tags?post=116612"}],"curies":[{"name":"wp","href":"https:\/\/api.w.org\/{rel}","templated":true}]}}