{"id":11661,"date":"2021-01-18T08:55:54","date_gmt":"2021-01-18T11:55:54","guid":{"rendered":"http:\/\/www.centraldenoticias.com.ar\/?p=11661"},"modified":"2021-01-18T08:55:54","modified_gmt":"2021-01-18T11:55:54","slug":"desde-este-lunes-se-realiza-la-septima-etapa-del-rta","status":"publish","type":"post","link":"https:\/\/cdnoticias.com\/index.php\/2021\/01\/18\/desde-este-lunes-se-realiza-la-septima-etapa-del-rta\/","title":{"rendered":"Desde este lunes se realiza la s\u00e9ptima etapa del RTA"},"content":{"rendered":"<p>Durante esta semana, los testeos se realizan en el Hospital desde las 8. La semana pr\u00f3xima recorrer\u00e1 distintos puntos.<!--more--><\/p>\n<hr \/>\n<p>La Secretar\u00eda de Salud Municipal avanza con una <strong>nueva etapa del programa de testeos RTA<\/strong> para personas con s\u00edntomas de Covid.<\/p>\n<p><strong>Comienza este lunes y combinar\u00e1 actividad en el Hospital \u201cH\u00e9ctor Cura\u201d con el Paseo de la Salud, Loma Negra, Hinojo y Sierra Chica.<\/strong><\/p>\n<p>El programa convoca a las personas que presenten<strong> s\u00edntomas compatibles a la enfermedad<\/strong> como: tos, dolor de garganta, falta de olfato, falta de gusto, fiebre mayor a 37.5\u00b0, falta de aire y m\u00e1s de 48 horas de diarrea.<\/p>\n<p>El <strong>cronograma<\/strong> previsto para la s\u00e9ptima etapa se desarrollar\u00e1 de la siguiente manera:<\/p>\n<p>&#8211; <strong>Lunes 18 a s\u00e1bado 23 a las 8 horas en el m\u00f3dulo del Hospital Municipal<\/strong>.<\/p>\n<p>&#8211; Lunes 25 a las 9 horas en sala <strong>Loma Negra<\/strong>.<\/p>\n<p>&#8211; Martes 26 a las 9 horas en <strong>Paseo de la Salud<\/strong> (Belgrano y Brown).<\/p>\n<p>&#8211; Mi\u00e9rcoles 27 a las 9 horas en <strong>Club Hinojo<\/strong>.<\/p>\n<p>&#8211; Jueves 28 a las 9 horas en <strong>Paseo de la Salud<\/strong> (Belgrano y Brown).<\/p>\n<p>&#8211; Viernes 29 a las 9 horas en sala <strong>Sierra Chica<\/strong>.<\/p>\n<p>Adem\u00e1s se realizan los hisopados PCR en el Hospital Municipal todos los d\u00edas a las 7 de la ma\u00f1ana, \u201ccomo viene sucediendo desde la instalaci\u00f3n del Laboratorio de Biolog\u00eda Molecular en mayo del a\u00f1o pasado\u201d se indic\u00f3 desde la Municipalidad.<\/p>\n<p><strong>Bajar la positividad<\/strong><\/p>\n<p>D\u00edas pasados,<a href=\"https:\/\/cdnoticias.com\/index.php\/2021\/01\/14\/la-septima-etapa-del-rta-vuelve-a-recorrer-las-localidades\/\" target=\"_blank\" rel=\"noopener\"> el Municipio anunci\u00f3<\/a> que se realizar\u00e1 la s\u00e9ptima etapa del Programa RTA (Rastrear \u2013 Testear \u2013 Aislar) a partir del lunes.<\/p>\n<p>En esta oportunidad, <strong>volver\u00e1 a desplegar al personal de salud por las localidades como se concret\u00f3 en las etapas anteriores<\/strong>, excepto en la sexta -lanzada en el contexto de las fiestas de fin de a\u00f1o- que se concentr\u00f3 de manera casi exclusiva en la sede del Hospital Municipal.<\/p>\n<p>Se record\u00f3 que \u201cel RTA fue impulsado por la Secretar\u00eda de Salud del Municipio en el mes de octubre y <strong>resulta de suma importancia para la baja del porcentaje de positividad<\/strong> respecto a los contagios por Covid-19\u201d.<\/p>\n","protected":false},"excerpt":{"rendered":"<p>Durante esta semana, los testeos se realizan en el Hospital desde las 8. La semana pr\u00f3xima recorrer\u00e1 distintos puntos.<\/p>\n","protected":false},"author":4,"featured_media":6378,"comment_status":"closed","ping_status":"closed","sticky":false,"template":"","format":"standard","meta":{"_jetpack_memberships_contains_paid_content":false,"footnotes":""},"categories":[5,1],"tags":[],"class_list":["post-11661","post","type-post","status-publish","format-standard","has-post-thumbnail","hentry","category-informacion-general","category-portada"],"jetpack_featured_media_url":"https:\/\/i0.wp.com\/cdnoticias.com\/wp-content\/uploads\/2020\/11\/Salud-testeos-intensivos-Sierras-Bayas-1024x683.jpg?fit=1024%2C683&ssl=1","jetpack_sharing_enabled":true,"_links":{"self":[{"href":"https:\/\/cdnoticias.com\/index.php\/wp-json\/wp\/v2\/posts\/11661","targetHints":{"allow":["GET"]}}],"collection":[{"href":"https:\/\/cdnoticias.com\/index.php\/wp-json\/wp\/v2\/posts"}],"about":[{"href":"https:\/\/cdnoticias.com\/index.php\/wp-json\/wp\/v2\/types\/post"}],"author":[{"embeddable":true,"href":"https:\/\/cdnoticias.com\/index.php\/wp-json\/wp\/v2\/users\/4"}],"replies":[{"embeddable":true,"href":"https:\/\/cdnoticias.com\/index.php\/wp-json\/wp\/v2\/comments?post=11661"}],"version-history":[{"count":0,"href":"https:\/\/cdnoticias.com\/index.php\/wp-json\/wp\/v2\/posts\/11661\/revisions"}],"wp:featuredmedia":[{"embeddable":true,"href":"https:\/\/cdnoticias.com\/index.php\/wp-json\/wp\/v2\/media\/6378"}],"wp:attachment":[{"href":"https:\/\/cdnoticias.com\/index.php\/wp-json\/wp\/v2\/media?parent=11661"}],"wp:term":[{"taxonomy":"category","embeddable":true,"href":"https:\/\/cdnoticias.com\/index.php\/wp-json\/wp\/v2\/categories?post=11661"},{"taxonomy":"post_tag","embeddable":true,"href":"https:\/\/cdnoticias.com\/index.php\/wp-json\/wp\/v2\/tags?post=11661"}],"curies":[{"name":"wp","href":"https:\/\/api.w.org\/{rel}","templated":true}]}}