{"id":116523,"date":"2024-05-20T08:49:32","date_gmt":"2024-05-20T11:49:32","guid":{"rendered":"https:\/\/cdnoticias.com\/?p=116523"},"modified":"2024-05-20T10:22:25","modified_gmt":"2024-05-20T13:22:25","slug":"pronostican-un-final-de-otono-mas-frio-que-lo-habitual-en-distritos-bonaerenses","status":"publish","type":"post","link":"https:\/\/cdnoticias.com\/index.php\/2024\/05\/20\/pronostican-un-final-de-otono-mas-frio-que-lo-habitual-en-distritos-bonaerenses\/","title":{"rendered":"Pronostican un final de oto\u00f1o m\u00e1s fr\u00edo que lo habitual en distritos bonaerenses"},"content":{"rendered":"<p>Las heladas comenzaron a detectarse de forma temprana por lo que se transita una estaci\u00f3n con temperaturas m\u00e1s bajas a las esperadas.<!--more--><\/p>\n<hr \/>\n<p>Si bien en <strong>oto\u00f1o<\/strong> suele ser normal la entrada de masas de aire fr\u00edo, este a\u00f1o a diferencia del a\u00f1o pasado <strong>el descenso de las temperaturas fue marcado y poco com\u00fan para mayo<\/strong>. En esta misma l\u00ednea,<strong> los pron\u00f3sticos clim\u00e1ticos anticipan que el final del oto\u00f1o e inicios del invierno podr\u00eda ser m\u00e1s fr\u00edo<\/strong> que los que suele ocurrir, en especial, en el este de Buenos Aires y Entre R\u00edos.<\/p>\n<p>Seg\u00fan explica el <strong>meteor\u00f3logo y comunicador del sitio especializado Meteored, Christian Garavaglia<\/strong>, el final de mayo tendr\u00e1 <strong>recurrentes ingresos de aire fr\u00edo, provocando heladas y notables bajas en las temperaturas en la provincia de Buenos Aires<\/strong>.<\/p>\n<blockquote class=\"twitter-tweet\">\n<p dir=\"ltr\" lang=\"es\"><a href=\"https:\/\/twitter.com\/hashtag\/MeteoredConnection?src=hash&amp;ref_src=twsrc%5Etfw\">#MeteoredConnection<\/a> \ud83d\udcf2<br \/>\nEl <a href=\"https:\/\/twitter.com\/hashtag\/fr%C3%ADo?src=hash&amp;ref_src=twsrc%5Etfw\">#fr\u00edo<\/a> de mayo sorprende en Buenos Aires: Meteored anticipa una nueva irrupci\u00f3n hacia el feriado del 25. Lo escuchamos a <a href=\"https:\/\/twitter.com\/ChGaravaglia?ref_src=twsrc%5Etfw\">@ChGaravaglia<\/a>.<\/p>\n<p>\ud83d\uddde M\u00e1s info:<a href=\"https:\/\/t.co\/2X2SySIy5B\">https:\/\/t.co\/2X2SySIy5B<\/a> <a href=\"https:\/\/t.co\/sUjRVIeJh7\">pic.twitter.com\/sUjRVIeJh7<\/a><\/p>\n<p>\u2014 Meteored.com.ar (@MeteoredAR) <a href=\"https:\/\/twitter.com\/MeteoredAR\/status\/1791167798195957987?ref_src=twsrc%5Etfw\">May 16, 2024<\/a><\/p><\/blockquote>\n<p><script async src=\"https:\/\/platform.twitter.com\/widgets.js\" charset=\"utf-8\"><\/script><\/p>\n<blockquote><p>Una de esas secuencias fue la de este fin de semana, y ocurrir\u00e1 lo mismo el pr\u00f3ximo, el de la celebraci\u00f3n del 25 de Mayo.<\/p><\/blockquote>\n<p>De acuerdo a registros hist\u00f3ricos, <em>la fecha de ocurrencia de las primeras heladas meteorol\u00f3gicas en el sur de regi\u00f3n Pampeana y sur de Cuyo, suele darse en promedio entre el 1 y el 15 de mayo.<\/em> Mientras que en la segunda parte del mes suelen observase en promedio las heladas en el resto de dichas regiones.<\/p>\n<p><img data-recalc-dims=\"1\" loading=\"lazy\" decoding=\"async\" class=\"size-full wp-image-116527 aligncenter\" src=\"https:\/\/i0.wp.com\/cdnoticias.com\/wp-content\/uploads\/2024\/05\/helada-frio-DIB-1.jpg?resize=800%2C547&#038;ssl=1\" alt=\"\" width=\"800\" height=\"547\" srcset=\"https:\/\/i0.wp.com\/cdnoticias.com\/wp-content\/uploads\/2024\/05\/helada-frio-DIB-1.jpg?w=800&amp;ssl=1 800w, https:\/\/i0.wp.com\/cdnoticias.com\/wp-content\/uploads\/2024\/05\/helada-frio-DIB-1.jpg?resize=300%2C205&amp;ssl=1 300w, https:\/\/i0.wp.com\/cdnoticias.com\/wp-content\/uploads\/2024\/05\/helada-frio-DIB-1.jpg?resize=768%2C525&amp;ssl=1 768w, https:\/\/i0.wp.com\/cdnoticias.com\/wp-content\/uploads\/2024\/05\/helada-frio-DIB-1.jpg?resize=130%2C90&amp;ssl=1 130w\" sizes=\"auto, (max-width: 800px) 100vw, 800px\" \/><\/p>\n<p><strong>Natalia Gattinoni, especialista del Instituto de Clima y Agua del INTA<\/strong>, explic\u00f3: \u201cSeg\u00fan datos del Servicio Meteorol\u00f3gico Nacional (SMN) y el INTA, <strong>el mes de abril finaliz\u00f3 con 1 a 3 d\u00edas con temperaturas por debajo de los 3\u00b0C<\/strong>, comenzando a mostrar los primeros indicios de ocurrencia de<strong> heladas agrometeorol\u00f3gicas<\/strong>\u201d.<\/p>\n<blockquote><p>Gattinoni asever\u00f3 que \u201cel pron\u00f3stico clim\u00e1tico trimestral elaborado desde el SMN indica que, para el \u00e1rea central del pa\u00eds, Patagonia y norte argentino, existen mayores chances de transitar un trimestre en condiciones t\u00e9rmicas normales para la \u00e9poca, excluyendo el este de Buenos Aires y Entre R\u00edos donde prevalecer\u00edan las condiciones medias m\u00e1s fr\u00edas\u201d. Adem\u00e1s, destac\u00f3 que \u201clos pron\u00f3sticos de temperaturas m\u00ednimas extremas est\u00e1n indicando una mayor frecuencia de temperaturas bajas, especialmente sobre el centro y sur del pa\u00eds\u201d.<\/p><\/blockquote>\n<p>En agronom\u00eda, el concepto de <strong>helada agrometeorol\u00f3gica corresponde al descenso de la temperatura del aire por debajo de los 3\u00b0C registrados a 1.5 metros en abrigo meteorol\u00f3gico<\/strong>. Este umbral est\u00e1 asociado a valores de<strong> temperatura cercanos o inferiores a los 0\u00b0C a nivel del suelo<\/strong>, que dar\u00e1n las condiciones para la ocurrencia de helada.<\/p>\n<blockquote class=\"instagram-media\" style=\"background: #FFF; border: 0; border-radius: 3px; box-shadow: 0 0 1px 0 rgba(0,0,0,0.5),0 1px 10px 0 rgba(0,0,0,0.15); margin: 1px; max-width: 540px; min-width: 326px; padding: 0; width: calc(100% - 2px);\" data-instgrm-captioned=\"\" data-instgrm-permalink=\"https:\/\/www.instagram.com\/p\/C7KDlcILPei\/?utm_source=ig_embed&amp;utm_campaign=loading\" data-instgrm-version=\"14\">\n<div style=\"padding: 16px;\">\n<div style=\"display: flex; flex-direction: row; align-items: center;\">\n<div style=\"background-color: #f4f4f4; border-radius: 50%; flex-grow: 0; height: 40px; margin-right: 14px; width: 40px;\"><\/div>\n<div style=\"display: flex; flex-direction: column; flex-grow: 1; justify-content: center;\">\n<div style=\"background-color: #f4f4f4; border-radius: 4px; flex-grow: 0; height: 14px; margin-bottom: 6px; width: 100px;\"><\/div>\n<div style=\"background-color: #f4f4f4; border-radius: 4px; flex-grow: 0; height: 14px; width: 60px;\"><\/div>\n<\/div>\n<\/div>\n<div style=\"padding: 19% 0;\"><\/div>\n<div style=\"display: block; height: 50px; margin: 0 auto 12px; width: 50px;\"><\/div>\n<div style=\"padding-top: 8px;\">\n<div style=\"color: #3897f0; font-family: Arial,sans-serif; font-size: 14px; font-style: normal; font-weight: 550; line-height: 18px;\">Ver esta publicaci\u00f3n en Instagram<\/div>\n<\/div>\n<div style=\"padding: 12.5% 0;\"><\/div>\n<div style=\"display: flex; flex-direction: row; margin-bottom: 14px; align-items: center;\">\n<div>\n<div style=\"background-color: #f4f4f4; border-radius: 50%; height: 12.5px; width: 12.5px; transform: translateX(0px) translateY(7px);\"><\/div>\n<div style=\"background-color: #f4f4f4; height: 12.5px; transform: rotate(-45deg) translateX(3px) translateY(1px); width: 12.5px; flex-grow: 0; margin-right: 14px; margin-left: 2px;\"><\/div>\n<div style=\"background-color: #f4f4f4; border-radius: 50%; height: 12.5px; width: 12.5px; transform: translateX(9px) translateY(-18px);\"><\/div>\n<\/div>\n<div style=\"margin-left: 8px;\">\n<div style=\"background-color: #f4f4f4; border-radius: 50%; flex-grow: 0; height: 20px; width: 20px;\"><\/div>\n<div style=\"width: 0; height: 0; border-top: 2px solid transparent; border-left: 6px solid #f4f4f4; border-bottom: 2px solid transparent; transform: translateX(16px) translateY(-4px) rotate(30deg);\"><\/div>\n<\/div>\n<div style=\"margin-left: auto;\">\n<div style=\"width: 0px; border-top: 8px solid #F4F4F4; border-right: 8px solid transparent; transform: translateY(16px);\"><\/div>\n<div style=\"background-color: #f4f4f4; flex-grow: 0; height: 12px; width: 16px; transform: translateY(-4px);\"><\/div>\n<div style=\"width: 0; height: 0; border-top: 8px solid #F4F4F4; border-left: 8px solid transparent; transform: translateY(-4px) translateX(8px);\"><\/div>\n<\/div>\n<\/div>\n<div style=\"display: flex; flex-direction: column; flex-grow: 1; justify-content: center; margin-bottom: 24px;\">\n<div style=\"background-color: #f4f4f4; border-radius: 4px; flex-grow: 0; height: 14px; margin-bottom: 6px; width: 224px;\"><\/div>\n<div style=\"background-color: #f4f4f4; border-radius: 4px; flex-grow: 0; height: 14px; width: 144px;\"><\/div>\n<\/div>\n<p style=\"color: #c9c8cd; font-family: Arial,sans-serif; font-size: 14px; line-height: 17px; margin-bottom: 0; margin-top: 8px; overflow: hidden; padding: 8px 0 7px; text-align: center; text-overflow: ellipsis; white-space: nowrap;\"><a style=\"color: #c9c8cd; font-family: Arial,sans-serif; font-size: 14px; font-style: normal; font-weight: normal; line-height: 17px; text-decoration: none;\" href=\"https:\/\/www.instagram.com\/p\/C7KDlcILPei\/?utm_source=ig_embed&amp;utm_campaign=loading\" target=\"_blank\" rel=\"noopener\">Una publicaci\u00f3n compartida por Meteo Arg y mundial (@meteoaficionados)<\/a><\/p>\n<\/div>\n<\/blockquote>\n<p><script async src=\"\/\/www.instagram.com\/embed.js\"><\/script><\/p>\n<p>Frente a este escenario, especialistas del INTA analizan los pron\u00f3sticos y anticipan el<strong> impacto que podr\u00eda tener en las plagas y enfermedades<\/strong>.<\/p>\n<p>Ante la perspectiva de un invierno normal y la ocurrencia de heladas con distribuci\u00f3n territorial temprana y acorde a la climatolog\u00eda esperada para esta estaci\u00f3n del a\u00f1o, <strong>\u201ces una condici\u00f3n promisoria que podr\u00eda limitar la expansi\u00f3n de malezas y diferentes plagas, que han logrado prevalecer los \u00faltimos a\u00f1os<\/strong>, como podr\u00eda ser el caso de la chicharrita Dalbulus maidis (vector de los fitopat\u00f3genos causantes del achaparramiento del ma\u00edz), tema que se encuentra actualmente en estudio y sobre el cual el INTA apunta a generar mayores precisiones pr\u00f3ximamente\u201d, afirm\u00f3 <strong>Pablo Mercuri, director del Centro de Investigaci\u00f3n de Recursos Naturales (CIRN) del INTA<\/strong>.<\/p>\n<p>Fuente: <em>Agencia DIB<\/em><\/p>\n","protected":false},"excerpt":{"rendered":"<p>Las heladas comenzaron a detectarse de forma temprana por lo que se transita una estaci\u00f3n con temperaturas m\u00e1s bajas a<\/p>\n","protected":false},"author":4,"featured_media":90120,"comment_status":"closed","ping_status":"closed","sticky":false,"template":"","format":"standard","meta":{"_jetpack_memberships_contains_paid_content":false,"footnotes":""},"categories":[5,1],"tags":[],"class_list":["post-116523","post","type-post","status-publish","format-standard","has-post-thumbnail","hentry","category-informacion-general","category-portada"],"jetpack_featured_media_url":"https:\/\/i0.wp.com\/cdnoticias.com\/wp-content\/uploads\/2023\/07\/helada-parque-01.jpg?fit=800%2C445&ssl=1","jetpack_sharing_enabled":true,"_links":{"self":[{"href":"https:\/\/cdnoticias.com\/index.php\/wp-json\/wp\/v2\/posts\/116523","targetHints":{"allow":["GET"]}}],"collection":[{"href":"https:\/\/cdnoticias.com\/index.php\/wp-json\/wp\/v2\/posts"}],"about":[{"href":"https:\/\/cdnoticias.com\/index.php\/wp-json\/wp\/v2\/types\/post"}],"author":[{"embeddable":true,"href":"https:\/\/cdnoticias.com\/index.php\/wp-json\/wp\/v2\/users\/4"}],"replies":[{"embeddable":true,"href":"https:\/\/cdnoticias.com\/index.php\/wp-json\/wp\/v2\/comments?post=116523"}],"version-history":[{"count":0,"href":"https:\/\/cdnoticias.com\/index.php\/wp-json\/wp\/v2\/posts\/116523\/revisions"}],"wp:featuredmedia":[{"embeddable":true,"href":"https:\/\/cdnoticias.com\/index.php\/wp-json\/wp\/v2\/media\/90120"}],"wp:attachment":[{"href":"https:\/\/cdnoticias.com\/index.php\/wp-json\/wp\/v2\/media?parent=116523"}],"wp:term":[{"taxonomy":"category","embeddable":true,"href":"https:\/\/cdnoticias.com\/index.php\/wp-json\/wp\/v2\/categories?post=116523"},{"taxonomy":"post_tag","embeddable":true,"href":"https:\/\/cdnoticias.com\/index.php\/wp-json\/wp\/v2\/tags?post=116523"}],"curies":[{"name":"wp","href":"https:\/\/api.w.org\/{rel}","templated":true}]}}