{"id":116501,"date":"2024-05-19T21:00:05","date_gmt":"2024-05-20T00:00:05","guid":{"rendered":"https:\/\/cdnoticias.com\/?p=116501"},"modified":"2024-05-20T08:49:54","modified_gmt":"2024-05-20T11:49:54","slug":"bajemos-la-velocidad-2","status":"publish","type":"post","link":"https:\/\/cdnoticias.com\/index.php\/2024\/05\/19\/bajemos-la-velocidad-2\/","title":{"rendered":"Bajemos la velocidad"},"content":{"rendered":"\n<p>Hasta el pr\u00f3ximo domingo 26 de mayo se llevar\u00e1 adelante la \u201cSemana mundial de la Seguridad Vial\u201d, que tiene como objetivo concientizar sobre esta problem\u00e1tica mundial. Conoc\u00e9 los detalles en esta nota.<\/p>\n\n\n\n<hr class=\"wp-block-separator aligncenter has-alpha-channel-opacity\"\/>\n\n\n\n<p>*&nbsp;<em>Por Marcos Pascua<\/em><\/p>\n\n\n\n<p>Hasta el pr\u00f3ximo domingo 26 de mayo se llevar\u00e1 adelante la \u201cSemana mundial de la Seguridad Vial\u201d, siendo esta una iniciativa promovida por la \u201cGlobal Alliance of NGOs for Road Safety\u201d y que tiene como objetivo concientizar sobre esta problem\u00e1tica mundial.<\/p>\n\n\n\n<p><\/p>\n\n\n\n<p>Una de las actividades a desarrollarse ser\u00e1 un coloquio virtual iberoamericano denominado <strong>\u201cLeyes que salvan vidas: reducci\u00f3n a 30 km\/h en calles\u201d<\/strong>, con el objetivo de presentar una de las principales demandas que lleva adelante la ONG hoy, que es la reducci\u00f3n de las velocidades en las ciudades a <strong>velocidades seguras para todos los usuarios de la v\u00eda p\u00fablica.<\/strong><\/p>\n\n\n\n<p><\/p>\n\n\n\n<h2 class=\"wp-block-heading\"><strong>Algunos n\u00fameros<\/strong><\/h2>\n\n\n\n<p>Si bien hace un tiempo habl\u00e1bamos de la pandemia para referirnos a la COVID-19, para referirnos a la siniestralidad vial deber\u00edamos hablar de una epidemia ya que los n\u00fameros tanto de fallecidos como de heridos son realmente alarmantes. Para tener de referencia, ac\u00e1 van algunos datos que publica la Organizaci\u00f3n Mundial de la Salud (OMS):<\/p>\n\n\n\n<ul class=\"wp-block-list\">\n<li><strong>1,3 millones de muertes por a\u00f1o<\/strong>;<\/li>\n\n\n\n<li><strong>20 a 50 millones de traumatismos no mortales <\/strong>por a\u00f1o;<\/li>\n\n\n\n<li><strong>90% de las muertes por siniestros viales ocurren en los pa\u00edses de ingresos bajos y medios<\/strong>;<\/li>\n\n\n\n<li>Los siniestros viales <strong>les cuestan a los pa\u00edses alrededor del 3% de su PBI<\/strong>;<\/li>\n\n\n\n<li><strong>Casi la mitad (49%) de las personas que mueren en las v\u00edas de tr\u00e1nsito del mundo son peatones, ciclistas y motociclistas<\/strong>;<\/li>\n\n\n\n<li><strong>Los peatones, los motociclistas y los ciclistas son las principales v\u00edctimas fatales a causa del tr\u00e1nsito<\/strong> en todas las subregiones excepto Norteam\u00e9rica, donde los ocupantes de los autom\u00f3viles son las principales v\u00edctimas;<\/li>\n\n\n\n<li>En la Regi\u00f3n de las Am\u00e9ricas, los usuarios vulnerables de las v\u00edas de tr\u00e1nsito como <strong>los peatones, los motociclistas y los ciclistas representan 23%, 15% y 3% de las muertes a causa del tr\u00e1nsito, respectivamente.<\/strong><\/li>\n\n\n\n<li><strong>Los hombres corren mayor riesgo de morir por los traumatismos causados por el tr\u00e1nsito que las mujeres.<\/strong> Si te preguntas el por qu\u00e9 de este \u00edtem, acordate que <a href=\"https:\/\/cdnoticias.com\/index.php\/2023\/06\/26\/seguridad-vial-con-perspectiva-de-genero-el-rol-de-las-mujeres-en-el-espacio-publico\/\" target=\"_blank\" rel=\"noreferrer noopener\">ac\u00e1<\/a> hablamos del tema.<\/li>\n<\/ul>\n\n\n\n<p><\/p>\n\n\n\n<h2 class=\"wp-block-heading\">Estad\u00edsticas nacionales<\/h2>\n\n\n\n<p>Seg\u00fan el informe elaborado por la <strong>Agencia Nacional de Seguridad Vial<\/strong> que pod\u00e9s encontrar <a href=\"https:\/\/www.argentina.gob.ar\/sites\/default\/files\/2018\/12\/informe_de_siniestralidad_fatal_2023-febrero_2024.pdf\">ac<\/a><a href=\"https:\/\/www.argentina.gob.ar\/sites\/default\/files\/2018\/12\/informe_de_siniestralidad_fatal_2023-febrero_2024.pdf\" target=\"_blank\" rel=\"noreferrer noopener\">\u00e1<\/a>, en el a\u00f1o <strong>2023 <\/strong>fallecieron <strong>4369 personas en 3642 siniestros fatales<\/strong>. Muy lejos de las 15000 v\u00edctimas que mencion\u00f3 Javier Milei en su discurso de asunci\u00f3n el 10 de diciembre pasado.<\/p>\n\n\n\n<p><\/p>\n\n\n\n<p>Tambi\u00e9n, quien lleva adelante el registro de las v\u00edctimas fatales hace muchos a\u00f1os es la <strong>Asociaci\u00f3n Civil Luchemos x la Vida<\/strong>. Para LxV la cantidad de v\u00edctimas fatales el a\u00f1o pasado fueron <strong>6245 personas.<\/strong><\/p>\n\n\n\n<p><\/p>\n\n\n\n<p>Continuando con el an\u00e1lisis del informe presentado por la <strong>ANSV<\/strong>, el <strong>46% de las v\u00edctimas fatales se produjeron en las rutas de nuestro pa\u00eds<\/strong>, con mayor preponderancia en las <strong>rutas nacionales<\/strong>, mientras que el <strong>25% se produjeron en calles<\/strong> y el <strong>12% en avenidas.<\/strong><\/p>\n\n\n\n<p><\/p>\n\n\n\n<p><\/p>\n\n\n\n<figure class=\"wp-block-image aligncenter size-full\"><img data-recalc-dims=\"1\" loading=\"lazy\" decoding=\"async\" width=\"800\" height=\"432\" src=\"https:\/\/i0.wp.com\/cdnoticias.com\/wp-content\/uploads\/2024\/05\/image.png?resize=800%2C432&#038;ssl=1\" alt=\"\" class=\"wp-image-116502\" srcset=\"https:\/\/i0.wp.com\/cdnoticias.com\/wp-content\/uploads\/2024\/05\/image.png?w=837&amp;ssl=1 837w, https:\/\/i0.wp.com\/cdnoticias.com\/wp-content\/uploads\/2024\/05\/image.png?resize=300%2C162&amp;ssl=1 300w, https:\/\/i0.wp.com\/cdnoticias.com\/wp-content\/uploads\/2024\/05\/image.png?resize=768%2C415&amp;ssl=1 768w\" sizes=\"auto, (max-width: 800px) 100vw, 800px\" \/><\/figure>\n\n\n\n<p>                                                           <em>Gr\u00e1fico 1: Siniestros fatales seg\u00fan tipo de v\u00eda<\/em><\/p>\n\n\n\n<p><\/p>\n\n\n\n<h2 class=\"wp-block-heading\"><strong>Reducir la velocidad: el objetivo<\/strong><\/h2>\n\n\n\n<p>Cuando hablamos de un siniestro vial, hablamos de un choque y en un choque lo que se produce es un <strong>intercambio de energ\u00eda<\/strong>, particularmente de <strong>energ\u00eda cin\u00e9tica<\/strong>, veamos c\u00f3mo se compone: Ec=1\/2 mv^2<\/p>\n\n\n\n<p><\/p>\n\n\n\n<p>De los componentes de la f\u00f3rmula, la fracci\u00f3n es constante, la masa es la del veh\u00edculo y tambi\u00e9n representa un valor que no podemos variar. <strong>Lo \u00fanico que depende de nosotros o nosotras es la velocidad y en este caso est\u00e1 elevada al cuadrado, esto quiere decir que una peque\u00f1a variaci\u00f3n de la velocidad representa una gran variaci\u00f3n en la energ\u00eda cin\u00e9tica.<\/strong> Nuestro cuerpo no est\u00e1 preparado para absorber tanta cantidad de energ\u00eda y es por eso que se producen las y los heridos o las v\u00edctimas fatales.<\/p>\n\n\n\n<p><\/p>\n\n\n\n<p>Es por eso que <strong>la velocidad a la que circulamos es un factor determinante a la hora de un siniestro vial.<\/strong><\/p>\n\n\n\n<p><\/p>\n\n\n\n<p>Si hablamos, por ejemplo, de un siniestro vial entre dos autom\u00f3viles<strong>, la energ\u00eda cin\u00e9tica que se intercambia en esa colisi\u00f3n es absorbida parcialmente por la carrocer\u00eda del veh\u00edculo<\/strong>. Distinto es el caso de cuando la colisi\u00f3n se produce entre un autom\u00f3vil y una motocicleta o bicicleta o peat\u00f3n, <strong>la carrocer\u00eda es el cuerpo de la persona<\/strong>, por lo tanto, toda la energ\u00eda es absorbida por el cuerpo humano y es lo que produce las lesiones o en algunos casos, la muerte.<\/p>\n\n\n\n<p><\/p>\n\n\n\n<p>Si tomamos el caso de un autom\u00f3vil o de una motocicleta que embiste a un peat\u00f3n, <strong>este \u00faltimo tiene una chance de sobrevivir al impacto del 90% si es embestido a 30 km\/h, en cambio si ese choque se produce a 50 km\/h, las chances de sobrevivir son del 18%.<\/strong><\/p>\n\n\n\n<p><\/p>\n\n\n\n<figure class=\"wp-block-image aligncenter size-full\"><img data-recalc-dims=\"1\" loading=\"lazy\" decoding=\"async\" width=\"800\" height=\"468\" src=\"https:\/\/i0.wp.com\/cdnoticias.com\/wp-content\/uploads\/2024\/05\/image-1.png?resize=800%2C468&#038;ssl=1\" alt=\"\" class=\"wp-image-116503\" srcset=\"https:\/\/i0.wp.com\/cdnoticias.com\/wp-content\/uploads\/2024\/05\/image-1.png?w=888&amp;ssl=1 888w, https:\/\/i0.wp.com\/cdnoticias.com\/wp-content\/uploads\/2024\/05\/image-1.png?resize=300%2C175&amp;ssl=1 300w, https:\/\/i0.wp.com\/cdnoticias.com\/wp-content\/uploads\/2024\/05\/image-1.png?resize=768%2C449&amp;ssl=1 768w\" sizes=\"auto, (max-width: 800px) 100vw, 800px\" \/><\/figure>\n\n\n\n<p>                                     <em>Gr\u00e1fico 2: Porcentaje de lesi\u00f3n mortal para un peat\u00f3n que colisiona contra un veh\u00edculo en funci\u00f3n de la velocidad<\/em><\/p>\n\n\n\n<p><\/p>\n\n\n\n<p>Es por eso que se considera que las velocidades m\u00e1ximas legales en nuestro pa\u00eds <strong>todav\u00eda son peligrosas para el com\u00fan de las personas.<\/strong><\/p>\n\n\n\n<p><\/p>\n\n\n\n<p><strong><em>\u201cLa mayor\u00eda de los especialistas de seguridad vial concuerdan que el mayor contribuyente de v\u00edctimas fatales de una colisi\u00f3n a nivel mundial es la mala elecci\u00f3n de la velocidad, com\u00fanmente entendida como el uso inapropiado de velocidades vehiculares o exceso de velocidad.\u201d<\/em><\/strong><\/p>\n\n\n\n<p><\/p>\n\n\n\n<p>La conducci\u00f3n a una velocidad de 5 km\/h por encima del promedio de 60 km\/h en zonas urbanas y de 10 km\/h por encima del promedio en zonas rurales, <strong>duplican el riesgo de un siniestro vial con v\u00edctimas<\/strong>. Se relaci\u00f3n a conducir con una concentraci\u00f3n de alcohol en sangre de 0,05 g\/100 ml.<\/p>\n\n\n\n<p><\/p>\n\n\n\n<h2 class=\"wp-block-heading\"><strong>La distancia de frenado<\/strong><\/h2>\n\n\n\n<p>Lo que com\u00fanmente se conoce como <strong>distancia de frenado<\/strong> se compone de dos factores, el <strong>tiempo de reacci\u00f3n <\/strong>y el <strong>tiempo de frenado<\/strong>. El <strong>tiempo de reacci\u00f3n<\/strong> es el tiempo que necesita una persona ante una emergencia para tomar la decisi\u00f3n de frenar, es decir, <strong>es el tiempo que tarda en pisar el pedal del freno<\/strong>. Una vez pisado el freno, comienza lo que se conocer como <strong>tiempo de frenado<\/strong>. Ambos factores componen la distancia de frenado que dependen \u00edntegramente de la velocidad elegida.<\/p>\n\n\n\n<p><\/p>\n\n\n\n<figure class=\"wp-block-image aligncenter size-full\"><img data-recalc-dims=\"1\" loading=\"lazy\" decoding=\"async\" width=\"800\" height=\"448\" src=\"https:\/\/i0.wp.com\/cdnoticias.com\/wp-content\/uploads\/2024\/05\/image-2.png?resize=800%2C448&#038;ssl=1\" alt=\"\" class=\"wp-image-116504\" srcset=\"https:\/\/i0.wp.com\/cdnoticias.com\/wp-content\/uploads\/2024\/05\/image-2.png?w=904&amp;ssl=1 904w, https:\/\/i0.wp.com\/cdnoticias.com\/wp-content\/uploads\/2024\/05\/image-2.png?resize=300%2C168&amp;ssl=1 300w, https:\/\/i0.wp.com\/cdnoticias.com\/wp-content\/uploads\/2024\/05\/image-2.png?resize=768%2C430&amp;ssl=1 768w\" sizes=\"auto, (max-width: 800px) 100vw, 800px\" \/><\/figure>\n\n\n\n<p><em>                                                         Gr\u00e1fico 3: Distancia de frenado seg\u00fan velocidad<\/em><\/p>\n\n\n\n<p><\/p>\n\n\n\n<h2 class=\"wp-block-heading\"><strong>La libertad del mercado<\/strong><\/h2>\n\n\n\n<p>Uno de los principales problemas relacionados con la velocidad, es que en el \u00faltimo tiempo se han desarrollado autom\u00f3viles que pueden hasta <strong>duplicar la m\u00e1xima velocidad de car\u00e1cter legal<\/strong>.<\/p>\n\n\n\n<p><\/p>\n\n\n\n<figure class=\"wp-block-image aligncenter size-full\"><img data-recalc-dims=\"1\" loading=\"lazy\" decoding=\"async\" width=\"800\" height=\"468\" src=\"https:\/\/i0.wp.com\/cdnoticias.com\/wp-content\/uploads\/2024\/05\/image-3.png?resize=800%2C468&#038;ssl=1\" alt=\"\" class=\"wp-image-116505\" srcset=\"https:\/\/i0.wp.com\/cdnoticias.com\/wp-content\/uploads\/2024\/05\/image-3.png?w=888&amp;ssl=1 888w, https:\/\/i0.wp.com\/cdnoticias.com\/wp-content\/uploads\/2024\/05\/image-3.png?resize=300%2C175&amp;ssl=1 300w, https:\/\/i0.wp.com\/cdnoticias.com\/wp-content\/uploads\/2024\/05\/image-3.png?resize=768%2C449&amp;ssl=1 768w\" sizes=\"auto, (max-width: 800px) 100vw, 800px\" \/><\/figure>\n\n\n\n<p>                                               <em>Gr\u00e1fico 4: Porcentaje de veh\u00edculos vendidos en Francia que pueden transitar a m\u00e1s de 150 km\/h<\/em><\/p>\n\n\n\n<p><\/p>\n\n\n\n<p>Actualmente muchos de los autom\u00f3viles pueden alcanzar velocidades muy altas, algo que no suced\u00eda cuando se establecieron los l\u00edmites de velocidad. Debido a esto, es que <strong>es cada vez m\u00e1s dif\u00edcil convencer a las personas sobre conducir dentro de los l\u00edmites establecidos.<\/strong><\/p>\n\n\n\n<p><\/p>\n\n\n\n<figure class=\"wp-block-image aligncenter size-full\"><img data-recalc-dims=\"1\" loading=\"lazy\" decoding=\"async\" width=\"800\" height=\"468\" src=\"https:\/\/i0.wp.com\/cdnoticias.com\/wp-content\/uploads\/2024\/05\/image-4.png?resize=800%2C468&#038;ssl=1\" alt=\"\" class=\"wp-image-116506\" srcset=\"https:\/\/i0.wp.com\/cdnoticias.com\/wp-content\/uploads\/2024\/05\/image-4.png?w=888&amp;ssl=1 888w, https:\/\/i0.wp.com\/cdnoticias.com\/wp-content\/uploads\/2024\/05\/image-4.png?resize=300%2C175&amp;ssl=1 300w, https:\/\/i0.wp.com\/cdnoticias.com\/wp-content\/uploads\/2024\/05\/image-4.png?resize=768%2C449&amp;ssl=1 768w\" sizes=\"auto, (max-width: 800px) 100vw, 800px\" \/><\/figure>\n\n\n\n<p><em>                        Gr\u00e1fico 5: Modelo de energ\u00eda y la relaci\u00f3n entre la variaci\u00f3n del porcentaje de la velocidad y la variaci\u00f3n en el porcentaje de colisiones<\/em><\/p>\n\n\n\n<p><\/p>\n\n\n\n<p>A partir de estudios realizados en pa\u00edses de altos ingresos es que se obtiene el <strong>gr\u00e1fico 5<\/strong>. Dichas investigaciones sobre la relaci\u00f3n entre la velocidad y los siniestros viales, demuestran que las velocidades superiores aumentan el \u00edndice de colisiones, lesiones y v\u00edctimas mortales, y que la disminuci\u00f3n de la velocidad lo reduce. <strong>Un aumento del 5% en la velocidad promedio lleva a un aumento aproximado del 10% en los choques vehiculares que producen lesiones, y un aumento del 20% en aquellos que producen v\u00edctimas mortales.<\/strong><\/p>\n\n\n\n<p><\/p>\n\n\n\n<p>Un caso pr\u00e1ctico de esto es lo que sucedi\u00f3 en <strong>Estados Unidos<\/strong> entre <strong>1987 y 1988<\/strong>, cuando <strong>en 40 estados incrementaron el l\u00edmite de velocidad en autopistas interestatales de 88 km\/h a 105 km\/h<\/strong>. Esto dio como resultado un <strong>aumento en la velocidad promedio de casi 5 km\/h<\/strong>. En ese mismo per\u00edodo, hubo un <strong>aumento de las victimas fatales en dichas v\u00edas de entre el 20 y el 25%.<\/strong><\/p>\n\n\n\n<p><\/p>\n\n\n\n<h2 class=\"wp-block-heading\"><strong>Factores que influyen en la velocidad<\/strong><\/h2>\n\n\n\n<p>En principio existe la falsa creencia de que <strong>circular a velocidades elevadas nos hace ahorrar tiempo<\/strong>, pero \u00bfes as\u00ed en realidad? Veamos el siguiente gr\u00e1fico que surge de una publicaci\u00f3n hecha por <strong>Felipe Gonz\u00e1lez<\/strong> para <strong>El Gato y la Caja<\/strong> que pod\u00e9s encontrar <a href=\"https:\/\/elgatoylacaja.com\/lo-que-mata-no-es-el-auto\" target=\"_blank\" rel=\"noreferrer noopener\">ac\u00e1<\/a>.<\/p>\n\n\n\n<p><\/p>\n\n\n\n<figure class=\"wp-block-image size-full\"><img data-recalc-dims=\"1\" loading=\"lazy\" decoding=\"async\" width=\"800\" height=\"468\" src=\"https:\/\/i0.wp.com\/cdnoticias.com\/wp-content\/uploads\/2024\/05\/image-5.png?resize=800%2C468&#038;ssl=1\" alt=\"\" class=\"wp-image-116507\" srcset=\"https:\/\/i0.wp.com\/cdnoticias.com\/wp-content\/uploads\/2024\/05\/image-5.png?w=888&amp;ssl=1 888w, https:\/\/i0.wp.com\/cdnoticias.com\/wp-content\/uploads\/2024\/05\/image-5.png?resize=300%2C175&amp;ssl=1 300w, https:\/\/i0.wp.com\/cdnoticias.com\/wp-content\/uploads\/2024\/05\/image-5.png?resize=768%2C449&amp;ssl=1 768w\" sizes=\"auto, (max-width: 800px) 100vw, 800px\" \/><\/figure>\n\n\n\n<p>                                                                            <em>Gr\u00e1fico 5: Flujo de tr\u00e1nsito<\/em><\/p>\n\n\n\n<p><\/p>\n\n\n\n<p>Como dice Felipe en su art\u00edculo, <strong>\u201cbajar la velocidad m\u00e1xima en avenidas a 50 km\/h tiene un impacto significativo en la probabilidad de muerte, pero no tiene impacto en el flujo vehicular.\u201d <\/strong>Adem\u00e1s, comenta que, en un estudio realizado con varios veh\u00edculos, la conclusi\u00f3n que se obtuvo fue <strong>\u201cuna reducci\u00f3n del 40% de la velocidad m\u00e1xima autorizada s\u00f3lo condujo a un aumento del 20% en el tiempo de viaje\u201d.<\/strong><\/p>\n\n\n\n<p><\/p>\n\n\n\n<p>Cuando te sub\u00eds al auto para realizar un viaje dentro de la ciudad o por la ruta, te vas a mover a una velocidad que va entre la velocidad m\u00ednima o la m\u00e1xima, pero <strong>nunca te vas a mover a la velocidad m\u00e1xima durante la totalidad del recorrido<\/strong>. Eso es porque en el transcurso del viaje ten\u00e9s situaciones en las que frenas a cero, par\u00e1s en un sem\u00e1foro, fren\u00e1s en la esquina, das paso a un peat\u00f3n, etc. Hay un mont\u00f3n de situaciones que hacen que no te muevas a la velocidad m\u00e1xima, <strong>eso hace que al final del recorrido tu \u201cvelocidad media de viaje\u201d sea menor a la m\u00e1xima.<\/strong> Tal vez, <strong>nuestros l\u00edmites de velocidad deber\u00edan estar m\u00e1s cerca de esa velocidad.<\/strong><\/p>\n\n\n\n<p><\/p>\n\n\n\n<p>Pero el tiempo no es el \u00fanico factor que lleva a circular a velocidades altas, tambi\u00e9n lo puede hacer <strong>la percepci\u00f3n de quien conduce el autom\u00f3vil<\/strong>. Si dicho conductor o conductora se mueve a velocidades altas usualmente y nunca le pasa nada, tiende a pensar que su conducta frente al volante es correcta y aumenta su confianza. Es ah\u00ed, donde el temor sobre la velocidad se relaciona m\u00e1s con ser objeto de una multa que con la posibilidad de provocar un siniestro.<\/p>\n\n\n\n<p><\/p>\n\n\n\n<p>\u201c<em>Encuestas realizadas en diferentes pa\u00edses demuestra que el 90% de los automovilistas se considera un conductor por encima del promedio y de bajo riesgo.\u201d<\/em><\/p>\n\n\n\n<p><\/p>\n\n\n\n<p><strong>El hecho de no haber sido v\u00edctima o victimario de un siniestro vial no necesariamente se relaciona directamente con una buena conducta al conducir.<\/strong><\/p>\n\n\n\n<p><\/p>\n\n\n\n<p>Finalmente, otro factor que influye en la velocidad es la presi\u00f3n que pueden generar algunos empleadores sobre sus empleados para ser m\u00e1s productivos.<\/p>\n\n\n\n<p><\/p>\n\n\n\n<h2 class=\"wp-block-heading\"><strong>Controlar la velocidad: una necesidad<\/strong><\/h2>\n\n\n\n<p>Para comenzar es importante conformar un grupo interdisciplinario que tenga como objetivo trabajar en los temas relacionados con la velocidad. Dicho grupo deber\u00e1 <strong>confeccionar, supervisar y dirigir un programa que tenga como objetivo el trabajo sobre la velocidad.<\/strong> El grupo de trabajo deber\u00e1 contar con personas que representan a las siguientes partes interesadas:<\/p>\n\n\n\n<p><\/p>\n\n\n\n<ul class=\"wp-block-list\">\n<li>Autoridad vial y\/o departamento de obras p\u00fablicas;<\/li>\n\n\n\n<li>Departamento de polic\u00eda y\/o justicia;<\/li>\n\n\n\n<li>Autoridad encargada de la entrega de licencias de conducir;<\/li>\n\n\n\n<li>Servicios de emergencia de salud;<\/li>\n\n\n\n<li>Representantes de la comunidad educativa;<\/li>\n\n\n\n<li>Representantes del gobierno;<\/li>\n\n\n\n<li>Integrantes de ONG o Asociaciones Civiles.<\/li>\n<\/ul>\n\n\n\n<p><\/p>\n\n\n\n<p>Por la divisi\u00f3n en la organizaci\u00f3n de las tareas de las dependencias estatales es com\u00fan que las diferentes entidades que trabajan en temas relacionados, como por ejemplo el tr\u00e1nsito<strong>, trabajen por separado y se dificulte el trabajo en conjunto<\/strong>. Por ejemplo, si el problema de una intersecci\u00f3n en particular est\u00e1 relacionado con la infraestructura, no se va solucionar con la disposici\u00f3n de controles policiales diarios, porque es un problema de infraestructura.<\/p>\n\n\n\n<p><\/p>\n\n\n\n<p>Es por eso que <strong>es importante la conformaci\u00f3n de un grupo interdisciplinario que trabaje en pol\u00edticas p\u00fablicas comunes con objetivos a corto, mediano y largo plazo. <\/strong>La determinaci\u00f3n de objetivos suele dar como resultado programas de seguridad vial m\u00e1s realistas, un mejor uso de fondos p\u00fablicos y otros recursos, y una mayor credibilidad de quienes ejecutan el programa.<\/p>\n\n\n\n<p><\/p>\n\n\n\n<p>Una vez definidos los objetivos, se debe trabajar en <strong>establecer indicadores de rendimiento que midan su progreso<\/strong>.<\/p>\n\n\n\n<p>Esos indicadores deben ser:<\/p>\n\n\n\n<ul class=\"wp-block-list\">\n<li><strong>Espec\u00edficos:<\/strong> bien definidos y claros para cualquiera;<\/li>\n\n\n\n<li><strong>Mensurables:<\/strong> para saber cu\u00e1ndo se ha alcanzado el objetivo;<\/li>\n\n\n\n<li><strong>Acordados:<\/strong> contar con el compromiso de todas las partes involucradas;<\/li>\n\n\n\n<li><strong>Realistas:<\/strong> pueden ser alcanzados con recursos disponibles;<\/li>\n\n\n\n<li><strong>Basados en el tiempo:<\/strong> rastreables, para brindar una evaluaci\u00f3n precisa acerca del momento en el que se puede alcanzar el objetivo.<\/li>\n<\/ul>\n\n\n\n<p><\/p>\n\n\n\n<p>Una de las falencias de las pol\u00edticas p\u00fablicas llevadas adelante en t\u00e9rminos de seguridad vial es la <strong>falta de seguimiento de las mismas<\/strong>. Las medidas suelen llevarse adelante en funci\u00f3n de un momento pol\u00edtico o social y sin ning\u00fan tipo de seguimiento y <strong>as\u00ed terminan funcionando como acciones aisladas<\/strong>, que en t\u00e9rminos de tr\u00e1nsito son de las menos efectivas.<\/p>\n\n\n\n<p><\/p>\n\n\n\n<h2 class=\"wp-block-heading\"><strong>Ciudades seguras<\/strong><\/h2>\n\n\n\n<p>Las velocidades m\u00e1ximas surgieron hace m\u00e1s de 90 a\u00f1os, <strong>cuando los autom\u00f3viles se mov\u00edan en autopistas sin intersecciones o sem\u00e1foros<\/strong>. Los 60 km\/h se consideraba la velocidad \u00f3ptima que permit\u00eda pasar la mayor cantidad de autos en una hora. Pero las condiciones respecto a principios del siglo pasado cambiaron y hoy existen intersecciones, sem\u00e1foros, entre otras cosas. Adem\u00e1s, hoy, 90 a\u00f1os despu\u00e9s <strong>est\u00e1 demostrado que la velocidad de circulaci\u00f3n es uno de los factores m\u00e1s significantes en los siniestros viales<\/strong>.<\/p>\n\n\n\n<p><\/p>\n\n\n\n<p>De la misma manera que estas condiciones cambiaron, tal vez <strong>deber\u00edamos pensar en cu\u00e1les son las velocidades m\u00ednimas y m\u00e1ximas para contar con ciudades m\u00e1s seguras<\/strong>, con menos v\u00edctimas fatales y heridos leves o graves.<\/p>\n\n\n\n<p><\/p>\n\n\n\n<p>Diferentes ciudades del mundo est\u00e1n avanzando con medidas que buscan la pacificaci\u00f3n del tr\u00e1nsito mediante la <strong>inclusi\u00f3n de zonas de 30 km\/h, zonas de peatonalizaci\u00f3n, <\/strong><a href=\"https:\/\/www.vozdeamerica.com\/a\/nueva-york-aprueba-plan-de-cobro-a-autos-que-circulen-por-manhattan\/7546995.html\" target=\"_blank\" rel=\"noreferrer noopener\"><strong>impuestos de circulaci\u00f3n a autom\u00f3viles<\/strong><\/a><strong> e incentivando la movilidad en medios de transporte m\u00e1s seguros, sostenibles y sustentables como el transporte p\u00fablico y la bicicleta<\/strong>.<\/p>\n\n\n\n<p><\/p>\n\n\n\n<p>Record\u00e1 que a partir de ma\u00f1ana comienza la Semana mundial de la Seguridad Vial con el foco puesto en la velocidad, record\u00e1 siempre respetar los l\u00edmites y a los usuarios m\u00e1s vulnerables de la v\u00eda p\u00fablica.<\/p>\n\n\n\n<p><\/p>\n\n\n\n<h2 class=\"wp-block-heading\"><strong>Cortita<\/strong><\/h2>\n\n\n\n<p>Para cerrar, vamos a hablar de lo que pas\u00f3 a principio de semana.<\/p>\n\n\n\n<p><\/p>\n\n\n\n<p>Todo comenz\u00f3 cuando <strong>la Municipalidad de Olavarr\u00eda ejecut\u00f3 el repintado de una serie de sendas peatonales en el centro de la ciudad<\/strong> y de repente nos encontramos con dos sendas peatonales en el mismo lugar y la pregunta fue \u00bfCu\u00e1l es la senda peatonal correcta?<\/p>\n\n\n\n<p><\/p>\n\n\n\n<p><em>Ante esto, <a href=\"https:\/\/cdnoticias.com\/index.php\/2024\/04\/29\/demarcacion-de-sendas-peatonales-en-la-ciudad\/\" data-type=\"post\" data-id=\"114872\" target=\"_blank\" rel=\"noreferrer noopener\">la UCR solicit\u00f3 un pedido de informe<\/a> para que se explique sobre la naturaleza de estos trabajos.<\/em><\/p>\n\n\n\n<p><\/p>\n\n\n\n<p>Bueno, las sendas peatonales son parte de las <strong>se\u00f1ales horizontales de tr\u00e1nsito<\/strong> y est\u00e1n normadas por la <strong>Direcci\u00f3n Nacional de Vialidad<\/strong> en su <strong>Manual de Se\u00f1alamiento Horizontal <\/strong>que pod\u00e9s encontrar <a href=\"https:\/\/www.aacarreteras.org.ar\/pdfs\/documentos-tecnicos\/msh-ebook.pdf\" target=\"_blank\" rel=\"noreferrer noopener\">ac\u00e1<\/a>. En las <strong>p\u00e1ginas 78 y 79<\/strong> del documento te vas a encontrar con la reglamentaci\u00f3n de las sendas peatonales.<\/p>\n\n\n\n<p><\/p>\n\n\n\n<figure class=\"wp-block-image aligncenter size-large\"><img data-recalc-dims=\"1\" loading=\"lazy\" decoding=\"async\" width=\"800\" height=\"403\" src=\"https:\/\/i0.wp.com\/cdnoticias.com\/wp-content\/uploads\/2024\/05\/SENDAS-PEATONALES.png?resize=800%2C403&#038;ssl=1\" alt=\"\" class=\"wp-image-116508\" srcset=\"https:\/\/i0.wp.com\/cdnoticias.com\/wp-content\/uploads\/2024\/05\/SENDAS-PEATONALES.png?resize=1024%2C516&amp;ssl=1 1024w, https:\/\/i0.wp.com\/cdnoticias.com\/wp-content\/uploads\/2024\/05\/SENDAS-PEATONALES.png?resize=300%2C151&amp;ssl=1 300w, https:\/\/i0.wp.com\/cdnoticias.com\/wp-content\/uploads\/2024\/05\/SENDAS-PEATONALES.png?resize=768%2C387&amp;ssl=1 768w, https:\/\/i0.wp.com\/cdnoticias.com\/wp-content\/uploads\/2024\/05\/SENDAS-PEATONALES.png?w=1450&amp;ssl=1 1450w\" sizes=\"auto, (max-width: 800px) 100vw, 800px\" \/><\/figure>\n\n\n\n<p><\/p>\n\n\n\n<p>\u00bfYa te diste cuenta? Claro, <strong>las nuevas sendas peatonales son las correctas ya que se encuentran en correlaci\u00f3n con la normativa de Vialidad Nacional<\/strong>. Las anteriores sendas peatonales estaban fuera de norma y una forma sencilla de notarlo era que, si te deten\u00edas en la l\u00ednea de detenci\u00f3n de las sendas peatonales anteriores, no pod\u00edas ver si ven\u00eda alguien por la otra calle. Para solucionar esto, ten\u00edas que avanzar con tu auto sobre la senda peatonal.<\/p>\n\n\n\n<p>Aclarada la situaci\u00f3n.<\/p>\n\n\n\n<p>Hasta ac\u00e1 llegamos hoy, pero antes de dejo <a href=\"https:\/\/www.businessinsider.es\/ciudad-15-minutos-modelo-ciudad-sostenible-877759\" target=\"_blank\" rel=\"noreferrer noopener\">ac\u00e1<\/a> una recomendaci\u00f3n para leer un poquito m\u00e1s sobre estos cambios en las ciudades.<\/p>\n\n\n\n<p><\/p>\n\n\n\n<p>Nos volvemos a leer en unos d\u00edas.<\/p>\n\n\n\n<p><\/p>\n\n\n\n<p><\/p>\n\n\n\n<p><\/p>\n","protected":false},"excerpt":{"rendered":"<p>Hasta el pr\u00f3ximo domingo 26 de mayo se llevar\u00e1 adelante la \u201cSemana mundial de la Seguridad Vial\u201d, que tiene como<\/p>\n","protected":false},"author":6,"featured_media":116510,"comment_status":"closed","ping_status":"closed","sticky":false,"template":"","format":"standard","meta":{"_jetpack_memberships_contains_paid_content":false,"footnotes":""},"categories":[5,1],"tags":[],"class_list":["post-116501","post","type-post","status-publish","format-standard","has-post-thumbnail","hentry","category-informacion-general","category-portada"],"jetpack_featured_media_url":"https:\/\/i0.wp.com\/cdnoticias.com\/wp-content\/uploads\/2024\/05\/sendas-peatonales-imag.jpg?fit=640%2C426&ssl=1","jetpack_sharing_enabled":true,"_links":{"self":[{"href":"https:\/\/cdnoticias.com\/index.php\/wp-json\/wp\/v2\/posts\/116501","targetHints":{"allow":["GET"]}}],"collection":[{"href":"https:\/\/cdnoticias.com\/index.php\/wp-json\/wp\/v2\/posts"}],"about":[{"href":"https:\/\/cdnoticias.com\/index.php\/wp-json\/wp\/v2\/types\/post"}],"author":[{"embeddable":true,"href":"https:\/\/cdnoticias.com\/index.php\/wp-json\/wp\/v2\/users\/6"}],"replies":[{"embeddable":true,"href":"https:\/\/cdnoticias.com\/index.php\/wp-json\/wp\/v2\/comments?post=116501"}],"version-history":[{"count":0,"href":"https:\/\/cdnoticias.com\/index.php\/wp-json\/wp\/v2\/posts\/116501\/revisions"}],"wp:featuredmedia":[{"embeddable":true,"href":"https:\/\/cdnoticias.com\/index.php\/wp-json\/wp\/v2\/media\/116510"}],"wp:attachment":[{"href":"https:\/\/cdnoticias.com\/index.php\/wp-json\/wp\/v2\/media?parent=116501"}],"wp:term":[{"taxonomy":"category","embeddable":true,"href":"https:\/\/cdnoticias.com\/index.php\/wp-json\/wp\/v2\/categories?post=116501"},{"taxonomy":"post_tag","embeddable":true,"href":"https:\/\/cdnoticias.com\/index.php\/wp-json\/wp\/v2\/tags?post=116501"}],"curies":[{"name":"wp","href":"https:\/\/api.w.org\/{rel}","templated":true}]}}