{"id":116477,"date":"2024-05-19T12:57:06","date_gmt":"2024-05-19T15:57:06","guid":{"rendered":"https:\/\/cdnoticias.com\/?p=116477"},"modified":"2024-05-19T19:00:37","modified_gmt":"2024-05-19T22:00:37","slug":"sierrabayenses-heridos-en-un-choque-y-despiste-en-ruta-3","status":"publish","type":"post","link":"https:\/\/cdnoticias.com\/index.php\/2024\/05\/19\/sierrabayenses-heridos-en-un-choque-y-despiste-en-ruta-3\/","title":{"rendered":"Sierrabayenses heridos en un choque y despiste en ruta 3"},"content":{"rendered":"<p>Fue a la altura de Las Flores. Una camioneta impact\u00f3 contra un cami\u00f3n. Los ocupantes de los dos veh\u00edculos fueron derivados a un centro de salud por prevenci\u00f3n.<!--more--><\/p>\n<hr \/>\n<p>Un<strong> siniestro vial<\/strong> se registr\u00f3 en el distrito de <strong>Las Flores<\/strong> donde<strong> vecinos de Sierras Bayas resultaron heridos<\/strong>. La informaci\u00f3n oficial expuso que <strong>las v\u00edctimas resultaron con lesiones de car\u00e1cter leve.<\/strong><\/p>\n<p>El caso se dio en la ma\u00f1ana del s\u00e1bado, a las 6:15 horas, a la <strong>altura del kil\u00f3metro 208 de la Ruta Nacional 3<\/strong> donde <strong>chocaron un cami\u00f3n y una camioneta<\/strong>.<\/p>\n<p><img data-recalc-dims=\"1\" loading=\"lazy\" decoding=\"async\" class=\"size-large wp-image-116478 aligncenter\" src=\"https:\/\/i0.wp.com\/cdnoticias.com\/wp-content\/uploads\/2024\/05\/choque-las-flores.jpg?resize=800%2C445&#038;ssl=1\" alt=\"\" width=\"800\" height=\"445\" srcset=\"https:\/\/i0.wp.com\/cdnoticias.com\/wp-content\/uploads\/2024\/05\/choque-las-flores.jpg?resize=1024%2C570&amp;ssl=1 1024w, https:\/\/i0.wp.com\/cdnoticias.com\/wp-content\/uploads\/2024\/05\/choque-las-flores.jpg?resize=300%2C167&amp;ssl=1 300w, https:\/\/i0.wp.com\/cdnoticias.com\/wp-content\/uploads\/2024\/05\/choque-las-flores.jpg?resize=768%2C427&amp;ssl=1 768w, https:\/\/i0.wp.com\/cdnoticias.com\/wp-content\/uploads\/2024\/05\/choque-las-flores.jpg?resize=800%2C445&amp;ssl=1 800w, https:\/\/i0.wp.com\/cdnoticias.com\/wp-content\/uploads\/2024\/05\/choque-las-flores.jpg?w=1400&amp;ssl=1 1400w\" sizes=\"auto, (max-width: 800px) 100vw, 800px\" \/><\/p>\n<blockquote><p>De acuerdo con informaci\u00f3n extraoficial, el conductor de la camioneta habr\u00eda intentado realizar una maniobra de adelantamiento sin \u00e9xito. A ra\u00edz de ello habr\u00eda rozado al cami\u00f3n y desencaden\u00f3 el despiste de ambos veh\u00edculos.<\/p><\/blockquote>\n<p>Los <strong>ocupantes de la camioneta, residentes de Sierras Bayas, y el conductor del cami\u00f3n, procedente de Las Flores<\/strong>, fueron <strong>trasladados al hospital municipal de Las Flores<\/strong> para recibir atenci\u00f3n m\u00e9dica.<\/p>\n<p>Se destac\u00f3 que <strong>no se reportaron heridos graves<\/strong>, s\u00f3lo da\u00f1os materiales.<\/p>\n<p><img data-recalc-dims=\"1\" loading=\"lazy\" decoding=\"async\" class=\"size-full wp-image-116480 aligncenter\" src=\"https:\/\/i0.wp.com\/cdnoticias.com\/wp-content\/uploads\/2024\/05\/choque-las-flores-00.jpg?resize=800%2C446&#038;ssl=1\" alt=\"\" width=\"800\" height=\"446\" srcset=\"https:\/\/i0.wp.com\/cdnoticias.com\/wp-content\/uploads\/2024\/05\/choque-las-flores-00.jpg?w=1000&amp;ssl=1 1000w, https:\/\/i0.wp.com\/cdnoticias.com\/wp-content\/uploads\/2024\/05\/choque-las-flores-00.jpg?resize=300%2C167&amp;ssl=1 300w, https:\/\/i0.wp.com\/cdnoticias.com\/wp-content\/uploads\/2024\/05\/choque-las-flores-00.jpg?resize=768%2C428&amp;ssl=1 768w, https:\/\/i0.wp.com\/cdnoticias.com\/wp-content\/uploads\/2024\/05\/choque-las-flores-00.jpg?resize=800%2C445&amp;ssl=1 800w\" sizes=\"auto, (max-width: 800px) 100vw, 800px\" \/><\/p>\n<p><img data-recalc-dims=\"1\" loading=\"lazy\" decoding=\"async\" class=\"size-full wp-image-116479 aligncenter\" src=\"https:\/\/i0.wp.com\/cdnoticias.com\/wp-content\/uploads\/2024\/05\/choque-las-flores-02.jpg?resize=800%2C445&#038;ssl=1\" alt=\"\" width=\"800\" height=\"445\" srcset=\"https:\/\/i0.wp.com\/cdnoticias.com\/wp-content\/uploads\/2024\/05\/choque-las-flores-02.jpg?w=1000&amp;ssl=1 1000w, https:\/\/i0.wp.com\/cdnoticias.com\/wp-content\/uploads\/2024\/05\/choque-las-flores-02.jpg?resize=300%2C167&amp;ssl=1 300w, https:\/\/i0.wp.com\/cdnoticias.com\/wp-content\/uploads\/2024\/05\/choque-las-flores-02.jpg?resize=768%2C427&amp;ssl=1 768w, https:\/\/i0.wp.com\/cdnoticias.com\/wp-content\/uploads\/2024\/05\/choque-las-flores-02.jpg?resize=800%2C445&amp;ssl=1 800w\" sizes=\"auto, (max-width: 800px) 100vw, 800px\" \/><\/p>\n<p>Fuente: Noticias Las Flores<\/p>\n","protected":false},"excerpt":{"rendered":"<p>Fue a la altura de Las Flores. Una camioneta impact\u00f3 contra un cami\u00f3n. Los ocupantes de los dos veh\u00edculos fueron<\/p>\n","protected":false},"author":4,"featured_media":116481,"comment_status":"closed","ping_status":"closed","sticky":false,"template":"","format":"standard","meta":{"_jetpack_memberships_contains_paid_content":false,"footnotes":""},"categories":[14,1],"tags":[],"class_list":["post-116477","post","type-post","status-publish","format-standard","has-post-thumbnail","hentry","category-policiales","category-portada"],"jetpack_featured_media_url":"https:\/\/i0.wp.com\/cdnoticias.com\/wp-content\/uploads\/2024\/05\/choque-las-flores-01.jpg?fit=1000%2C557&ssl=1","jetpack_sharing_enabled":true,"_links":{"self":[{"href":"https:\/\/cdnoticias.com\/index.php\/wp-json\/wp\/v2\/posts\/116477","targetHints":{"allow":["GET"]}}],"collection":[{"href":"https:\/\/cdnoticias.com\/index.php\/wp-json\/wp\/v2\/posts"}],"about":[{"href":"https:\/\/cdnoticias.com\/index.php\/wp-json\/wp\/v2\/types\/post"}],"author":[{"embeddable":true,"href":"https:\/\/cdnoticias.com\/index.php\/wp-json\/wp\/v2\/users\/4"}],"replies":[{"embeddable":true,"href":"https:\/\/cdnoticias.com\/index.php\/wp-json\/wp\/v2\/comments?post=116477"}],"version-history":[{"count":0,"href":"https:\/\/cdnoticias.com\/index.php\/wp-json\/wp\/v2\/posts\/116477\/revisions"}],"wp:featuredmedia":[{"embeddable":true,"href":"https:\/\/cdnoticias.com\/index.php\/wp-json\/wp\/v2\/media\/116481"}],"wp:attachment":[{"href":"https:\/\/cdnoticias.com\/index.php\/wp-json\/wp\/v2\/media?parent=116477"}],"wp:term":[{"taxonomy":"category","embeddable":true,"href":"https:\/\/cdnoticias.com\/index.php\/wp-json\/wp\/v2\/categories?post=116477"},{"taxonomy":"post_tag","embeddable":true,"href":"https:\/\/cdnoticias.com\/index.php\/wp-json\/wp\/v2\/tags?post=116477"}],"curies":[{"name":"wp","href":"https:\/\/api.w.org\/{rel}","templated":true}]}}