{"id":116469,"date":"2024-05-19T17:00:05","date_gmt":"2024-05-19T20:00:05","guid":{"rendered":"https:\/\/cdnoticias.com\/?p=116469"},"modified":"2024-05-20T07:44:43","modified_gmt":"2024-05-20T10:44:43","slug":"coopelectric-la-lista-amarilla-se-reunio-en-coopelectric","status":"publish","type":"post","link":"https:\/\/cdnoticias.com\/index.php\/2024\/05\/19\/coopelectric-la-lista-amarilla-se-reunio-en-coopelectric\/","title":{"rendered":"Coopelectric: la Lista Amarilla se reuni\u00f3 en Pueblo Nuevo"},"content":{"rendered":"<p>Durante el encuentro, se realiz\u00f3 un balance de la gesti\u00f3n y los logros alcanzados. \u201cSe se\u00f1alaron numerosas obras de iluminaci\u00f3n en el partido de Olavarr\u00eda e importantes mejoras en el servicio de Obras Sanitarias\u201d se destac\u00f3.<!--more--><\/p>\n<hr \/>\n<p>En el Club Pueblo se llev\u00f3 a cabo <strong>una reuni\u00f3n organizada por la Lista Amarilla que conduce Coopelectric<\/strong>.<\/p>\n<p>Cont\u00f3 con la participaci\u00f3n de su <strong>referente Mario Cura<\/strong>, el <strong>presidente del Consejo de Administraci\u00f3n de Coopelectric Cruz Arouxet<\/strong>, integrantes del <strong>Consejo<\/strong>, la <strong>presidenta del cuerpo de Delegados Vanesa Andreis<\/strong> y los <strong>delegados que conforman la Asamblea<\/strong>, el m\u00e1ximo \u00f3rgano de gobierno de la Cooperativa.<\/p>\n<p>Durante el encuentro, se realiz\u00f3 un<strong> balance exhaustivo de la gesti\u00f3n de la Lista Amarilla y los logros alcanzados<\/strong> a lo largo del tiempo que benefician a los asociados y sus familias.<\/p>\n<blockquote><p>\u201cSe se\u00f1alaron numerosas obras de iluminaci\u00f3n en el partido de Olavarr\u00eda e importantes mejoras en el servicio de Obras Sanitarias, se subray\u00f3 el acompa\u00f1amiento a las familias a trav\u00e9s de los Servicios Sociales prestados por Pinos de Paz. Asimismo, se destac\u00f3 el aporte educativo del Centro de Estudios Universitarios (CEU) y su crecimiento durante la pandemia\u201d se destac\u00f3 desde la Agrupaci\u00f3n.<\/p><\/blockquote>\n<p>Tambi\u00e9n se puso en valor la funci\u00f3n de los Delegados<strong> \u201cla Asamblea est\u00e1 integrada por referentes de los distintos barrios y entidades intermedias de la ciudad y localidades del Partido<\/strong>. Son los representantes de los socios ante la cooperativa, son nexo y puente con los vecinos, escuchan sus inquietudes y accionan para brindar respuestas y soluciones\u201d indicaron.<\/p>\n<p>Por otro lado, se aclar\u00f3 que \u201cel Consejo de Administraci\u00f3n de Coopelectric decidi\u00f3<strong> eliminar la cuota capital<\/strong> de las facturas de electricidad, <strong>debido a la actualizaci\u00f3n de los cuadros tarifarios del Servicio El\u00e9ctrico\u201d<\/strong>. <a href=\"https:\/\/cdnoticias.com\/index.php\/2024\/05\/08\/tras-dos-anos-y-cinco-resoluciones-de-oceba-coopelectric-dejo-de-cobrar-la-cuota-capital\/\" target=\"_blank\" rel=\"noopener\">Cabe recordar que esta medida se tom\u00f3 a principios de mayo<\/a>.<\/p>\n<blockquote><p>Finalmente, se defini\u00f3 que \u201cla Lista Amarilla ha demostrado un compromiso constante para atender las demandas de los asociados, satisfacer sus necesidades y prestar servicios de calidad. En este sentido, la Lista reafirm\u00f3 su compromiso de continuar trabajando incansablemente en pos de mejorar la calidad de vida de los asociados, valorando el cooperativismo como pilar fundamental de la gesti\u00f3n\u201d.<\/p><\/blockquote>\n<p>\u201cCon una visi\u00f3n centrada en el bienestar y el progreso de la comunidad, <strong>la Lista Amarilla continuar\u00e1 impulsando proyectos basados en los principios y valores de la econom\u00eda social y solidaria\u201d<\/strong> cerr\u00f3 la agrupaci\u00f3n liderada por Mario Cura.<\/p>\n","protected":false},"excerpt":{"rendered":"<p>Durante el encuentro, se realiz\u00f3 un balance de la gesti\u00f3n y los logros alcanzados. \u201cSe se\u00f1alaron numerosas obras de iluminaci\u00f3n<\/p>\n","protected":false},"author":4,"featured_media":116470,"comment_status":"closed","ping_status":"closed","sticky":false,"template":"","format":"standard","meta":{"_jetpack_memberships_contains_paid_content":false,"footnotes":""},"categories":[4,1],"tags":[],"class_list":["post-116469","post","type-post","status-publish","format-standard","has-post-thumbnail","hentry","category-politica","category-portada"],"jetpack_featured_media_url":"https:\/\/i0.wp.com\/cdnoticias.com\/wp-content\/uploads\/2024\/05\/lista-amarilla-00.jpg?fit=800%2C445&ssl=1","jetpack_sharing_enabled":true,"_links":{"self":[{"href":"https:\/\/cdnoticias.com\/index.php\/wp-json\/wp\/v2\/posts\/116469","targetHints":{"allow":["GET"]}}],"collection":[{"href":"https:\/\/cdnoticias.com\/index.php\/wp-json\/wp\/v2\/posts"}],"about":[{"href":"https:\/\/cdnoticias.com\/index.php\/wp-json\/wp\/v2\/types\/post"}],"author":[{"embeddable":true,"href":"https:\/\/cdnoticias.com\/index.php\/wp-json\/wp\/v2\/users\/4"}],"replies":[{"embeddable":true,"href":"https:\/\/cdnoticias.com\/index.php\/wp-json\/wp\/v2\/comments?post=116469"}],"version-history":[{"count":0,"href":"https:\/\/cdnoticias.com\/index.php\/wp-json\/wp\/v2\/posts\/116469\/revisions"}],"wp:featuredmedia":[{"embeddable":true,"href":"https:\/\/cdnoticias.com\/index.php\/wp-json\/wp\/v2\/media\/116470"}],"wp:attachment":[{"href":"https:\/\/cdnoticias.com\/index.php\/wp-json\/wp\/v2\/media?parent=116469"}],"wp:term":[{"taxonomy":"category","embeddable":true,"href":"https:\/\/cdnoticias.com\/index.php\/wp-json\/wp\/v2\/categories?post=116469"},{"taxonomy":"post_tag","embeddable":true,"href":"https:\/\/cdnoticias.com\/index.php\/wp-json\/wp\/v2\/tags?post=116469"}],"curies":[{"name":"wp","href":"https:\/\/api.w.org\/{rel}","templated":true}]}}