{"id":116450,"date":"2024-05-19T20:03:56","date_gmt":"2024-05-19T23:03:56","guid":{"rendered":"https:\/\/cdnoticias.com\/?p=116450"},"modified":"2024-05-19T20:03:58","modified_gmt":"2024-05-19T23:03:58","slug":"las-escuelas-secundarias-de-olavarria-eligen-a-sus-concejales-estudiantiles","status":"publish","type":"post","link":"https:\/\/cdnoticias.com\/index.php\/2024\/05\/19\/las-escuelas-secundarias-de-olavarria-eligen-a-sus-concejales-estudiantiles\/","title":{"rendered":"Las escuelas secundarias de Olavarr\u00eda eligen a sus Concejales Estudiantiles"},"content":{"rendered":"<p>Integrantes de la comisi\u00f3n de Educaci\u00f3n del HCD visitaron escuelas secundarias para incentivar la participaci\u00f3n. Hasta el 31 de mayo los y las estudiantes eligen a sus representantes.<!--more--><\/p>\n<hr \/>\n<p>Durante los \u00faltimos d\u00edas, <strong>integrantes de la comisi\u00f3n de Educaci\u00f3n del HCD<\/strong> visitaron <strong>escuelas secundarias<\/strong> para incentivar la <strong>participaci\u00f3n al Concejo Deliberante Estudiantil (CDE)<\/strong>. Hasta el 31 de mayo los y las estudiantes tienen tiempo para elegir a sus representantes.<\/p>\n<p>Esta semana, los ediles visitaron las <strong>escuelas secundarias N\u00b08, N\u00b014, N\u00b017, N\u00b018, N\u00b021, Santa Teresa, San Antonio y Rosario<\/strong>. En cada una de las recorridas, explicaron el funcionamiento del Concejo Deliberante e incentivaron a los estudiantes a participar en el Concejo Estudiantil.<\/p>\n<blockquote><p>La presidenta de la Comisi\u00f3n de Educaci\u00f3n, Telma Cazot, asegur\u00f3: &#8220;Las visitas a las escuelas fueron enriquecedoras, permitieron escuchar la voz de los estudiantes y los animaron a postularse y expresar sus proyectos&#8221;.<\/p><\/blockquote>\n<p><img data-recalc-dims=\"1\" loading=\"lazy\" decoding=\"async\" class=\"size-full wp-image-116453 aligncenter\" src=\"https:\/\/i0.wp.com\/cdnoticias.com\/wp-content\/uploads\/2024\/05\/HCD-concejo-deliberante-estudiantil-secundarias-02.jpg?resize=800%2C445&#038;ssl=1\" alt=\"\" width=\"800\" height=\"445\" srcset=\"https:\/\/i0.wp.com\/cdnoticias.com\/wp-content\/uploads\/2024\/05\/HCD-concejo-deliberante-estudiantil-secundarias-02.jpg?w=800&amp;ssl=1 800w, https:\/\/i0.wp.com\/cdnoticias.com\/wp-content\/uploads\/2024\/05\/HCD-concejo-deliberante-estudiantil-secundarias-02.jpg?resize=300%2C167&amp;ssl=1 300w, https:\/\/i0.wp.com\/cdnoticias.com\/wp-content\/uploads\/2024\/05\/HCD-concejo-deliberante-estudiantil-secundarias-02.jpg?resize=768%2C427&amp;ssl=1 768w\" sizes=\"auto, (max-width: 800px) 100vw, 800px\" \/><\/p>\n<p>El cronograma acordado para el CDE prev\u00e9 que <strong>las elecciones de los concejales estudiantiles de cada escuela se desarrollen durante el mes de mayo<\/strong>. Algunas instituciones ya realizaron las votaciones y muchas otras las celebrar\u00e1n en los pr\u00f3ximos d\u00edas.<\/p>\n<p>La semana pr\u00f3xima, la Comisi\u00f3n de Educaci\u00f3n del HCD continuar\u00e1 con las visitas a las escuelas secundarias. <strong>El lunes estar\u00e1n presentes en las localidades de Espigas y Recalde.<\/strong><\/p>\n<p><img data-recalc-dims=\"1\" loading=\"lazy\" decoding=\"async\" class=\"size-full wp-image-116452 aligncenter\" src=\"https:\/\/i0.wp.com\/cdnoticias.com\/wp-content\/uploads\/2024\/05\/HCD-concejo-deliberante-estudiantil-secundarias-01.jpg?resize=800%2C445&#038;ssl=1\" alt=\"\" width=\"800\" height=\"445\" srcset=\"https:\/\/i0.wp.com\/cdnoticias.com\/wp-content\/uploads\/2024\/05\/HCD-concejo-deliberante-estudiantil-secundarias-01.jpg?w=800&amp;ssl=1 800w, https:\/\/i0.wp.com\/cdnoticias.com\/wp-content\/uploads\/2024\/05\/HCD-concejo-deliberante-estudiantil-secundarias-01.jpg?resize=300%2C167&amp;ssl=1 300w, https:\/\/i0.wp.com\/cdnoticias.com\/wp-content\/uploads\/2024\/05\/HCD-concejo-deliberante-estudiantil-secundarias-01.jpg?resize=768%2C427&amp;ssl=1 768w\" sizes=\"auto, (max-width: 800px) 100vw, 800px\" \/><\/p>\n<p><strong>Este a\u00f1o se inscribieron al Concejo Deliberante Estudiantil 44 escuelas secundarias<\/strong>, <a href=\"https:\/\/cdnoticias.com\/index.php\/2024\/04\/16\/hcd-estudiantil-inscripcion-record-y-participacion-de-escuelas-de-educacion-especial\/\" target=\"_blank\" rel=\"noopener\">n\u00famero r\u00e9cord en la historia del CDE<\/a>. Por primera vez participan escuelas de educaci\u00f3n especial y de adultos.<\/p>\n<p>La <strong>presentaci\u00f3n oficial de los concejales estudiantiles<\/strong> est\u00e1 prevista para el <strong>11 de julio<\/strong>, mientras que las <strong>dos sesiones<\/strong> del CDE <strong>se realizar\u00e1n el 22 de agosto y el 10 de octubre<\/strong>. El cierre tendr\u00e1 lugar el 14 de noviembre con entrega de diplomas y reconocimientos.<\/p>\n<p>Los integrantes de la comisi\u00f3n son: <em>Telma Cazot, Miriam Mosescu, Paola Odello, Mar\u00eda Adela Casamayor, Hosanna Cazola, Hern\u00e1n Quiroga, Carlos Coscia y Francisco Gonz\u00e1lez.<\/em><\/p>\n","protected":false},"excerpt":{"rendered":"<p>Integrantes de la comisi\u00f3n de Educaci\u00f3n del HCD visitaron escuelas secundarias para incentivar la participaci\u00f3n. Hasta el 31 de mayo<\/p>\n","protected":false},"author":4,"featured_media":116451,"comment_status":"closed","ping_status":"closed","sticky":false,"template":"","format":"standard","meta":{"_jetpack_memberships_contains_paid_content":false,"footnotes":""},"categories":[4,1],"tags":[],"class_list":["post-116450","post","type-post","status-publish","format-standard","has-post-thumbnail","hentry","category-politica","category-portada"],"jetpack_featured_media_url":"https:\/\/i0.wp.com\/cdnoticias.com\/wp-content\/uploads\/2024\/05\/HCD-concejo-deliberante-estudiantil-secundarias-00.jpg?fit=800%2C445&ssl=1","jetpack_sharing_enabled":true,"_links":{"self":[{"href":"https:\/\/cdnoticias.com\/index.php\/wp-json\/wp\/v2\/posts\/116450","targetHints":{"allow":["GET"]}}],"collection":[{"href":"https:\/\/cdnoticias.com\/index.php\/wp-json\/wp\/v2\/posts"}],"about":[{"href":"https:\/\/cdnoticias.com\/index.php\/wp-json\/wp\/v2\/types\/post"}],"author":[{"embeddable":true,"href":"https:\/\/cdnoticias.com\/index.php\/wp-json\/wp\/v2\/users\/4"}],"replies":[{"embeddable":true,"href":"https:\/\/cdnoticias.com\/index.php\/wp-json\/wp\/v2\/comments?post=116450"}],"version-history":[{"count":0,"href":"https:\/\/cdnoticias.com\/index.php\/wp-json\/wp\/v2\/posts\/116450\/revisions"}],"wp:featuredmedia":[{"embeddable":true,"href":"https:\/\/cdnoticias.com\/index.php\/wp-json\/wp\/v2\/media\/116451"}],"wp:attachment":[{"href":"https:\/\/cdnoticias.com\/index.php\/wp-json\/wp\/v2\/media?parent=116450"}],"wp:term":[{"taxonomy":"category","embeddable":true,"href":"https:\/\/cdnoticias.com\/index.php\/wp-json\/wp\/v2\/categories?post=116450"},{"taxonomy":"post_tag","embeddable":true,"href":"https:\/\/cdnoticias.com\/index.php\/wp-json\/wp\/v2\/tags?post=116450"}],"curies":[{"name":"wp","href":"https:\/\/api.w.org\/{rel}","templated":true}]}}