{"id":116434,"date":"2024-05-18T18:06:52","date_gmt":"2024-05-18T21:06:52","guid":{"rendered":"https:\/\/cdnoticias.com\/?p=116434"},"modified":"2024-05-18T18:06:54","modified_gmt":"2024-05-18T21:06:54","slug":"miguel-osvaldo-schwab-pocho-q-e-p-d","status":"publish","type":"post","link":"https:\/\/cdnoticias.com\/index.php\/2024\/05\/18\/miguel-osvaldo-schwab-pocho-q-e-p-d\/","title":{"rendered":"Miguel Osvaldo Schwab &#8220;Pocho&#8221; (Q.E.P.D.)"},"content":{"rendered":"<p>Falleci\u00f3 en Olavarr\u00eda el d\u00eda 17 de mayo de 2024 a los 82 a\u00f1os de edad.<\/p>\n<p>Su esposa: Mar\u00eda Cristina M\u00e9ndez. Sus hijos: Antonio, Fabi\u00e1n, Juan y Mar\u00eda Jorgelina. Sus hijos pol\u00edticos: Natalia, Yolanda y Mariana. Sus nietos, sobrinos y dem\u00e1s deudos participan su fallecimiento.<\/p>\n<p>Velatorio: Espa\u00f1a 2942 departamento &#8220;F&#8221;, cierra 23 hs, reabre 8:30. Responso: Capilla Ardiente. Inhumaci\u00f3n: Loma de Paz domingo 19 de mayo a las 10:30 hs. Servicio adherido a Coopelectric.<\/p>\n<p>Barrio en el que viv\u00eda: Dura\u00f1ona.<\/p>\n<p>Lugar de nacimiento: Laprida.<\/p>\n<p>Actividad que desarrollaba: Jubilado.<\/p>\n","protected":false},"excerpt":{"rendered":"<p>Falleci\u00f3 en Olavarr\u00eda el d\u00eda 17 de mayo de 2024 a los 82 a\u00f1os de edad. Su esposa: Mar\u00eda Cristina<\/p>\n","protected":false},"author":4,"featured_media":51544,"comment_status":"closed","ping_status":"closed","sticky":false,"template":"","format":"standard","meta":{"_jetpack_memberships_contains_paid_content":false,"footnotes":""},"categories":[10],"tags":[],"class_list":["post-116434","post","type-post","status-publish","format-standard","has-post-thumbnail","hentry","category-necrologicas"],"jetpack_featured_media_url":"https:\/\/i0.wp.com\/cdnoticias.com\/wp-content\/uploads\/2022\/04\/necrologicas-390-x-240.jpg?fit=390%2C240&ssl=1","jetpack_sharing_enabled":true,"_links":{"self":[{"href":"https:\/\/cdnoticias.com\/index.php\/wp-json\/wp\/v2\/posts\/116434","targetHints":{"allow":["GET"]}}],"collection":[{"href":"https:\/\/cdnoticias.com\/index.php\/wp-json\/wp\/v2\/posts"}],"about":[{"href":"https:\/\/cdnoticias.com\/index.php\/wp-json\/wp\/v2\/types\/post"}],"author":[{"embeddable":true,"href":"https:\/\/cdnoticias.com\/index.php\/wp-json\/wp\/v2\/users\/4"}],"replies":[{"embeddable":true,"href":"https:\/\/cdnoticias.com\/index.php\/wp-json\/wp\/v2\/comments?post=116434"}],"version-history":[{"count":0,"href":"https:\/\/cdnoticias.com\/index.php\/wp-json\/wp\/v2\/posts\/116434\/revisions"}],"wp:featuredmedia":[{"embeddable":true,"href":"https:\/\/cdnoticias.com\/index.php\/wp-json\/wp\/v2\/media\/51544"}],"wp:attachment":[{"href":"https:\/\/cdnoticias.com\/index.php\/wp-json\/wp\/v2\/media?parent=116434"}],"wp:term":[{"taxonomy":"category","embeddable":true,"href":"https:\/\/cdnoticias.com\/index.php\/wp-json\/wp\/v2\/categories?post=116434"},{"taxonomy":"post_tag","embeddable":true,"href":"https:\/\/cdnoticias.com\/index.php\/wp-json\/wp\/v2\/tags?post=116434"}],"curies":[{"name":"wp","href":"https:\/\/api.w.org\/{rel}","templated":true}]}}