{"id":116423,"date":"2024-05-19T10:08:58","date_gmt":"2024-05-19T13:08:58","guid":{"rendered":"https:\/\/cdnoticias.com\/?p=116423"},"modified":"2024-05-19T12:10:37","modified_gmt":"2024-05-19T15:10:37","slug":"nueva-fecha-para-la-campana-de-recoleccion-de-basura-electronica","status":"publish","type":"post","link":"https:\/\/cdnoticias.com\/index.php\/2024\/05\/19\/nueva-fecha-para-la-campana-de-recoleccion-de-basura-electronica\/","title":{"rendered":"Nueva fecha para la campa\u00f1a de recolecci\u00f3n de basura electr\u00f3nica"},"content":{"rendered":"\n<p>La primera edici\u00f3n del a\u00f1o ser\u00e1 el pr\u00f3ximo jueves 23 en Parque Avellaneda. Conoc\u00e9 los residuos que se pueden llevar. &nbsp;<\/p>\n\n\n\n<hr class=\"wp-block-separator aligncenter has-alpha-channel-opacity\"\/>\n\n\n\n<p>El <strong>pr\u00f3ximo jueves 23 <\/strong>se llevar\u00e1 a cabo la<strong> primera edici\u00f3n del a\u00f1o de recolecci\u00f3n de basura electr\u00f3nica.<\/strong><\/p>\n\n\n\n<p><\/p>\n\n\n\n<p>Cabe recordar que la jornada estaba prevista para el viernes 17 y <strong><a href=\"https:\/\/cdnoticias.com\/index.php\/2024\/05\/17\/se-suspendio-la-campana-de-recoleccion-de-basura-electronica\/\" data-type=\"post\" data-id=\"116346\" target=\"_blank\" rel=\"noreferrer noopener\">debi\u00f3 suspenderse<\/a> por las condiciones clim\u00e1ticas<\/strong> desfavorables.<\/p>\n\n\n\n<p><\/p>\n\n\n\n<blockquote class=\"wp-block-quote is-layout-flow wp-block-quote-is-layout-flow\">\n<p>La jornada ser\u00e1 en el Parque Avellaneda (Avellaneda y Santa Cruz, frente al barrio CECO), de 10 a 13 horas.<\/p>\n<\/blockquote>\n\n\n\n<p><\/p>\n\n\n\n<p>En esta oportunidad, <strong>los residuos que se reciben son<\/strong>: computadoras, impresoras, monitores, celulares, televisores, centrales telef\u00f3nicas, routers, electrodom\u00e9sticos peque\u00f1os, radios, videoc\u00e1maras, relojes y videojuegos. <\/p>\n\n\n\n<p><\/p>\n\n\n\n<p><strong>No se recibir\u00e1n<\/strong>: heladeras, lavarropas, cocinas, lavavajillas, t\u00f3ner, bater\u00edas, pilas y l\u00e1mparas. Para m\u00e1s informaci\u00f3n, comunicarse con la Coordinaci\u00f3n de Ambiente al tel\u00e9fono 422135\/95.<\/p>\n","protected":false},"excerpt":{"rendered":"<p>La primera edici\u00f3n del a\u00f1o ser\u00e1 el pr\u00f3ximo jueves 23 en Parque Avellaneda. Conoc\u00e9 los residuos que se pueden llevar.<\/p>\n","protected":false},"author":6,"featured_media":97139,"comment_status":"closed","ping_status":"closed","sticky":false,"template":"","format":"standard","meta":{"_jetpack_memberships_contains_paid_content":false,"footnotes":""},"categories":[5,1],"tags":[],"class_list":["post-116423","post","type-post","status-publish","format-standard","has-post-thumbnail","hentry","category-informacion-general","category-portada"],"jetpack_featured_media_url":"https:\/\/i0.wp.com\/cdnoticias.com\/wp-content\/uploads\/2023\/09\/DE-Basura-Electronica-1024x682-1.jpg?fit=1024%2C682&ssl=1","jetpack_sharing_enabled":true,"_links":{"self":[{"href":"https:\/\/cdnoticias.com\/index.php\/wp-json\/wp\/v2\/posts\/116423","targetHints":{"allow":["GET"]}}],"collection":[{"href":"https:\/\/cdnoticias.com\/index.php\/wp-json\/wp\/v2\/posts"}],"about":[{"href":"https:\/\/cdnoticias.com\/index.php\/wp-json\/wp\/v2\/types\/post"}],"author":[{"embeddable":true,"href":"https:\/\/cdnoticias.com\/index.php\/wp-json\/wp\/v2\/users\/6"}],"replies":[{"embeddable":true,"href":"https:\/\/cdnoticias.com\/index.php\/wp-json\/wp\/v2\/comments?post=116423"}],"version-history":[{"count":0,"href":"https:\/\/cdnoticias.com\/index.php\/wp-json\/wp\/v2\/posts\/116423\/revisions"}],"wp:featuredmedia":[{"embeddable":true,"href":"https:\/\/cdnoticias.com\/index.php\/wp-json\/wp\/v2\/media\/97139"}],"wp:attachment":[{"href":"https:\/\/cdnoticias.com\/index.php\/wp-json\/wp\/v2\/media?parent=116423"}],"wp:term":[{"taxonomy":"category","embeddable":true,"href":"https:\/\/cdnoticias.com\/index.php\/wp-json\/wp\/v2\/categories?post=116423"},{"taxonomy":"post_tag","embeddable":true,"href":"https:\/\/cdnoticias.com\/index.php\/wp-json\/wp\/v2\/tags?post=116423"}],"curies":[{"name":"wp","href":"https:\/\/api.w.org\/{rel}","templated":true}]}}