{"id":116419,"date":"2024-05-18T11:44:51","date_gmt":"2024-05-18T14:44:51","guid":{"rendered":"https:\/\/cdnoticias.com\/?p=116419"},"modified":"2024-05-18T11:44:53","modified_gmt":"2024-05-18T14:44:53","slug":"hilda-maria-bondioni-pichona-q-e-p-d","status":"publish","type":"post","link":"https:\/\/cdnoticias.com\/index.php\/2024\/05\/18\/hilda-maria-bondioni-pichona-q-e-p-d\/","title":{"rendered":"Hilda Mar\u00eda Bondioni \u201cPichona\u201d (Q.E.P.D.)"},"content":{"rendered":"\n<p>Falleci\u00f3 en Olavarr\u00eda el 18 de mayo de 2024 a los 83 a\u00f1os.<\/p>\n\n\n\n<p>Sus hijos Emilia, Jos\u00e9 y Pedro. Sus nietos Martina, Facundo, Juli\u00e1n, Luciana, Carolina, Yamila y Milagros. Su nieta pol\u00edtica Juliana y Alejandro. Sus bisnietos Bastian, Sof\u00eda, Francesco, Lola, Nilo y P\u00eda. Su nuera Mariela. Su yerno Jos\u00e9 y dem\u00e1s deudos participan su fallecimiento.<\/p>\n\n\n\n<p>Velatorio: Espa\u00f1a 2942 departamento &#8220;B&#8221; 18 de mayo de 2024 a las 16:00 horas. Responso: Capilla Ardiente. Inhumaci\u00f3n: Cementerio Loma de Paz, domingo 19 a las 08:30. Servicio adherido a Coopelectric.<\/p>\n\n\n\n<p>Actividad que desarrollaba: Jubilada y Pensionada<\/p>\n","protected":false},"excerpt":{"rendered":"<p>Falleci\u00f3 en Olavarr\u00eda el 18 de mayo de 2024 a los 83 a\u00f1os. Sus hijos Emilia, Jos\u00e9 y Pedro. Sus<\/p>\n","protected":false},"author":6,"featured_media":67646,"comment_status":"closed","ping_status":"closed","sticky":false,"template":"","format":"standard","meta":{"_jetpack_memberships_contains_paid_content":false,"footnotes":""},"categories":[10],"tags":[],"class_list":["post-116419","post","type-post","status-publish","format-standard","has-post-thumbnail","hentry","category-necrologicas"],"jetpack_featured_media_url":"https:\/\/i0.wp.com\/cdnoticias.com\/wp-content\/uploads\/2022\/10\/necrologicas-390-x-240.jpg?fit=390%2C240&ssl=1","jetpack_sharing_enabled":true,"_links":{"self":[{"href":"https:\/\/cdnoticias.com\/index.php\/wp-json\/wp\/v2\/posts\/116419","targetHints":{"allow":["GET"]}}],"collection":[{"href":"https:\/\/cdnoticias.com\/index.php\/wp-json\/wp\/v2\/posts"}],"about":[{"href":"https:\/\/cdnoticias.com\/index.php\/wp-json\/wp\/v2\/types\/post"}],"author":[{"embeddable":true,"href":"https:\/\/cdnoticias.com\/index.php\/wp-json\/wp\/v2\/users\/6"}],"replies":[{"embeddable":true,"href":"https:\/\/cdnoticias.com\/index.php\/wp-json\/wp\/v2\/comments?post=116419"}],"version-history":[{"count":0,"href":"https:\/\/cdnoticias.com\/index.php\/wp-json\/wp\/v2\/posts\/116419\/revisions"}],"wp:featuredmedia":[{"embeddable":true,"href":"https:\/\/cdnoticias.com\/index.php\/wp-json\/wp\/v2\/media\/67646"}],"wp:attachment":[{"href":"https:\/\/cdnoticias.com\/index.php\/wp-json\/wp\/v2\/media?parent=116419"}],"wp:term":[{"taxonomy":"category","embeddable":true,"href":"https:\/\/cdnoticias.com\/index.php\/wp-json\/wp\/v2\/categories?post=116419"},{"taxonomy":"post_tag","embeddable":true,"href":"https:\/\/cdnoticias.com\/index.php\/wp-json\/wp\/v2\/tags?post=116419"}],"curies":[{"name":"wp","href":"https:\/\/api.w.org\/{rel}","templated":true}]}}