{"id":116417,"date":"2024-05-18T11:30:04","date_gmt":"2024-05-18T14:30:04","guid":{"rendered":"https:\/\/cdnoticias.com\/?p=116417"},"modified":"2024-05-18T11:30:06","modified_gmt":"2024-05-18T14:30:06","slug":"la-pobreza-trepo-al-49-en-el-ultimo-semestre-de-acuerdo-a-un-informe-privado","status":"publish","type":"post","link":"https:\/\/cdnoticias.com\/index.php\/2024\/05\/18\/la-pobreza-trepo-al-49-en-el-ultimo-semestre-de-acuerdo-a-un-informe-privado\/","title":{"rendered":"La pobreza trep\u00f3 al 49% en el \u00faltimo semestre de acuerdo a un informe privado"},"content":{"rendered":"\n<p>As\u00ed lo revel\u00f3 el \u00faltimo informe de pobreza de la Universidad Torcuato Di Tella. Alcanza a alrededor de 29.4 millones de personas.<\/p>\n\n\n\n<hr class=\"wp-block-separator aligncenter has-alpha-channel-opacity\"\/>\n\n\n\n<p>La <strong>pobreza aument\u00f3 al 48,9% de la poblaci\u00f3n en el semestre noviembre-abril<\/strong>, alcanzando a <strong>29.4 millones de personas<\/strong>, seg\u00fan el \u00faltimo informe de la Universidad Torcuato Di Tella.<\/p>\n\n\n\n<p><\/p>\n\n\n\n<p>Se trata de un <strong>incremento de 0,6 puntos porcentuales<\/strong> respecto del dato octubre-marzo y de <strong>7,2 puntos en comparaci\u00f3n con el dato semestral<\/strong> que se inform\u00f3 en diciembre pasado.<\/p>\n\n\n\n<p><\/p>\n\n\n\n<p>\u201cEsta proyecci\u00f3n sugiere que alrededor del 49% de las personas viven en hogares urbanos pobres. La poblaci\u00f3n urbana capturada por la EPH en el semestre de referencia se estim\u00f3 en 29.4 millones de personas lo que implica que alrededor de 14.4 millones viven en hogares urbanos pobres\u201d, precis\u00f3 el informe.<\/p>\n\n\n\n<p><\/p>\n\n\n\n<p>La <strong>Canasta B\u00e1sica Total <\/strong>promedio de la regi\u00f3n del Gran Buenos Aires (GBA) para el semestre de referencia se estim\u00f3 en<strong> $203.642 por adulto equivalente.<\/strong><\/p>\n\n\n\n<p><\/p>\n\n\n\n<blockquote class=\"wp-block-quote is-layout-flow wp-block-quote-is-layout-flow\">\n<p>Esto es un aumento interanual de 265,3%. Para el promedio del ingreso total familiar (ITF) se proyect\u00f3 para el semestre un incremento interanual de 196,1%.<\/p>\n<\/blockquote>\n\n\n\n<p><\/p>\n\n\n\n<p>Con estos datos y la simulaci\u00f3n de los microdatos de la Encuesta Permanente de Hogares (EPH) del cuarto trimestre de 2023 y del primer y segundo trimestre de 2024 es que se proyect\u00f3 la tasa de pobreza, seg\u00fan se explic\u00f3 en el informe.<\/p>\n\n\n\n<p><\/p>\n\n\n\n<p>Esto se da en un marco de <strong>fuerte ca\u00edda del poder adquisitivo. <\/strong>Cabe se\u00f1alar que en los primeros tres meses del a\u00f1o los ingresos de los trabajadores estables avanzaron 45,7%, contra una inflaci\u00f3n del 51,6%, seg\u00fan surge de la Remuneraci\u00f3n Imponible Promedio de los Trabajadores Estables (RIPTE). Este alcanz\u00f3 un valor del $705.832,58 en marzo.<\/p>\n\n\n\n<p><\/p>\n\n\n\n<blockquote class=\"wp-block-quote is-layout-flow wp-block-quote-is-layout-flow\">\n<p>A su vez, la tasa de indigencia, referida a quienes no tienen cubiertas sus necesidades alimentarias, lleg\u00f3 al 11,9%, es decir unas 5,5 millones de personas.<\/p>\n<\/blockquote>\n\n\n\n<p><\/p>\n\n\n\n<p>El dato de la Di Tella surge luego de que el Indec publicara la<strong> inflaci\u00f3n de abril, que fue 8,8%<\/strong>, y del aumento de la canasta b\u00e1sica.<\/p>\n\n\n\n<p><\/p>\n\n\n\n<p>En primer lugar, la Canasta B\u00e1sica Total (CBT) aument\u00f3 7,1% mensual. Subi\u00f3 67% en lo que va del a\u00f1o y 307,2% en los \u00faltimos doce meses. Las necesidades para un adulto \u201cequivalente\u201d a esa cesta sumaron 268.012 pesos.<\/p>\n\n\n\n<p><\/p>\n\n\n\n<blockquote class=\"wp-block-quote is-layout-flow wp-block-quote-is-layout-flow\">\n<p>De este modo, una familia tipo de cuatro integrantes necesit\u00f3 ingresos en abril por $828.158 para no quedar por debajo de la l\u00ednea de pobreza.<\/p>\n<\/blockquote>\n\n\n\n<p><\/p>\n\n\n\n<p>Asimismo, la Canasta B\u00e1sica Alimentaria (CBA) marc\u00f3 un aumento del 4,2%. La suba acumulada en 2024 fue del 55% y de 296,2% en el \u00faltimo a\u00f1o. As\u00ed, <strong>la misma familia necesit\u00f3 $373.044 para no ser indigente.<\/strong><\/p>\n\n\n\n<p><\/p>\n\n\n\n<p>El indicador no ha dejado de empeorar: <strong>si se miran tambi\u00e9n los datos de 2022, el 39,2% de las personas era considerada pobre en la Argentina y un 8,1%, indigente.<\/strong><\/p>\n\n\n\n<p><\/p>\n\n\n\n<p><em>Fuente: DIB<\/em><\/p>\n","protected":false},"excerpt":{"rendered":"<p>As\u00ed lo revel\u00f3 el \u00faltimo informe de pobreza de la Universidad Torcuato Di Tella. Alcanza a alrededor de 29.4 millones<\/p>\n","protected":false},"author":6,"featured_media":112576,"comment_status":"closed","ping_status":"closed","sticky":false,"template":"","format":"standard","meta":{"_jetpack_memberships_contains_paid_content":false,"footnotes":""},"categories":[6,1],"tags":[],"class_list":["post-116417","post","type-post","status-publish","format-standard","has-post-thumbnail","hentry","category-nacionales","category-portada"],"jetpack_featured_media_url":"https:\/\/i0.wp.com\/cdnoticias.com\/wp-content\/uploads\/2024\/03\/DIB-pobreza.jpg?fit=800%2C451&ssl=1","jetpack_sharing_enabled":true,"_links":{"self":[{"href":"https:\/\/cdnoticias.com\/index.php\/wp-json\/wp\/v2\/posts\/116417","targetHints":{"allow":["GET"]}}],"collection":[{"href":"https:\/\/cdnoticias.com\/index.php\/wp-json\/wp\/v2\/posts"}],"about":[{"href":"https:\/\/cdnoticias.com\/index.php\/wp-json\/wp\/v2\/types\/post"}],"author":[{"embeddable":true,"href":"https:\/\/cdnoticias.com\/index.php\/wp-json\/wp\/v2\/users\/6"}],"replies":[{"embeddable":true,"href":"https:\/\/cdnoticias.com\/index.php\/wp-json\/wp\/v2\/comments?post=116417"}],"version-history":[{"count":0,"href":"https:\/\/cdnoticias.com\/index.php\/wp-json\/wp\/v2\/posts\/116417\/revisions"}],"wp:featuredmedia":[{"embeddable":true,"href":"https:\/\/cdnoticias.com\/index.php\/wp-json\/wp\/v2\/media\/112576"}],"wp:attachment":[{"href":"https:\/\/cdnoticias.com\/index.php\/wp-json\/wp\/v2\/media?parent=116417"}],"wp:term":[{"taxonomy":"category","embeddable":true,"href":"https:\/\/cdnoticias.com\/index.php\/wp-json\/wp\/v2\/categories?post=116417"},{"taxonomy":"post_tag","embeddable":true,"href":"https:\/\/cdnoticias.com\/index.php\/wp-json\/wp\/v2\/tags?post=116417"}],"curies":[{"name":"wp","href":"https:\/\/api.w.org\/{rel}","templated":true}]}}