{"id":116405,"date":"2024-05-18T09:30:08","date_gmt":"2024-05-18T12:30:08","guid":{"rendered":"https:\/\/cdnoticias.com\/?p=116405"},"modified":"2024-05-18T19:03:42","modified_gmt":"2024-05-18T22:03:42","slug":"aprehendieron-a-un-adulto-mayor-que-habia-robado-mercaderia-en-un-supermercado","status":"publish","type":"post","link":"https:\/\/cdnoticias.com\/index.php\/2024\/05\/18\/aprehendieron-a-un-adulto-mayor-que-habia-robado-mercaderia-en-un-supermercado\/","title":{"rendered":"Aprehendieron a un adulto mayor que hab\u00eda robado mercader\u00eda en un supermercado"},"content":{"rendered":"\n<p>El hecho ocurri\u00f3 en avenida Del Valle e intervino la Unidad Fiscal N\u00b04 a cargo de la doctora Paula Serrano.<\/p>\n\n\n\n<hr class=\"wp-block-separator aligncenter has-alpha-channel-opacity\"\/>\n\n\n\n<p>Este viernes Comando de Patrullas Olavarr\u00eda <strong>aprehendi\u00f3 a un hombre de 71 a\u00f1os<\/strong> que hab\u00eda <strong>robado mercader\u00eda en un supermercado.<\/strong><\/p>\n\n\n\n<p><\/p>\n\n\n\n<p>Luego de un llamado al 911, personal policial se hizo presente en<strong> avenida Del Valle 4379 <\/strong>y aprehendi\u00f3 al adulto mayor que, sin violencia, hab\u00eda <strong>sustra\u00eddo mercader\u00edas de las g\u00f3ndolas.<\/strong><\/p>\n\n\n\n<p><\/p>\n\n\n\n<figure class=\"wp-block-image aligncenter size-full\"><img data-recalc-dims=\"1\" loading=\"lazy\" decoding=\"async\" width=\"800\" height=\"465\" src=\"https:\/\/i0.wp.com\/cdnoticias.com\/wp-content\/uploads\/2024\/05\/robo-supermercado-mercaderia1.png?resize=800%2C465&#038;ssl=1\" alt=\"\" class=\"wp-image-116408\" srcset=\"https:\/\/i0.wp.com\/cdnoticias.com\/wp-content\/uploads\/2024\/05\/robo-supermercado-mercaderia1.png?w=827&amp;ssl=1 827w, https:\/\/i0.wp.com\/cdnoticias.com\/wp-content\/uploads\/2024\/05\/robo-supermercado-mercaderia1.png?resize=300%2C174&amp;ssl=1 300w, https:\/\/i0.wp.com\/cdnoticias.com\/wp-content\/uploads\/2024\/05\/robo-supermercado-mercaderia1.png?resize=768%2C447&amp;ssl=1 768w\" sizes=\"auto, (max-width: 800px) 100vw, 800px\" \/><\/figure>\n\n\n\n<p><\/p>\n\n\n\n<p>El hombre fue alojado en Comisaria Segunda e interviene la UFI N\u00b04 a cargo de la doctora Paula Serrano. El hecho se caratulo como <strong>\u201churto infraganti\u201d<\/strong>.<\/p>\n","protected":false},"excerpt":{"rendered":"<p>El hecho ocurri\u00f3 en avenida Del Valle e intervino la Unidad Fiscal N\u00b04 a cargo de la doctora Paula Serrano.<\/p>\n","protected":false},"author":6,"featured_media":116407,"comment_status":"closed","ping_status":"closed","sticky":false,"template":"","format":"standard","meta":{"_jetpack_memberships_contains_paid_content":false,"footnotes":""},"categories":[14,1],"tags":[],"class_list":["post-116405","post","type-post","status-publish","format-standard","has-post-thumbnail","hentry","category-policiales","category-portada"],"jetpack_featured_media_url":"https:\/\/i0.wp.com\/cdnoticias.com\/wp-content\/uploads\/2024\/05\/robo-supermercado-mercaderia.png?fit=782%2C462&ssl=1","jetpack_sharing_enabled":true,"_links":{"self":[{"href":"https:\/\/cdnoticias.com\/index.php\/wp-json\/wp\/v2\/posts\/116405","targetHints":{"allow":["GET"]}}],"collection":[{"href":"https:\/\/cdnoticias.com\/index.php\/wp-json\/wp\/v2\/posts"}],"about":[{"href":"https:\/\/cdnoticias.com\/index.php\/wp-json\/wp\/v2\/types\/post"}],"author":[{"embeddable":true,"href":"https:\/\/cdnoticias.com\/index.php\/wp-json\/wp\/v2\/users\/6"}],"replies":[{"embeddable":true,"href":"https:\/\/cdnoticias.com\/index.php\/wp-json\/wp\/v2\/comments?post=116405"}],"version-history":[{"count":0,"href":"https:\/\/cdnoticias.com\/index.php\/wp-json\/wp\/v2\/posts\/116405\/revisions"}],"wp:featuredmedia":[{"embeddable":true,"href":"https:\/\/cdnoticias.com\/index.php\/wp-json\/wp\/v2\/media\/116407"}],"wp:attachment":[{"href":"https:\/\/cdnoticias.com\/index.php\/wp-json\/wp\/v2\/media?parent=116405"}],"wp:term":[{"taxonomy":"category","embeddable":true,"href":"https:\/\/cdnoticias.com\/index.php\/wp-json\/wp\/v2\/categories?post=116405"},{"taxonomy":"post_tag","embeddable":true,"href":"https:\/\/cdnoticias.com\/index.php\/wp-json\/wp\/v2\/tags?post=116405"}],"curies":[{"name":"wp","href":"https:\/\/api.w.org\/{rel}","templated":true}]}}