{"id":116390,"date":"2024-05-17T19:09:16","date_gmt":"2024-05-17T22:09:16","guid":{"rendered":"https:\/\/cdnoticias.com\/?p=116390"},"modified":"2024-05-18T09:30:34","modified_gmt":"2024-05-18T12:30:34","slug":"la-obra-de-la-casa-de-la-provincia-mostro-un-importante-avance","status":"publish","type":"post","link":"https:\/\/cdnoticias.com\/index.php\/2024\/05\/17\/la-obra-de-la-casa-de-la-provincia-mostro-un-importante-avance\/","title":{"rendered":"La obra de la Casa de la Provincia mostr\u00f3 un \u201cimportante avance\u201d"},"content":{"rendered":"\n<p>Fue recorrida por el intendente Wesner este viernes. \u201cQue se puedan continuar estas obras en el contexto actual es una gran noticia\u201d valor\u00f3.<\/p>\n\n\n\n<hr class=\"wp-block-separator aligncenter has-alpha-channel-opacity\"\/>\n\n\n\n<p>El intendente<strong> Maximiliano Wesner encabez\u00f3 este viernes una recorrida por la obra de la Casa de la Provincia<\/strong>, que mostr\u00f3 un <strong>importante avance de este edificio <\/strong>que nuclear\u00e1 a los distintos organismos provinciales que funcionan en nuestra ciudad.<\/p>\n\n\n\n<figure class=\"wp-block-image size-large\"><img data-recalc-dims=\"1\" loading=\"lazy\" decoding=\"async\" width=\"800\" height=\"445\" src=\"https:\/\/i0.wp.com\/cdnoticias.com\/wp-content\/uploads\/2024\/05\/IMG-20240517-WA0035.jpg?resize=800%2C445&#038;ssl=1\" alt=\"\" class=\"wp-image-116393\" srcset=\"https:\/\/i0.wp.com\/cdnoticias.com\/wp-content\/uploads\/2024\/05\/IMG-20240517-WA0035.jpg?resize=1024%2C570&amp;ssl=1 1024w, https:\/\/i0.wp.com\/cdnoticias.com\/wp-content\/uploads\/2024\/05\/IMG-20240517-WA0035.jpg?resize=300%2C167&amp;ssl=1 300w, https:\/\/i0.wp.com\/cdnoticias.com\/wp-content\/uploads\/2024\/05\/IMG-20240517-WA0035.jpg?resize=768%2C427&amp;ssl=1 768w, https:\/\/i0.wp.com\/cdnoticias.com\/wp-content\/uploads\/2024\/05\/IMG-20240517-WA0035.jpg?resize=1536%2C854&amp;ssl=1 1536w, https:\/\/i0.wp.com\/cdnoticias.com\/wp-content\/uploads\/2024\/05\/IMG-20240517-WA0035.jpg?resize=800%2C445&amp;ssl=1 800w, https:\/\/i0.wp.com\/cdnoticias.com\/wp-content\/uploads\/2024\/05\/IMG-20240517-WA0035.jpg?w=1600&amp;ssl=1 1600w\" sizes=\"auto, (max-width: 800px) 100vw, 800px\" \/><\/figure>\n\n\n\n<p>Wesner destac\u00f3, en la recorrida con funcionarios y responsables de la obra, que <em>\u201ces muy importante que los vecinos puedan resolver las diferentes consultas en un solo lugar, sirve para agilizar los tr\u00e1mites, que sea m\u00e1s organizado y <strong>es m\u00e1s c\u00f3modo y reconfortante para los trabajadores y las trabajadoras. Adem\u00e1s, permitir\u00e1 ahorrar en alquileres ya que muchos no funcionan en edificios propios\u201d.<\/strong><\/em><\/p>\n\n\n\n<blockquote class=\"wp-block-quote is-layout-flow wp-block-quote-is-layout-flow\">\n<p><em>\u201cQue se puedan continuar estas obras en el contexto actual es una gran noticia, la obra p\u00fablica genera empleo, dinamiza la econom\u00eda local y es lo que se necesita en este momento. As\u00ed lo entiende el gobernador y para ciudades como Olavarr\u00eda, con el entramado productivo que tenemos, lo hace a\u00fan m\u00e1s significativo. Por otro lado, cambiar\u00e1 el sentido de circulaci\u00f3n y descomprimir\u00e1 la zona c\u00e9ntrica\u201d, <\/em>destac\u00f3 Wesner.<\/p>\n<\/blockquote>\n\n\n\n<figure class=\"wp-block-image size-large\"><img data-recalc-dims=\"1\" loading=\"lazy\" decoding=\"async\" width=\"800\" height=\"445\" src=\"https:\/\/i0.wp.com\/cdnoticias.com\/wp-content\/uploads\/2024\/05\/IMG-20240517-WA0037.jpg?resize=800%2C445&#038;ssl=1\" alt=\"\" class=\"wp-image-116392\" srcset=\"https:\/\/i0.wp.com\/cdnoticias.com\/wp-content\/uploads\/2024\/05\/IMG-20240517-WA0037.jpg?resize=1024%2C570&amp;ssl=1 1024w, https:\/\/i0.wp.com\/cdnoticias.com\/wp-content\/uploads\/2024\/05\/IMG-20240517-WA0037.jpg?resize=300%2C167&amp;ssl=1 300w, https:\/\/i0.wp.com\/cdnoticias.com\/wp-content\/uploads\/2024\/05\/IMG-20240517-WA0037.jpg?resize=768%2C427&amp;ssl=1 768w, https:\/\/i0.wp.com\/cdnoticias.com\/wp-content\/uploads\/2024\/05\/IMG-20240517-WA0037.jpg?resize=1536%2C854&amp;ssl=1 1536w, https:\/\/i0.wp.com\/cdnoticias.com\/wp-content\/uploads\/2024\/05\/IMG-20240517-WA0037.jpg?resize=800%2C445&amp;ssl=1 800w, https:\/\/i0.wp.com\/cdnoticias.com\/wp-content\/uploads\/2024\/05\/IMG-20240517-WA0037.jpg?w=1600&amp;ssl=1 1600w\" sizes=\"auto, (max-width: 800px) 100vw, 800px\" \/><\/figure>\n\n\n\n<p>El nuevo edificio permitir\u00e1 brindar una atenci\u00f3n m\u00e1s eficiente al centralizar los<strong> tr\u00e1mites y prestaciones como IOMA, IPS, ARBA, entre otros.<\/strong><\/p>\n","protected":false},"excerpt":{"rendered":"<p>Fue recorrida por el intendente Wesner este viernes. \u201cQue se puedan continuar estas obras en el contexto actual es una<\/p>\n","protected":false},"author":2,"featured_media":116391,"comment_status":"closed","ping_status":"closed","sticky":false,"template":"","format":"standard","meta":{"_jetpack_memberships_contains_paid_content":false,"footnotes":""},"categories":[5,1],"tags":[],"class_list":["post-116390","post","type-post","status-publish","format-standard","has-post-thumbnail","hentry","category-informacion-general","category-portada"],"jetpack_featured_media_url":"https:\/\/i0.wp.com\/cdnoticias.com\/wp-content\/uploads\/2024\/05\/IMG-20240517-WA0036.jpg?fit=1099%2C611&ssl=1","jetpack_sharing_enabled":true,"_links":{"self":[{"href":"https:\/\/cdnoticias.com\/index.php\/wp-json\/wp\/v2\/posts\/116390","targetHints":{"allow":["GET"]}}],"collection":[{"href":"https:\/\/cdnoticias.com\/index.php\/wp-json\/wp\/v2\/posts"}],"about":[{"href":"https:\/\/cdnoticias.com\/index.php\/wp-json\/wp\/v2\/types\/post"}],"author":[{"embeddable":true,"href":"https:\/\/cdnoticias.com\/index.php\/wp-json\/wp\/v2\/users\/2"}],"replies":[{"embeddable":true,"href":"https:\/\/cdnoticias.com\/index.php\/wp-json\/wp\/v2\/comments?post=116390"}],"version-history":[{"count":0,"href":"https:\/\/cdnoticias.com\/index.php\/wp-json\/wp\/v2\/posts\/116390\/revisions"}],"wp:featuredmedia":[{"embeddable":true,"href":"https:\/\/cdnoticias.com\/index.php\/wp-json\/wp\/v2\/media\/116391"}],"wp:attachment":[{"href":"https:\/\/cdnoticias.com\/index.php\/wp-json\/wp\/v2\/media?parent=116390"}],"wp:term":[{"taxonomy":"category","embeddable":true,"href":"https:\/\/cdnoticias.com\/index.php\/wp-json\/wp\/v2\/categories?post=116390"},{"taxonomy":"post_tag","embeddable":true,"href":"https:\/\/cdnoticias.com\/index.php\/wp-json\/wp\/v2\/tags?post=116390"}],"curies":[{"name":"wp","href":"https:\/\/api.w.org\/{rel}","templated":true}]}}