{"id":116359,"date":"2024-05-17T11:04:47","date_gmt":"2024-05-17T14:04:47","guid":{"rendered":"https:\/\/cdnoticias.com\/?p=116359"},"modified":"2024-05-17T13:00:46","modified_gmt":"2024-05-17T16:00:46","slug":"el-ceco-cumple-121-anos-de-participacion-en-todos-los-ambitos-de-la-vida-de-sus-afiliados","status":"publish","type":"post","link":"https:\/\/cdnoticias.com\/index.php\/2024\/05\/17\/el-ceco-cumple-121-anos-de-participacion-en-todos-los-ambitos-de-la-vida-de-sus-afiliados\/","title":{"rendered":"El CECO cumple 121 a\u00f1os de participaci\u00f3n en todos los \u00e1mbitos de la vida de sus afiliados"},"content":{"rendered":"\n<p>Bajo el nombre Uni\u00f3n Dependientes de Comercio, el gremio se fund\u00f3 en 1903. Hoy en d\u00eda es una de las entidades gremiales m\u00e1s importantes de la regi\u00f3n y nuclea a miles de trabajadores y trabajadoras mercantiles.<\/p>\n\n\n\n<hr class=\"wp-block-separator has-alpha-channel-opacity\"\/>\n\n\n\n<p>El Centro Empleados de Comercio de Olavarr\u00eda cumple este viernes <strong>121 a\u00f1os desde su fundaci\u00f3n en 1903.<\/strong> La organizaci\u00f3n gremial naci\u00f3 bajo el nombre Uni\u00f3n Dependientes de Comercio. En la actualidad <strong>es una de las entidades gremiales m\u00e1s importantes de la regi\u00f3n y nuclea a miles de trabajadores y trabajadoras mercantiles.<\/strong><\/p>\n\n\n\n<p><\/p>\n\n\n\n<p>Se resalt\u00f3 que \u201c<strong>el CECO est\u00e1 presente en todos los \u00e1mbitos de la vida de sus afiliados y afiliadas,<\/strong> brinda asesoramiento gratuito y acompa\u00f1amiento en cuestiones gremiales y de derecho laboral\u201d.<\/p>\n\n\n\n<p><\/p>\n\n\n\n<figure class=\"wp-block-image size-large\"><img data-recalc-dims=\"1\" loading=\"lazy\" decoding=\"async\" width=\"800\" height=\"480\" src=\"https:\/\/i0.wp.com\/cdnoticias.com\/wp-content\/uploads\/2023\/06\/jardin-nino-feliz.jpg?resize=800%2C480&#038;ssl=1\" alt=\"\" class=\"wp-image-88206\" srcset=\"https:\/\/i0.wp.com\/cdnoticias.com\/wp-content\/uploads\/2023\/06\/jardin-nino-feliz.jpg?resize=1024%2C614&amp;ssl=1 1024w, https:\/\/i0.wp.com\/cdnoticias.com\/wp-content\/uploads\/2023\/06\/jardin-nino-feliz.jpg?resize=300%2C180&amp;ssl=1 300w, https:\/\/i0.wp.com\/cdnoticias.com\/wp-content\/uploads\/2023\/06\/jardin-nino-feliz.jpg?resize=768%2C461&amp;ssl=1 768w, https:\/\/i0.wp.com\/cdnoticias.com\/wp-content\/uploads\/2023\/06\/jardin-nino-feliz.jpg?w=1200&amp;ssl=1 1200w\" sizes=\"auto, (max-width: 800px) 100vw, 800px\" \/><figcaption class=\"wp-element-caption\">Jard\u00edn Maternal y de Infantes Ni\u00f1o Feliz.<\/figcaption><\/figure>\n\n\n\n<p><\/p>\n\n\n\n<p>Cuenta con<strong> servicios educativos<\/strong>, donde se destaca, el Jard\u00edn Maternal y de Infantes Ni\u00f1o Feliz, el programa de acompa\u00f1amiento educativo y la entrega de guardapolvos y \u00fatiles escolares. En materia de salud y recreaci\u00f3n, cuenta con el gimnasio funcional con un grupo nutricional atendido por profesionales que trabajan articuladamente para mejorar la calidad de vida de los trabajadores mercantiles.<\/p>\n\n\n\n<p><\/p>\n\n\n\n<p>En cuanto a la <strong>salud, <\/strong>cuenta con los policonsultorios de atenci\u00f3n m\u00e9dica, laboratorio de an\u00e1lisis cl\u00ednicos, sala de im\u00e1genes, RX, mamograf\u00edas, y sala de kinesiolog\u00eda, entre otros, y farmacias en Olavarr\u00eda, Sierras Bayas, Loma Negra, Coronel Su\u00e1rez, Pringles, Bol\u00edvar y General La Madrid.<\/p>\n\n\n\n<p><\/p>\n\n\n\n<blockquote class=\"wp-block-quote is-layout-flow wp-block-quote-is-layout-flow\">\n<p>Por otra parte, se\u00f1alaron que \u201ces el gremio que m\u00e1s soluciones habitacionales ha brindado en la Provincia de Buenos Aires y trabaja continuamente en esta materia. Hoy en d\u00eda, est\u00e1 construyendo el Barrio CECO 3, de 100 viviendas, que ya presenta un gran porcentaje de avance y que contar\u00e1 con todos los servicios en plena zona urbana\u201d.<\/p>\n<\/blockquote>\n\n\n\n<p><\/p>\n\n\n\n<figure class=\"wp-block-image size-large\"><img data-recalc-dims=\"1\" loading=\"lazy\" decoding=\"async\" width=\"800\" height=\"450\" src=\"https:\/\/i0.wp.com\/cdnoticias.com\/wp-content\/uploads\/2023\/12\/obra-ceco3-3.jpg?resize=800%2C450&#038;ssl=1\" alt=\"\" class=\"wp-image-104744\" srcset=\"https:\/\/i0.wp.com\/cdnoticias.com\/wp-content\/uploads\/2023\/12\/obra-ceco3-3-scaled.jpg?resize=1024%2C576&amp;ssl=1 1024w, https:\/\/i0.wp.com\/cdnoticias.com\/wp-content\/uploads\/2023\/12\/obra-ceco3-3-scaled.jpg?resize=300%2C169&amp;ssl=1 300w, https:\/\/i0.wp.com\/cdnoticias.com\/wp-content\/uploads\/2023\/12\/obra-ceco3-3-scaled.jpg?resize=768%2C432&amp;ssl=1 768w, https:\/\/i0.wp.com\/cdnoticias.com\/wp-content\/uploads\/2023\/12\/obra-ceco3-3-scaled.jpg?resize=1536%2C864&amp;ssl=1 1536w, https:\/\/i0.wp.com\/cdnoticias.com\/wp-content\/uploads\/2023\/12\/obra-ceco3-3-scaled.jpg?resize=2048%2C1152&amp;ssl=1 2048w, https:\/\/i0.wp.com\/cdnoticias.com\/wp-content\/uploads\/2023\/12\/obra-ceco3-3-scaled.jpg?w=1600&amp;ssl=1 1600w, https:\/\/i0.wp.com\/cdnoticias.com\/wp-content\/uploads\/2023\/12\/obra-ceco3-3-scaled.jpg?w=2400&amp;ssl=1 2400w\" sizes=\"auto, (max-width: 800px) 100vw, 800px\" \/><figcaption class=\"wp-element-caption\">Avanza la construcci\u00f3n del barrio CECO 3. <\/figcaption><\/figure>\n\n\n\n<p><\/p>\n\n\n\n<p>En cuanto a las obras ya terminadas en Olavarr\u00eda encontramos los<strong> barrios CECO 1<\/strong>, una de las obras de viviendas realizadas por un sindicato m\u00e1s importantes a nivel nacional, tambi\u00e9n el<strong> Barrio CECO 2, la Torre Alsina, el Barrio Independencia y el Barrio CECO de General La Madrid.<\/strong><\/p>\n\n\n\n<p><\/p>\n\n\n\n<p>Desde el gremio destacaron que en este 121 aniversario se realiz\u00f3 la<strong> conformaci\u00f3n de la nueva comisi\u00f3n directiva<\/strong> que comandaran el sindicato por el per\u00edodo 2024-2028. \u201cAdem\u00e1s, nos encuentra frente a un contexto econ\u00f3mico y pol\u00edtico dif\u00edcil que pone en riesgo los derechos adquiridos y por los cuales luchamos y lucharemos incansablemente en defensa de las y los trabajadores\u201d.<\/p>\n\n\n\n<p><\/p>\n\n\n\n<p>\u201cEl gremio mercantil, conducido por Miguel Santell\u00e1n, es un gran ejemplo de una administraci\u00f3n ordenada que refleja un permanente crecimiento, que ofrece diariamente mejores servicios para mejorar la calidad de vida de sus afiliados y afiliadas y de toda la comunidad de Olavarr\u00eda y la regi\u00f3n\u201d, concluyeron.<\/p>\n","protected":false},"excerpt":{"rendered":"<p>Bajo el nombre Uni\u00f3n Dependientes de Comercio, el gremio se fund\u00f3 en 1903. Hoy en d\u00eda es una de las<\/p>\n","protected":false},"author":2,"featured_media":102622,"comment_status":"closed","ping_status":"closed","sticky":false,"template":"","format":"standard","meta":{"_jetpack_memberships_contains_paid_content":false,"footnotes":""},"categories":[5,1],"tags":[],"class_list":["post-116359","post","type-post","status-publish","format-standard","has-post-thumbnail","hentry","category-informacion-general","category-portada"],"jetpack_featured_media_url":"https:\/\/i0.wp.com\/cdnoticias.com\/wp-content\/uploads\/2023\/11\/CECO-07.jpg?fit=1200%2C668&ssl=1","jetpack_sharing_enabled":true,"_links":{"self":[{"href":"https:\/\/cdnoticias.com\/index.php\/wp-json\/wp\/v2\/posts\/116359","targetHints":{"allow":["GET"]}}],"collection":[{"href":"https:\/\/cdnoticias.com\/index.php\/wp-json\/wp\/v2\/posts"}],"about":[{"href":"https:\/\/cdnoticias.com\/index.php\/wp-json\/wp\/v2\/types\/post"}],"author":[{"embeddable":true,"href":"https:\/\/cdnoticias.com\/index.php\/wp-json\/wp\/v2\/users\/2"}],"replies":[{"embeddable":true,"href":"https:\/\/cdnoticias.com\/index.php\/wp-json\/wp\/v2\/comments?post=116359"}],"version-history":[{"count":0,"href":"https:\/\/cdnoticias.com\/index.php\/wp-json\/wp\/v2\/posts\/116359\/revisions"}],"wp:featuredmedia":[{"embeddable":true,"href":"https:\/\/cdnoticias.com\/index.php\/wp-json\/wp\/v2\/media\/102622"}],"wp:attachment":[{"href":"https:\/\/cdnoticias.com\/index.php\/wp-json\/wp\/v2\/media?parent=116359"}],"wp:term":[{"taxonomy":"category","embeddable":true,"href":"https:\/\/cdnoticias.com\/index.php\/wp-json\/wp\/v2\/categories?post=116359"},{"taxonomy":"post_tag","embeddable":true,"href":"https:\/\/cdnoticias.com\/index.php\/wp-json\/wp\/v2\/tags?post=116359"}],"curies":[{"name":"wp","href":"https:\/\/api.w.org\/{rel}","templated":true}]}}