{"id":116339,"date":"2024-05-17T08:27:56","date_gmt":"2024-05-17T11:27:56","guid":{"rendered":"https:\/\/cdnoticias.com\/?p=116339"},"modified":"2024-05-17T11:05:05","modified_gmt":"2024-05-17T14:05:05","slug":"economia-en-caida-wesner-se-reunio-con-la-industria-y-el-comercio","status":"publish","type":"post","link":"https:\/\/cdnoticias.com\/index.php\/2024\/05\/17\/economia-en-caida-wesner-se-reunio-con-la-industria-y-el-comercio\/","title":{"rendered":"Econom\u00eda en ca\u00edda, Wesner se reuni\u00f3 con la industria y el comercio"},"content":{"rendered":"<p>El intendente convoc\u00f3 a representantes de la industria y el comercio que expusieron baja de las ventas, suspensiones y despidos. El Municipio present\u00f3 la ca\u00edda de los ingresos. Aumento de costos para todos.<\/p>\n<p><!--more--><\/p>\n<hr \/>\n<p>En la tarde de este jueves el<strong> intendente Maximiliano Wesner<\/strong> mantuvo una<strong> reuni\u00f3n con integrantes de distintos rubros del sector industrial y comercial<\/strong> de la ciudad.<\/p>\n<p>Durante el encuentro el jefe comunal hizo una <strong>presentaci\u00f3n de los n\u00fameros del Municipio<\/strong> en el contexto actual y como han repercutido en los distintos \u00edndices.<\/p>\n<blockquote><p>Sobre la convocatoria Wesner indic\u00f3: \u201cBrevemente quiero mostrarles como a nosotros tambi\u00e9n nos afecta el contexto econ\u00f3mico, que nos preocupa y como no es ajeno a otros sectores la idea es compartir ideas e intercambiar miradas. Con el objetivo de concretar reuniones m\u00e1s operativas, dependiendo las particularidades de cada sector para buscar canales de di\u00e1logo que nos permitan trabajar en conjunto\u201d.<\/p><\/blockquote>\n<p><img data-recalc-dims=\"1\" loading=\"lazy\" decoding=\"async\" class=\"size-full wp-image-116343 aligncenter\" src=\"https:\/\/i0.wp.com\/cdnoticias.com\/wp-content\/uploads\/2024\/05\/reunion-wesner-empresarios-03.jpg?resize=800%2C445&#038;ssl=1\" alt=\"\" width=\"800\" height=\"445\" srcset=\"https:\/\/i0.wp.com\/cdnoticias.com\/wp-content\/uploads\/2024\/05\/reunion-wesner-empresarios-03.jpg?w=800&amp;ssl=1 800w, https:\/\/i0.wp.com\/cdnoticias.com\/wp-content\/uploads\/2024\/05\/reunion-wesner-empresarios-03.jpg?resize=300%2C167&amp;ssl=1 300w, https:\/\/i0.wp.com\/cdnoticias.com\/wp-content\/uploads\/2024\/05\/reunion-wesner-empresarios-03.jpg?resize=768%2C427&amp;ssl=1 768w\" sizes=\"auto, (max-width: 800px) 100vw, 800px\" \/><\/p>\n<p>\u201cLa idea es compartir de igual a igual y poner en palabras lo que nos est\u00e1 sucediendo y que nos est\u00e1 golpeando fuerte.<strong> Ampliar el diagn\u00f3stico, enriquecerlo\u201d<\/strong>, agreg\u00f3 Wesner.<\/p>\n<blockquote><p>A lo largo de las distintas intervenciones los empresarios compartieron preocupaciones respecto a la baja de las ventas en algunos casos de m\u00e1s del 80%, el aumento de los costos que se traduce en suspensiones rotativas de trabajadores y despidos. Adem\u00e1s varios de los presentes coincidieron en la falta perspectiva a futuro que produce una mayor preocupaci\u00f3n.<\/p><\/blockquote>\n<p><img data-recalc-dims=\"1\" loading=\"lazy\" decoding=\"async\" class=\"size-full wp-image-116342 aligncenter\" src=\"https:\/\/i0.wp.com\/cdnoticias.com\/wp-content\/uploads\/2024\/05\/reunion-wesner-empresarios-02.jpg?resize=800%2C445&#038;ssl=1\" alt=\"\" width=\"800\" height=\"445\" srcset=\"https:\/\/i0.wp.com\/cdnoticias.com\/wp-content\/uploads\/2024\/05\/reunion-wesner-empresarios-02.jpg?w=800&amp;ssl=1 800w, https:\/\/i0.wp.com\/cdnoticias.com\/wp-content\/uploads\/2024\/05\/reunion-wesner-empresarios-02.jpg?resize=300%2C167&amp;ssl=1 300w, https:\/\/i0.wp.com\/cdnoticias.com\/wp-content\/uploads\/2024\/05\/reunion-wesner-empresarios-02.jpg?resize=768%2C427&amp;ssl=1 768w\" sizes=\"auto, (max-width: 800px) 100vw, 800px\" \/><\/p>\n<p>Entre los indicadores que detall\u00f3 Wesner se destaca la <strong>ca\u00edda de los ingresos corrientes, la significativa baja en la recaudaci\u00f3n de derecho de explotaci\u00f3n de canteras<\/strong> y el <strong>incremento de los insumos<\/strong> sobre todo del \u00e1rea de salud.<\/p>\n<p>La reuni\u00f3n fue coordinada desde el \u00c1rea de Desarrollo Econ\u00f3mico Municipal y se inform\u00f3 que <strong>trabajan para llevar adelante distintas medidas que brinden respuestas al sector.<\/strong><\/p>\n<p><img data-recalc-dims=\"1\" loading=\"lazy\" decoding=\"async\" class=\"size-full wp-image-116341 aligncenter\" src=\"https:\/\/i0.wp.com\/cdnoticias.com\/wp-content\/uploads\/2024\/05\/reunion-wesner-empresarios-01.jpg?resize=800%2C445&#038;ssl=1\" alt=\"\" width=\"800\" height=\"445\" srcset=\"https:\/\/i0.wp.com\/cdnoticias.com\/wp-content\/uploads\/2024\/05\/reunion-wesner-empresarios-01.jpg?w=800&amp;ssl=1 800w, https:\/\/i0.wp.com\/cdnoticias.com\/wp-content\/uploads\/2024\/05\/reunion-wesner-empresarios-01.jpg?resize=300%2C167&amp;ssl=1 300w, https:\/\/i0.wp.com\/cdnoticias.com\/wp-content\/uploads\/2024\/05\/reunion-wesner-empresarios-01.jpg?resize=768%2C427&amp;ssl=1 768w\" sizes=\"auto, (max-width: 800px) 100vw, 800px\" \/><\/p>\n","protected":false},"excerpt":{"rendered":"<p>El intendente convoc\u00f3 a representantes de la industria y el comercio que expusieron baja de las ventas, suspensiones y despidos.<\/p>\n","protected":false},"author":4,"featured_media":116340,"comment_status":"closed","ping_status":"closed","sticky":false,"template":"","format":"standard","meta":{"_jetpack_memberships_contains_paid_content":false,"footnotes":""},"categories":[5,1],"tags":[],"class_list":["post-116339","post","type-post","status-publish","format-standard","has-post-thumbnail","hentry","category-informacion-general","category-portada"],"jetpack_featured_media_url":"https:\/\/i0.wp.com\/cdnoticias.com\/wp-content\/uploads\/2024\/05\/reunion-wesner-empresarios-00.jpg?fit=800%2C445&ssl=1","jetpack_sharing_enabled":true,"_links":{"self":[{"href":"https:\/\/cdnoticias.com\/index.php\/wp-json\/wp\/v2\/posts\/116339","targetHints":{"allow":["GET"]}}],"collection":[{"href":"https:\/\/cdnoticias.com\/index.php\/wp-json\/wp\/v2\/posts"}],"about":[{"href":"https:\/\/cdnoticias.com\/index.php\/wp-json\/wp\/v2\/types\/post"}],"author":[{"embeddable":true,"href":"https:\/\/cdnoticias.com\/index.php\/wp-json\/wp\/v2\/users\/4"}],"replies":[{"embeddable":true,"href":"https:\/\/cdnoticias.com\/index.php\/wp-json\/wp\/v2\/comments?post=116339"}],"version-history":[{"count":0,"href":"https:\/\/cdnoticias.com\/index.php\/wp-json\/wp\/v2\/posts\/116339\/revisions"}],"wp:featuredmedia":[{"embeddable":true,"href":"https:\/\/cdnoticias.com\/index.php\/wp-json\/wp\/v2\/media\/116340"}],"wp:attachment":[{"href":"https:\/\/cdnoticias.com\/index.php\/wp-json\/wp\/v2\/media?parent=116339"}],"wp:term":[{"taxonomy":"category","embeddable":true,"href":"https:\/\/cdnoticias.com\/index.php\/wp-json\/wp\/v2\/categories?post=116339"},{"taxonomy":"post_tag","embeddable":true,"href":"https:\/\/cdnoticias.com\/index.php\/wp-json\/wp\/v2\/tags?post=116339"}],"curies":[{"name":"wp","href":"https:\/\/api.w.org\/{rel}","templated":true}]}}