{"id":116309,"date":"2024-05-16T16:35:19","date_gmt":"2024-05-16T19:35:19","guid":{"rendered":"https:\/\/cdnoticias.com\/?p=116309"},"modified":"2024-05-16T16:35:22","modified_gmt":"2024-05-16T19:35:22","slug":"la-federacion-de-empleados-de-comercio-en-alerta-por-despidos-en-chango-mas","status":"publish","type":"post","link":"https:\/\/cdnoticias.com\/index.php\/2024\/05\/16\/la-federacion-de-empleados-de-comercio-en-alerta-por-despidos-en-chango-mas\/","title":{"rendered":"La Federaci\u00f3n de Empleados de Comercio, en alerta por despidos en Chango Mas"},"content":{"rendered":"<p>El gremio hace relevamiento \u201cpreciso\u201d para poder notificar a la Secretar\u00eda de Trabajo de la Naci\u00f3n. Bah\u00eda Blanca, Avellaneda, San Justo y La Tablada, los puntos de conflicto en la provincia.<!--more--><\/p>\n<hr \/>\n<p>La <strong>Federaci\u00f3n Argentina de Empleados de Comercio (Faecys)<\/strong> se declar\u00f3 este martes en <strong>estado de alerta<\/strong> debido a los <strong>despidos que la empresa supermercadista Chango Mas<\/strong> realiz\u00f3 en diferentes sucursales que la cadena tiene en el pa\u00eds.<\/p>\n<p>En la provincia de Buenos Aires, hubo <strong>desvinculaciones en Bah\u00eda Blanca, en San Justo, en La Tablada y en el shopping Alto Avellaneda<\/strong>.<\/p>\n<blockquote><p>A trav\u00e9s de un comunicado, la entidad gremial inform\u00f3 que a pedido de su secretario general, Armando Cavalieri, y del secretariado nacional est\u00e1 realizando un \u201crelevamiento preciso para notificar a la Secretar\u00eda de Trabajo, Empleo y Seguridad Social de la Naci\u00f3n sobre esta delicada situaci\u00f3n\u201d.<\/p><\/blockquote>\n<p>Al respecto, la Faecys le pidi\u00f3 a quienes est\u00e1n atravesando por esta situaci\u00f3n que tomen contacto con la Secretar\u00eda de Asuntos Laborales a trav\u00e9s del correo electr\u00f3nico laborales@faecys.org.ar o a trav\u00e9s del tel\u00e9fono 011 4345-8159 para que \u201cnotifiquen cada uno de los despidos en Chango Mas\u201d.<\/p>\n<h3>Despidos<\/h3>\n<p>La compa\u00f1\u00eda<strong> Chango M\u00e1s cuenta en la Argentina con 93 sucursales<\/strong> que emplean a unas 8600 personas y se especula con unos 500 despidos. <strong>Una de ellas se ubica en Olavarr\u00eda.<\/strong><\/p>\n<blockquote><p>La organizaci\u00f3n gremial inform\u00f3 que hasta el momento recabaron 17 despidos en Avellaneda, 9 en Podest\u00e1, 10 en Paran\u00e1, 9 en Santa Fe, 2 fuera de convenio en R\u00edo Cuarto, 1 en Jujuy, sendas bajas laborales fuera de convenio en Corrientes y en Chaco.<\/p><\/blockquote>\n<p>Adem\u00e1s,<strong> en Bah\u00eda Blanca se contaron 9 despidos<\/strong>. \u201cTen\u00edamos el dato desde hace una semana que la empresa estaba en reestructuraci\u00f3n e iba a tener que despedir trabajadores. No tenemos el n\u00famero final, aunque si tenemos que se trata de un 10 y 20% de la dotaci\u00f3n de cada local a nivel nacional. Hasta ahora tenemos 9 trabajadores de nuestra ciudad, lo cual no quita que haya m\u00e1s\u201d, sostuvo Alejandro Olea, secretario gremial de la Asociaci\u00f3n Empleados de Comercio (AEC). Los despedidos junto al sindicato realizaron <strong>una manifestaci\u00f3n en la puerta del local<\/strong> ubicado en avenida Cabrera al 4.100 este jueves.<\/p>\n<p>En <strong>San Justo fueron despedidos 27 trabajadores<\/strong> y en <strong>La Tablada, 7<\/strong>.<\/p>\n<p>En <strong>Neuqu\u00e9n<\/strong>, Centro Empleados de Comercio de Neuqu\u00e9n, inform\u00f3 que se registraron <strong>35 despidos y tambi\u00e9n hubo manifestaci\u00f3n<\/strong> en el acceso al comercio entre emartes y el jueves. La empresa atribuy\u00f3 las cesant\u00edas a la ca\u00edda en las ventas de la sucursal de esta ciudad, aunque los referentes gremiales desmienten esa situaci\u00f3n. Los datos del INDEC en este caso les dan la raz\u00f3n a los trabajadores, puesto que la facturaci\u00f3n de los supermercados neuquinos creci\u00f3 por encima de la inflaci\u00f3n en t\u00e9rminos anuales, seg\u00fan los \u00faltimos datos oficiales disponibles.<\/p>\n<p>En tanto, <strong>en Mendoza se frenaron despidos bajo el concepto de la conciliaci\u00f3n obligatoria<\/strong> y ah\u00ed los trabajadores quedaron licenciados hasta que se llegue a alg\u00fan acuerdo. La empresa acept\u00f3 darles un 20% m\u00e1s de su liquidaci\u00f3n final como compensaci\u00f3n.<\/p>\n<p>Fuentes: <em>Conclusi\u00f3n, DIB, La Ma\u00f1ana de Neuqu\u00e9n<\/em><\/p>\n","protected":false},"excerpt":{"rendered":"<p>El gremio hace relevamiento \u201cpreciso\u201d para poder notificar a la Secretar\u00eda de Trabajo de la Naci\u00f3n. Bah\u00eda Blanca, Avellaneda, San<\/p>\n","protected":false},"author":4,"featured_media":116311,"comment_status":"closed","ping_status":"closed","sticky":false,"template":"","format":"standard","meta":{"_jetpack_memberships_contains_paid_content":false,"footnotes":""},"categories":[6,1],"tags":[],"class_list":["post-116309","post","type-post","status-publish","format-standard","has-post-thumbnail","hentry","category-nacionales","category-portada"],"jetpack_featured_media_url":"https:\/\/i0.wp.com\/cdnoticias.com\/wp-content\/uploads\/2024\/05\/protesta-chango-mas-bahia-blanca-LA-NUEVA.webp?fit=696%2C393&ssl=1","jetpack_sharing_enabled":true,"_links":{"self":[{"href":"https:\/\/cdnoticias.com\/index.php\/wp-json\/wp\/v2\/posts\/116309","targetHints":{"allow":["GET"]}}],"collection":[{"href":"https:\/\/cdnoticias.com\/index.php\/wp-json\/wp\/v2\/posts"}],"about":[{"href":"https:\/\/cdnoticias.com\/index.php\/wp-json\/wp\/v2\/types\/post"}],"author":[{"embeddable":true,"href":"https:\/\/cdnoticias.com\/index.php\/wp-json\/wp\/v2\/users\/4"}],"replies":[{"embeddable":true,"href":"https:\/\/cdnoticias.com\/index.php\/wp-json\/wp\/v2\/comments?post=116309"}],"version-history":[{"count":0,"href":"https:\/\/cdnoticias.com\/index.php\/wp-json\/wp\/v2\/posts\/116309\/revisions"}],"wp:featuredmedia":[{"embeddable":true,"href":"https:\/\/cdnoticias.com\/index.php\/wp-json\/wp\/v2\/media\/116311"}],"wp:attachment":[{"href":"https:\/\/cdnoticias.com\/index.php\/wp-json\/wp\/v2\/media?parent=116309"}],"wp:term":[{"taxonomy":"category","embeddable":true,"href":"https:\/\/cdnoticias.com\/index.php\/wp-json\/wp\/v2\/categories?post=116309"},{"taxonomy":"post_tag","embeddable":true,"href":"https:\/\/cdnoticias.com\/index.php\/wp-json\/wp\/v2\/tags?post=116309"}],"curies":[{"name":"wp","href":"https:\/\/api.w.org\/{rel}","templated":true}]}}