{"id":116307,"date":"2024-05-17T09:11:13","date_gmt":"2024-05-17T12:11:13","guid":{"rendered":"https:\/\/cdnoticias.com\/?p=116307"},"modified":"2024-05-17T11:40:22","modified_gmt":"2024-05-17T14:40:22","slug":"la-provincia-ofrecio-a-sindicatos-docentes-un-nuevo-aumento-salarial-de-75-en-mayo","status":"publish","type":"post","link":"https:\/\/cdnoticias.com\/index.php\/2024\/05\/17\/la-provincia-ofrecio-a-sindicatos-docentes-un-nuevo-aumento-salarial-de-75-en-mayo\/","title":{"rendered":"La Provincia ofreci\u00f3 a sindicatos docentes un nuevo aumento salarial de 7,5% en mayo"},"content":{"rendered":"<p>Las y los representantes recibieron bien la propuesta y la llevar\u00e1n a consideraci\u00f3n de las bases. El acuerdo incluye el compromiso de enviar una nueva convocatoria para continuar a fines de junio la discusi\u00f3n salarial.<!--more--><\/p>\n<hr \/>\n<p><strong>La Provincia retom\u00f3 este jueves las negociaciones paritarias con los gremios docentes<\/strong> a quienes ofreci\u00f3 un nuevo tramo de <strong>aumento salarial en mayo de 7,5 puntos porcentuales<\/strong>. La oferta lleg\u00f3 <em>\u201ccumpliendo con lo acordado, y en un contexto de dificultad financiera provocada por las pol\u00edticas del Gobierno Nacional\u201d<\/em> comunic\u00f3 el Ministerio de Trabajo de la provincia.<\/p>\n<p>A su vez, se defini\u00f3 que \u201cresta propuesta busca seguir mejorando la relaci\u00f3n entre el salario b\u00e1sico y lo que cada trabajador y trabajadora reciben de bolsillo. <strong>Las y los representantes recibieron bien la propuesta y la llevar\u00e1n a consideraci\u00f3n de las bases\u201d.<\/strong><\/p>\n<p>El <strong>ministro de Econom\u00eda, Pablo L\u00f3pez<\/strong>, afirm\u00f3 que: \u201cNuestro gobierno provincial, conducido por Axel Kicillof,<strong> mantiene intacto su compromiso con la necesidad de un estado presente; m\u00e1s y mejor estado<\/strong> fue el mandato de las y los bonaerenses en las urnas, y lo estamos honrando. En ese sentido, todos los trabajadores del estado provincial, en especial los docentes, son imprescindibles para atender las necesidades de las y los habitantes de la Provincia en este contexto de una recesi\u00f3n brutal provocada por las pol\u00edticas del Gobierno Nacional\u201d; y agreg\u00f3:<strong> \u201cValoramos el espacio de la paritaria que hemos construido en estos a\u00f1os.<\/strong> Seguiremos trabajando para mejorar las condiciones de trabajo en nuestra Provincia\u201d.<\/p>\n<blockquote><p>Por su parte, la jefa de Gabinete del Ministerio de Trabajo, Cecila Cecchini, asegur\u00f3: &#8220;tuvimos una buena recepci\u00f3n de los gremios. Quedamos a la espera de la respuesta que creemos que ser\u00e1 satisfactoria porque entienden el esfuerzo y el compromiso denodado que se hace desde el Gobierno de la Provincia en un contexto de ahogamiento financiero de parte de la naci\u00f3n que persiste en la no transferencia de recursos coparticipables y la baja en la recaudaci\u00f3n&#8221;.<\/p><\/blockquote>\n<p>El acuerdo incluye el compromiso de enviar una <strong>nueva convocatoria para discutir salarios a fines de junio.<\/strong><\/p>\n<p>Adem\u00e1s del Ministro L\u00f3pez, estuvieron presentes, por el Ministerio de Econom\u00eda, el subsecretario de Coordinaci\u00f3n Econ\u00f3mica y Estad\u00edstica, Nicol\u00e1s Todesca, y la Directora Provincial de Econom\u00eda Laboral del Sector P\u00fablico, Gisela Swaels; por el Ministerio de Trabajo, la jefa de Gabinete, Cecilia Cecchini; y Director Provincial de la Negociaci\u00f3n Colectiva, Juan Pablo Lorenzo; por la Direcci\u00f3n General de Cultura y Educaci\u00f3n, el subsecretario de Administraci\u00f3n y Recursos Humanos, Diego Turkenich; por la Secretar\u00eda General, la subsecretaria de Gesti\u00f3n y Empleo P\u00fablico, Ver\u00f3nica Ferraris; y por el IPS, la directora General de Administraci\u00f3n, Carmen Sarra.<\/p>\n","protected":false},"excerpt":{"rendered":"<p>Las y los representantes recibieron bien la propuesta y la llevar\u00e1n a consideraci\u00f3n de las bases. El acuerdo incluye el<\/p>\n","protected":false},"author":4,"featured_media":83842,"comment_status":"closed","ping_status":"closed","sticky":false,"template":"","format":"standard","meta":{"_jetpack_memberships_contains_paid_content":false,"footnotes":""},"categories":[6,1],"tags":[],"class_list":["post-116307","post","type-post","status-publish","format-standard","has-post-thumbnail","hentry","category-nacionales","category-portada"],"jetpack_featured_media_url":"https:\/\/i0.wp.com\/cdnoticias.com\/wp-content\/uploads\/2023\/05\/Paritarias-scaled-1.jpg?fit=2560%2C1707&ssl=1","jetpack_sharing_enabled":true,"_links":{"self":[{"href":"https:\/\/cdnoticias.com\/index.php\/wp-json\/wp\/v2\/posts\/116307","targetHints":{"allow":["GET"]}}],"collection":[{"href":"https:\/\/cdnoticias.com\/index.php\/wp-json\/wp\/v2\/posts"}],"about":[{"href":"https:\/\/cdnoticias.com\/index.php\/wp-json\/wp\/v2\/types\/post"}],"author":[{"embeddable":true,"href":"https:\/\/cdnoticias.com\/index.php\/wp-json\/wp\/v2\/users\/4"}],"replies":[{"embeddable":true,"href":"https:\/\/cdnoticias.com\/index.php\/wp-json\/wp\/v2\/comments?post=116307"}],"version-history":[{"count":0,"href":"https:\/\/cdnoticias.com\/index.php\/wp-json\/wp\/v2\/posts\/116307\/revisions"}],"wp:featuredmedia":[{"embeddable":true,"href":"https:\/\/cdnoticias.com\/index.php\/wp-json\/wp\/v2\/media\/83842"}],"wp:attachment":[{"href":"https:\/\/cdnoticias.com\/index.php\/wp-json\/wp\/v2\/media?parent=116307"}],"wp:term":[{"taxonomy":"category","embeddable":true,"href":"https:\/\/cdnoticias.com\/index.php\/wp-json\/wp\/v2\/categories?post=116307"},{"taxonomy":"post_tag","embeddable":true,"href":"https:\/\/cdnoticias.com\/index.php\/wp-json\/wp\/v2\/tags?post=116307"}],"curies":[{"name":"wp","href":"https:\/\/api.w.org\/{rel}","templated":true}]}}