{"id":116285,"date":"2024-05-16T09:20:17","date_gmt":"2024-05-16T12:20:17","guid":{"rendered":"https:\/\/cdnoticias.com\/?p=116285"},"modified":"2024-05-16T12:10:14","modified_gmt":"2024-05-16T15:10:14","slug":"detenida-en-barrio-independencia-acusada-de-integrar-una-banda-narco-en-la-region","status":"publish","type":"post","link":"https:\/\/cdnoticias.com\/index.php\/2024\/05\/16\/detenida-en-barrio-independencia-acusada-de-integrar-una-banda-narco-en-la-region\/","title":{"rendered":"Detenida en barrio Independencia acusada de integrar una banda narco en la regi\u00f3n"},"content":{"rendered":"<p>Este mi\u00e9rcoles se hicieron 10 allanamientos en Olavarr\u00eda, Azul y Tandil. Hay cinco personas detenidas acusadas de formar una organizaci\u00f3n para vender drogas.<!--more--><\/p>\n<hr \/>\n<p>En el marco de una<strong> causa judicial por comercializaci\u00f3n de estupefacientes iniciada en diciembre de 2023<\/strong> por personal de la Delegaci\u00f3n de Drogas Il\u00edcitas de Azul y con la Intervenci\u00f3n del fiscal Lucas Moyano este mi\u00e9rcoles personal policial realiz\u00f3 <strong>cinco detenciones y diez allanamientos en Olavarr\u00eda, Azul y Tandil<\/strong>.<\/p>\n<blockquote><p>En ese marco, una mujer fue detenida en Olavarr\u00eda, en el barrio Independencia, y adem\u00e1s se concret\u00f3 otro allanamiento en nuestra ciudad. A la par, se desarrollaron procedimientos en dos de las unidades penales de Sierra Chica ya que dos de los investigados est\u00e1n actualmente detenidos por hechos anteriores.<\/p><\/blockquote>\n<p>Acerca de la decena de allanamientos, se destac\u00f3 que en algunos de los casos derivaron en los<strong> hallazgos y posteriores secuestros de elementos de inter\u00e9s<\/strong> para la investigaci\u00f3n penal, tales como <strong>coca\u00edna, marihuana y tel\u00e9fonos celulares<\/strong>.<\/p>\n<p><img data-recalc-dims=\"1\" loading=\"lazy\" decoding=\"async\" class=\"size-full wp-image-116288 aligncenter\" src=\"https:\/\/i0.wp.com\/cdnoticias.com\/wp-content\/uploads\/2024\/05\/allanamiento-drogas-banda-narco-regional-02.jpg?resize=800%2C727&#038;ssl=1\" alt=\"\" width=\"800\" height=\"727\" srcset=\"https:\/\/i0.wp.com\/cdnoticias.com\/wp-content\/uploads\/2024\/05\/allanamiento-drogas-banda-narco-regional-02.jpg?w=800&amp;ssl=1 800w, https:\/\/i0.wp.com\/cdnoticias.com\/wp-content\/uploads\/2024\/05\/allanamiento-drogas-banda-narco-regional-02.jpg?resize=300%2C273&amp;ssl=1 300w, https:\/\/i0.wp.com\/cdnoticias.com\/wp-content\/uploads\/2024\/05\/allanamiento-drogas-banda-narco-regional-02.jpg?resize=768%2C698&amp;ssl=1 768w\" sizes=\"auto, (max-width: 800px) 100vw, 800px\" \/><\/p>\n<p>En las actuaciones se estableci\u00f3 que <strong>los cuatro varones y la mujer detenidos formaron parte de una organizaci\u00f3n<\/strong> destinada a comercializar estupefacientes al menudeo. Los investigadores establecieron tambi\u00e9n <strong>los roles que cada uno de los acusados cumpl\u00eda<\/strong> en la banda que integraban.<\/p>\n<p>El caso tuvo un <strong>hito de inicio, en diciembre pasado<\/strong>, con el arresto de <strong>un azule\u00f1o, dedicado a la mec\u00e1nica de motos<\/strong>, quien fue acusado de venta de drogas.<\/p>\n<h3>Detenciones<\/h3>\n<p><strong>En nuestra ciudad este mi\u00e9rcoles se realizaron dos allanamientos<\/strong> uno de los cuales finaliz\u00f3 con la detenci\u00f3n de una mujer.<\/p>\n<blockquote><p>En un departamento del barrio Independencia, donde reside la investigada, el allanamiento arroj\u00f3 resultados negativos. No obstante, la mujer considerada \u201cpart\u00edcipe necesaria\u201d del delito de \u201ccomercializaci\u00f3n de estupefacientes\u201d hab\u00eda sido arrestada en la v\u00eda p\u00fablica. Fue identificada como Gabriela Ivana Mart\u00ednez, de 37 a\u00f1os de edad.<\/p><\/blockquote>\n<p><img data-recalc-dims=\"1\" loading=\"lazy\" decoding=\"async\" class=\"size-full wp-image-116289 aligncenter\" src=\"https:\/\/i0.wp.com\/cdnoticias.com\/wp-content\/uploads\/2024\/05\/allanamiento-drogas-banda-narco-regional-03.jpg?resize=800%2C909&#038;ssl=1\" alt=\"\" width=\"800\" height=\"909\" srcset=\"https:\/\/i0.wp.com\/cdnoticias.com\/wp-content\/uploads\/2024\/05\/allanamiento-drogas-banda-narco-regional-03.jpg?w=800&amp;ssl=1 800w, https:\/\/i0.wp.com\/cdnoticias.com\/wp-content\/uploads\/2024\/05\/allanamiento-drogas-banda-narco-regional-03.jpg?resize=264%2C300&amp;ssl=1 264w, https:\/\/i0.wp.com\/cdnoticias.com\/wp-content\/uploads\/2024\/05\/allanamiento-drogas-banda-narco-regional-03.jpg?resize=768%2C873&amp;ssl=1 768w\" sizes=\"auto, (max-width: 800px) 100vw, 800px\" \/><\/p>\n<p>El otro allanamiento desarrollado en Olavarr\u00eda tuvo como objetivo <strong>un inmueble situado sobre la calle Rossi<\/strong>, sin que durante esa diligencia se encontraran elementos para secuestrar.\u00a0De acuerdo con lo informado, mientras <strong>est\u00e1 preso en la Unidad 27 de Sierra Chica<\/strong> y goza de salidas transitorias, <strong>en esa vivienda se domicilia otro de los detenidos: Marcelo Gast\u00f3n Mallorca Ricci, apodado &#8220;Mayo&#8221;<\/strong>. Ahora est\u00e1 acusado de ser autor del delito de &#8220;comercializaci\u00f3n de estupefacientes&#8221;, luego de que tambi\u00e9n fuera notificado de la medida cautelar que pesaba sobre \u00e9l en la sede penitenciaria.<\/p>\n<p>Teniendo en cuenta que qued\u00f3 detenido en esta causa penal, <strong>Mallorca iba a ser trasladado a la Unidad 2<\/strong>, ya que esa otra c\u00e1rcel en la que estaba es de r\u00e9gimen abierto.<\/p>\n<p>Entre los objetivos de estos procedimientos se contaron tambi\u00e9n las <strong>celdas que respectivamente ocupan en c\u00e1rceles de Sierra Chica<\/strong>, dos hombres que tambi\u00e9n <strong>se hallan detenidos<\/strong>: uno en la<strong> Unidad 2<\/strong> y otro en la<strong> 38<\/strong>.<\/p>\n<p><strong>Uno de esos reclusos que hab\u00eda sido arrestado en Azul por otra infracci\u00f3n a la Ley 23.737 en noviembre de 2022<\/strong>. En ese momento, en el departamento del barrio Car\u00fas donde viv\u00eda <strong>se incautaron peque\u00f1as dosis de coca\u00edna<\/strong> que al parecer ten\u00eda para la venta al menudeo- fue notificado en ese contexto actual de encierro en que se encuentra que <strong>tambi\u00e9n quedaba detenido por esta nueva Investigaci\u00f3n Penal Preparatoria que lo involucra<\/strong>.<\/p>\n<p>El acusado <strong>est\u00e1 preso en la Unidad 2<\/strong> y durante el allanamiento a su celda fue<strong> incautado un tel\u00e9fono celular<\/strong>. Fue identificado como se llama <strong>Kevin Nazareno Binzugna<\/strong>, tiene 27 a\u00f1os y es oriundo de Azul.<\/p>\n<blockquote><p>Se explic\u00f3 que este nuevo il\u00edcito se lo atribuyen como cometido mientras estaba en una de las c\u00e1rceles de Sierra Chica detenido por infracci\u00f3n a la Ley 23.737.<\/p><\/blockquote>\n<p><strong>En la Unidad 38, tambi\u00e9n en Sierra Chica<\/strong>, los investigadores hicieron este mi\u00e9rcoles <strong>otro de los allanamientos<\/strong> ordenados en el marco de esta investigaci\u00f3n penal por venta de drogas. En la celda en la que <strong>est\u00e1 alojado el segundo recluso imputado tambi\u00e9n se secuestr\u00f3 un tel\u00e9fono celular<\/strong>. Se aclar\u00f3 que, en este caso, <em>no se orden\u00f3 ninguna medida cautelar contra el hombre<\/em>.<\/p>\n<p><strong>En Tandil<\/strong>, en tanto, se llev\u00f3 a cabo otro de los allanamientos. <strong>El hombre que buscaban los investigadores fue arrestado este mi\u00e9rcoles <\/strong>en horas de la ma\u00f1ana: se llama <strong>Enrique An\u00edbal Turno, de 35 a\u00f1os.<\/strong> Fue encontrado en una vivienda situada sobre la calle Catamarca de Azul donde se domicilia otro de los varones investigados, para quien hasta el momento no se orden\u00f3 tampoco medida cautelar alguna.<\/p>\n<p>Durante ese allanamiento, <strong>los efectivos de seguridad incautaron coca\u00edna, m\u00e1s de 110.000 pesos y el tel\u00e9fono celular<\/strong> del ahora detenido, que figura con domicilio en Tandil sobre la calle General Roca.<\/p>\n<p><img data-recalc-dims=\"1\" loading=\"lazy\" decoding=\"async\" class=\"size-full wp-image-116287 aligncenter\" src=\"https:\/\/i0.wp.com\/cdnoticias.com\/wp-content\/uploads\/2024\/05\/allanamiento-drogas-banda-narco-regional-01.jpg?resize=800%2C445&#038;ssl=1\" alt=\"\" width=\"800\" height=\"445\" srcset=\"https:\/\/i0.wp.com\/cdnoticias.com\/wp-content\/uploads\/2024\/05\/allanamiento-drogas-banda-narco-regional-01.jpg?w=800&amp;ssl=1 800w, https:\/\/i0.wp.com\/cdnoticias.com\/wp-content\/uploads\/2024\/05\/allanamiento-drogas-banda-narco-regional-01.jpg?resize=300%2C167&amp;ssl=1 300w, https:\/\/i0.wp.com\/cdnoticias.com\/wp-content\/uploads\/2024\/05\/allanamiento-drogas-banda-narco-regional-01.jpg?resize=768%2C427&amp;ssl=1 768w\" sizes=\"auto, (max-width: 800px) 100vw, 800px\" \/><\/p>\n<p><strong>En Azul<\/strong> tambi\u00e9n se realizaron durante la ma\u00f1ana del mi\u00e9rcoles los dem\u00e1s allanamientos y, en uno de los inmuebles escenario de esas diligencias, la <strong>detenci\u00f3n de otro var\u00f3n de 34 a\u00f1os<\/strong>, quien es se\u00f1alado como otro<strong> \u201cpart\u00edcipe necesario\u201d<\/strong> -al igual que la mujer arrestada en Olavarr\u00eda- del delito de \u201ccomercializaci\u00f3n de estupefacientes propiamente dicha\u201d.<\/p>\n<p>Se trata de <strong>Carlos Eduardo Vera, apodado &#8220;Caio&#8221;<\/strong>. Lo arrestaron en un <strong>inmueble situado sobre la calle Rauch entre Mendoza y Neuqu\u00e9n<\/strong>. All\u00ed se ubica la <strong>vivienda y verduler\u00eda del imputado<\/strong>. El resultado del allanamiento fue el<strong> secuestro de un tel\u00e9fono celular, una planta de cannabis sativa y m\u00e1s de 90 gramos de marihuana<\/strong>.<\/p>\n<h3>M\u00e1s allanamientos<\/h3>\n<p>Los dem\u00e1s allanamientos realizados en Azul este mi\u00e9rcoles tuvieron como escenarios los domicilios de m\u00e1s investigados en esta causa, para quienes no fueron ordenadas sus detenciones.<\/p>\n<p>De esa manera, en <strong>un inmueble situado sobre la calle Falucho<\/strong>, en cercan\u00edas a las v\u00edas, los investigadores <strong>secuestraron m\u00e1s de 30 gramos de marihuana<\/strong>. Y en una <strong>casa situada en el barrio El Sol<\/strong>, en el cruce de 1\u00b0 de Mayo y Calle 8, se<strong> incaut\u00f3 un frasco que en su interior conten\u00eda cogollos de marihuana<\/strong>.<\/p>\n<p>Otro de los allanamientos se llev\u00f3 a cabo sobre la <strong>avenida Mitre entre Necochea y 25 de Mayo<\/strong>, tambi\u00e9n en Azul. En esa cuadra funciona <strong>un comercio propiedad de uno de los sospechados<\/strong>, sin que la diligencia ordenada arrojara tampoco resultados de inter\u00e9s.<\/p>\n<p>El<strong> Juzgado de Garant\u00edas 3<\/strong> que conduce en el Palacio de Justicia de Azul, el <strong>magistrado Juan Jos\u00e9 Su\u00e1rez<\/strong> hab\u00eda ordenado los allanamientos y las detenciones, en respuesta a solicitudes de <strong>Lucas Moyano, el fiscal a cargo de la UFI 22<\/strong> que lleva adelante la tramitaci\u00f3n de este sumario penal relacionado con una infracci\u00f3n a la Ley 23.737.<\/p>\n<p>Los procedimientos que se realizaron en Azul, al igual que los que se desarrollaron en las unidades penales de Sierra Chica, en Olavarr\u00eda y en Tandil, estuvieron encabezados por <strong>polic\u00edas de la Delegaci\u00f3n Departamental de Investigaciones del Tr\u00e1fico de Drogas Il\u00edcitas con asiento en esta ciudad y contaron con la colaboraci\u00f3n de DDI.; Comisar\u00eda Primera, Comando Patrullas, Infanter\u00eda, GAD Olavarr\u00eda y CPR de Azul; y un can que detecta estupefacientes de la Comisaria de Tapalqu\u00e9.<\/strong><\/p>\n<blockquote class=\"instagram-media\" style=\"background: #FFF; border: 0; border-radius: 3px; box-shadow: 0 0 1px 0 rgba(0,0,0,0.5),0 1px 10px 0 rgba(0,0,0,0.15); margin: 1px; max-width: 540px; min-width: 326px; padding: 0; width: calc(100% - 2px);\" data-instgrm-permalink=\"https:\/\/www.instagram.com\/reel\/C7B1NBbOUHZ\/?utm_source=ig_embed&amp;utm_campaign=loading\" data-instgrm-version=\"14\">\n<div style=\"padding: 16px;\">\n<div style=\"display: flex; flex-direction: row; align-items: center;\">\n<div style=\"background-color: #f4f4f4; border-radius: 50%; flex-grow: 0; height: 40px; margin-right: 14px; width: 40px;\"><\/div>\n<div style=\"display: flex; flex-direction: column; flex-grow: 1; justify-content: center;\">\n<div style=\"background-color: #f4f4f4; border-radius: 4px; flex-grow: 0; height: 14px; margin-bottom: 6px; width: 100px;\"><\/div>\n<div style=\"background-color: #f4f4f4; border-radius: 4px; flex-grow: 0; height: 14px; width: 60px;\"><\/div>\n<\/div>\n<\/div>\n<div style=\"padding: 19% 0;\"><\/div>\n<div style=\"display: block; height: 50px; margin: 0 auto 12px; width: 50px;\"><\/div>\n<div style=\"padding-top: 8px;\">\n<div style=\"color: #3897f0; font-family: Arial,sans-serif; font-size: 14px; font-style: normal; font-weight: 550; line-height: 18px;\">Ver esta publicaci\u00f3n en Instagram<\/div>\n<\/div>\n<div style=\"padding: 12.5% 0;\"><\/div>\n<div style=\"display: flex; flex-direction: row; margin-bottom: 14px; align-items: center;\">\n<div>\n<div style=\"background-color: #f4f4f4; border-radius: 50%; height: 12.5px; width: 12.5px; transform: translateX(0px) translateY(7px);\"><\/div>\n<div style=\"background-color: #f4f4f4; height: 12.5px; transform: rotate(-45deg) translateX(3px) translateY(1px); width: 12.5px; flex-grow: 0; margin-right: 14px; margin-left: 2px;\"><\/div>\n<div style=\"background-color: #f4f4f4; border-radius: 50%; height: 12.5px; width: 12.5px; transform: translateX(9px) translateY(-18px);\"><\/div>\n<\/div>\n<div style=\"margin-left: 8px;\">\n<div style=\"background-color: #f4f4f4; border-radius: 50%; flex-grow: 0; height: 20px; width: 20px;\"><\/div>\n<div style=\"width: 0; height: 0; border-top: 2px solid transparent; border-left: 6px solid #f4f4f4; border-bottom: 2px solid transparent; transform: translateX(16px) translateY(-4px) rotate(30deg);\"><\/div>\n<\/div>\n<div style=\"margin-left: auto;\">\n<div style=\"width: 0px; border-top: 8px solid #F4F4F4; border-right: 8px solid transparent; transform: translateY(16px);\"><\/div>\n<div style=\"background-color: #f4f4f4; flex-grow: 0; height: 12px; width: 16px; transform: translateY(-4px);\"><\/div>\n<div style=\"width: 0; height: 0; border-top: 8px solid #F4F4F4; border-left: 8px solid transparent; transform: translateY(-4px) translateX(8px);\"><\/div>\n<\/div>\n<\/div>\n<div style=\"display: flex; flex-direction: column; flex-grow: 1; justify-content: center; margin-bottom: 24px;\">\n<div style=\"background-color: #f4f4f4; border-radius: 4px; flex-grow: 0; height: 14px; margin-bottom: 6px; width: 224px;\"><\/div>\n<div style=\"background-color: #f4f4f4; border-radius: 4px; flex-grow: 0; height: 14px; width: 144px;\"><\/div>\n<\/div>\n<p style=\"color: #c9c8cd; font-family: Arial,sans-serif; font-size: 14px; line-height: 17px; margin-bottom: 0; margin-top: 8px; overflow: hidden; padding: 8px 0 7px; text-align: center; text-overflow: ellipsis; white-space: nowrap;\"><a style=\"color: #c9c8cd; font-family: Arial,sans-serif; font-size: 14px; font-style: normal; font-weight: normal; line-height: 17px; text-decoration: none;\" href=\"https:\/\/www.instagram.com\/reel\/C7B1NBbOUHZ\/?utm_source=ig_embed&amp;utm_campaign=loading\" target=\"_blank\" rel=\"noopener\">Una publicaci\u00f3n compartida por Central de Noticias Olavarr\u00eda (@cdnolavarria)<\/a><\/p>\n<\/div>\n<\/blockquote>\n<p><script async src=\"\/\/www.instagram.com\/embed.js\"><\/script><\/p>\n<h3>La investigaci\u00f3n<\/h3>\n<p>En las actuaciones penales que siguen se refiere que<strong> los cuatro varones y la mujer que resultaron detenidos<\/strong> este mi\u00e9rcoles<strong> formaron parte de \u201cuna organizaci\u00f3n\u201d<\/strong> destinada a <strong>comercializar estupefacientes al menudeo<\/strong>.<\/p>\n<blockquote><p>Era dirigida por uno de los hombres arrestados, el hombre domiciliado en Tandil, y contaba con \u201cla participaci\u00f3n necesaria\u201d de los dem\u00e1s investigados. Entre ellos, el recluso alojado en la Unidad 2 de Sierra Chica, el propietario de la verduler\u00eda situada sobre la calle Rauch de Azul y la mujer que fuera detenida en Olavarr\u00eda.<\/p><\/blockquote>\n<p>A trav\u00e9s de lo investigado, <strong>se se\u00f1ala tambi\u00e9n como a uno de los involucrados<\/strong> en esta supuesta organizaci\u00f3n dedicada a la venta de drogas al menudeo a <strong>un joven que hab\u00eda sido aprehendido en Azul<\/strong> durante un procedimiento que efectivos policiales realizaron <strong>el 14 de diciembre del a\u00f1o pasado<\/strong>.<\/p>\n<p>Aquel d\u00eda, en horas de la tarde, agentes de la divisi\u00f3n antinarc\u00f3ticos de la vecina localidad<strong> interceptaron en la v\u00eda p\u00fablica a un mec\u00e1nico de motos, Germ\u00e1n Santiago Meli\u00e1n,<\/strong> que en su poder ten\u00eda <strong>coca\u00edna y marihuana<\/strong> para la venta.<\/p>\n","protected":false},"excerpt":{"rendered":"<p>Este mi\u00e9rcoles se hicieron 10 allanamientos en Olavarr\u00eda, Azul y Tandil. Hay cinco personas detenidas acusadas de formar una organizaci\u00f3n<\/p>\n","protected":false},"author":4,"featured_media":116286,"comment_status":"closed","ping_status":"closed","sticky":false,"template":"","format":"standard","meta":{"_jetpack_memberships_contains_paid_content":false,"footnotes":""},"categories":[14,1],"tags":[],"class_list":["post-116285","post","type-post","status-publish","format-standard","has-post-thumbnail","hentry","category-policiales","category-portada"],"jetpack_featured_media_url":"https:\/\/i0.wp.com\/cdnoticias.com\/wp-content\/uploads\/2024\/05\/allanamiento-drogas-banda-narco-regional-00.jpg?fit=800%2C446&ssl=1","jetpack_sharing_enabled":true,"_links":{"self":[{"href":"https:\/\/cdnoticias.com\/index.php\/wp-json\/wp\/v2\/posts\/116285","targetHints":{"allow":["GET"]}}],"collection":[{"href":"https:\/\/cdnoticias.com\/index.php\/wp-json\/wp\/v2\/posts"}],"about":[{"href":"https:\/\/cdnoticias.com\/index.php\/wp-json\/wp\/v2\/types\/post"}],"author":[{"embeddable":true,"href":"https:\/\/cdnoticias.com\/index.php\/wp-json\/wp\/v2\/users\/4"}],"replies":[{"embeddable":true,"href":"https:\/\/cdnoticias.com\/index.php\/wp-json\/wp\/v2\/comments?post=116285"}],"version-history":[{"count":0,"href":"https:\/\/cdnoticias.com\/index.php\/wp-json\/wp\/v2\/posts\/116285\/revisions"}],"wp:featuredmedia":[{"embeddable":true,"href":"https:\/\/cdnoticias.com\/index.php\/wp-json\/wp\/v2\/media\/116286"}],"wp:attachment":[{"href":"https:\/\/cdnoticias.com\/index.php\/wp-json\/wp\/v2\/media?parent=116285"}],"wp:term":[{"taxonomy":"category","embeddable":true,"href":"https:\/\/cdnoticias.com\/index.php\/wp-json\/wp\/v2\/categories?post=116285"},{"taxonomy":"post_tag","embeddable":true,"href":"https:\/\/cdnoticias.com\/index.php\/wp-json\/wp\/v2\/tags?post=116285"}],"curies":[{"name":"wp","href":"https:\/\/api.w.org\/{rel}","templated":true}]}}