{"id":116280,"date":"2024-05-16T17:31:10","date_gmt":"2024-05-16T20:31:10","guid":{"rendered":"https:\/\/cdnoticias.com\/?p=116280"},"modified":"2024-05-16T17:31:13","modified_gmt":"2024-05-16T20:31:13","slug":"obras-hidraulicas-en-los-barrios-villa-aurora-ceco-y-luz-y-fuerza","status":"publish","type":"post","link":"https:\/\/cdnoticias.com\/index.php\/2024\/05\/16\/obras-hidraulicas-en-los-barrios-villa-aurora-ceco-y-luz-y-fuerza\/","title":{"rendered":"Obras hidr\u00e1ulicas en los barrios Villa Aurora, CECO y Luz y Fuerza"},"content":{"rendered":"\n<p>Los trabajos se llevan adelante en distintos sectores de la ciudad para mejorar la transitabilidad y el escurrimiento del agua.<\/p>\n\n\n\n<hr class=\"wp-block-separator has-alpha-channel-opacity\"\/>\n\n\n\n<p>La Secretar\u00eda de Obras, Infraestructura y Servicios P\u00fablicos de la Municipalidad contin\u00faa con diferentes frentes de obras, los cuales fueron programados para el transcurso de esta semana y que muchos de ellos <strong>se encuentran en marcha y con un avance importante de obra.<\/strong><\/p>\n\n\n\n<p><\/p>\n\n\n\n<p>Los distintos trabajos responden a solucionar o <strong>mejorar problemas de transitabilidad y el correcto escurrimiento del agua.<\/strong><\/p>\n\n\n\n<p><\/p>\n\n\n\n<p>En la ma\u00f1ana del mi\u00e9rcoles, en <strong>avenida La Rioja entre Bol\u00edvar y avenida Col\u00f3n se desarrollan trabajos de mejoramiento en la traza,<\/strong> teniendo en cuenta que se trata de un sector altamente transitado. Con maquinaria pesada, que incluye una pala, una champion y camiones.<\/p>\n\n\n\n<p><\/p>\n\n\n\n<figure class=\"wp-block-image size-full\"><img data-recalc-dims=\"1\" loading=\"lazy\" decoding=\"async\" width=\"800\" height=\"445\" src=\"https:\/\/i0.wp.com\/cdnoticias.com\/wp-content\/uploads\/2024\/05\/Mantenimiento-Av.-La-Rioja1-scaled-1.jpg?resize=800%2C445&#038;ssl=1\" alt=\"\" class=\"wp-image-116282\" srcset=\"https:\/\/i0.wp.com\/cdnoticias.com\/wp-content\/uploads\/2024\/05\/Mantenimiento-Av.-La-Rioja1-scaled-1.jpg?w=800&amp;ssl=1 800w, https:\/\/i0.wp.com\/cdnoticias.com\/wp-content\/uploads\/2024\/05\/Mantenimiento-Av.-La-Rioja1-scaled-1.jpg?resize=300%2C167&amp;ssl=1 300w, https:\/\/i0.wp.com\/cdnoticias.com\/wp-content\/uploads\/2024\/05\/Mantenimiento-Av.-La-Rioja1-scaled-1.jpg?resize=768%2C427&amp;ssl=1 768w\" sizes=\"auto, (max-width: 800px) 100vw, 800px\" \/><\/figure>\n\n\n\n<p><\/p>\n\n\n\n<p>En paralelo,<strong> en materia hidr\u00e1ulica las tareas en avenida La Rioja y el canal de avenida Del Maestro <\/strong>se encuentra en el tramo final y permitir\u00e1n <strong>mejorar notablemente el sistema de evacuaci\u00f3n para los barrios CECO I y Luz y Fuerza,<\/strong> que fueron unos de los sectores m\u00e1s afectados por el temporal.<\/p>\n\n\n\n<p><\/p>\n\n\n\n<p>Con personal y maquinaria municipal, a trav\u00e9s de las \u00e1reas de Mantenimiento Urbano e Hidr\u00e1ulica se trabaja en conjunto para<strong> resolver los inconvenientes que se generaban en la intersecci\u00f3n de Las Heras y Neuqu\u00e9n.<\/strong><\/p>\n\n\n\n<p><\/p>\n\n\n\n<figure class=\"wp-block-image size-full\"><img data-recalc-dims=\"1\" loading=\"lazy\" decoding=\"async\" width=\"800\" height=\"445\" src=\"https:\/\/i0.wp.com\/cdnoticias.com\/wp-content\/uploads\/2024\/05\/Obras-Av.-La-Rioja-y-Del-Maestro.jpeg?resize=800%2C445&#038;ssl=1\" alt=\"\" class=\"wp-image-116281\" srcset=\"https:\/\/i0.wp.com\/cdnoticias.com\/wp-content\/uploads\/2024\/05\/Obras-Av.-La-Rioja-y-Del-Maestro.jpeg?w=800&amp;ssl=1 800w, https:\/\/i0.wp.com\/cdnoticias.com\/wp-content\/uploads\/2024\/05\/Obras-Av.-La-Rioja-y-Del-Maestro.jpeg?resize=300%2C167&amp;ssl=1 300w, https:\/\/i0.wp.com\/cdnoticias.com\/wp-content\/uploads\/2024\/05\/Obras-Av.-La-Rioja-y-Del-Maestro.jpeg?resize=768%2C427&amp;ssl=1 768w\" sizes=\"auto, (max-width: 800px) 100vw, 800px\" \/><\/figure>\n\n\n\n<p><\/p>\n\n\n\n<p>Espec\u00edficamente en dicho sector de <strong>Villa Aurora <\/strong>se realiz\u00f3 el corrimiento de una alcantarilla, la colocaci\u00f3n de tubos de hormig\u00f3n premoldeado y la rectificaci\u00f3n de cuneta en 100 metros.<\/p>\n\n\n\n<p><\/p>\n\n\n\n<p>Estas obras se encuentran incluidas en el marco del<strong> Plan Hidr\u00e1ulico Ordenador,<\/strong> que permite instrumentar diferentes acciones con la finalidad de mejorar el sistema de drenaje y brindar soluci\u00f3n a las problem\u00e1ticas m\u00e1s importantes que se presentan en materia hidr\u00e1ulica y teniendo en cuenta las caracter\u00edsticas del Partido de Olavarr\u00eda.<\/p>\n","protected":false},"excerpt":{"rendered":"<p>Los trabajos se llevan adelante en distintos sectores de la ciudad para mejorar la transitabilidad y el escurrimiento del agua.<\/p>\n","protected":false},"author":2,"featured_media":116283,"comment_status":"closed","ping_status":"closed","sticky":false,"template":"","format":"standard","meta":{"_jetpack_memberships_contains_paid_content":false,"footnotes":""},"categories":[5,1],"tags":[],"class_list":["post-116280","post","type-post","status-publish","format-standard","has-post-thumbnail","hentry","category-informacion-general","category-portada"],"jetpack_featured_media_url":"https:\/\/i0.wp.com\/cdnoticias.com\/wp-content\/uploads\/2024\/05\/Obras-Las-Heras-y-Neuquen.jpeg?fit=800%2C445&ssl=1","jetpack_sharing_enabled":true,"_links":{"self":[{"href":"https:\/\/cdnoticias.com\/index.php\/wp-json\/wp\/v2\/posts\/116280","targetHints":{"allow":["GET"]}}],"collection":[{"href":"https:\/\/cdnoticias.com\/index.php\/wp-json\/wp\/v2\/posts"}],"about":[{"href":"https:\/\/cdnoticias.com\/index.php\/wp-json\/wp\/v2\/types\/post"}],"author":[{"embeddable":true,"href":"https:\/\/cdnoticias.com\/index.php\/wp-json\/wp\/v2\/users\/2"}],"replies":[{"embeddable":true,"href":"https:\/\/cdnoticias.com\/index.php\/wp-json\/wp\/v2\/comments?post=116280"}],"version-history":[{"count":0,"href":"https:\/\/cdnoticias.com\/index.php\/wp-json\/wp\/v2\/posts\/116280\/revisions"}],"wp:featuredmedia":[{"embeddable":true,"href":"https:\/\/cdnoticias.com\/index.php\/wp-json\/wp\/v2\/media\/116283"}],"wp:attachment":[{"href":"https:\/\/cdnoticias.com\/index.php\/wp-json\/wp\/v2\/media?parent=116280"}],"wp:term":[{"taxonomy":"category","embeddable":true,"href":"https:\/\/cdnoticias.com\/index.php\/wp-json\/wp\/v2\/categories?post=116280"},{"taxonomy":"post_tag","embeddable":true,"href":"https:\/\/cdnoticias.com\/index.php\/wp-json\/wp\/v2\/tags?post=116280"}],"curies":[{"name":"wp","href":"https:\/\/api.w.org\/{rel}","templated":true}]}}