{"id":116278,"date":"2024-05-16T08:46:09","date_gmt":"2024-05-16T11:46:09","guid":{"rendered":"https:\/\/cdnoticias.com\/?p=116278"},"modified":"2024-05-16T08:46:11","modified_gmt":"2024-05-16T11:46:11","slug":"carlos-alberto-caceres-beto-q-e-p-d","status":"publish","type":"post","link":"https:\/\/cdnoticias.com\/index.php\/2024\/05\/16\/carlos-alberto-caceres-beto-q-e-p-d\/","title":{"rendered":"Carlos Alberto C\u00e1ceres \u201cBeto\u201d (Q.E.P.D.)"},"content":{"rendered":"\n<p>Falleci\u00f3 en Olavarr\u00eda el 16 de mayo de 2024 a los 94 a\u00f1os de edad. Sus hijos Alejandra, Luis Mar\u00eda, Mariana y Carlos C\u00e1ceres. Sus hijos pol\u00edticos Carlos, Elisa y Adri\u00e1n. Sus nietos Juan Pablo, Natalia, Mat\u00edas, Facundo, Constanza, Gonzalo, Delfina y Mia. Sus nietos pol\u00edticos. Sus bisnietos y dem\u00e1s deudos participan su fallecimiento.<\/p>\n\n\n\n<p><\/p>\n\n\n\n<p>Sus restos ser\u00e1n velados en Espa\u00f1a 2942 departamento &#8220;B&#8221; (la sala se habilita de 13 a 14) y ser\u00e1n cremados en Crematorio Pinos de Paz, previo responso en la capilla ardiente, en d\u00eda y horario a confirmar. Servicio adherido a Coopelectric. Vecino de barrio Jard\u00edn. Nacido en Capital Federal. Arquitecto, Docente Jubilado de la universidad y de la Escuela Industrial.<\/p>\n","protected":false},"excerpt":{"rendered":"<p>Falleci\u00f3 en Olavarr\u00eda el 16 de mayo de 2024 a los 94 a\u00f1os de edad. Sus hijos Alejandra, Luis Mar\u00eda,<\/p>\n","protected":false},"author":2,"featured_media":100390,"comment_status":"closed","ping_status":"closed","sticky":false,"template":"","format":"standard","meta":{"_jetpack_memberships_contains_paid_content":false,"footnotes":""},"categories":[10],"tags":[],"class_list":["post-116278","post","type-post","status-publish","format-standard","has-post-thumbnail","hentry","category-necrologicas"],"jetpack_featured_media_url":"https:\/\/i0.wp.com\/cdnoticias.com\/wp-content\/uploads\/2023\/10\/necrologicas-390-x-240.jpg?fit=390%2C240&ssl=1","jetpack_sharing_enabled":true,"_links":{"self":[{"href":"https:\/\/cdnoticias.com\/index.php\/wp-json\/wp\/v2\/posts\/116278","targetHints":{"allow":["GET"]}}],"collection":[{"href":"https:\/\/cdnoticias.com\/index.php\/wp-json\/wp\/v2\/posts"}],"about":[{"href":"https:\/\/cdnoticias.com\/index.php\/wp-json\/wp\/v2\/types\/post"}],"author":[{"embeddable":true,"href":"https:\/\/cdnoticias.com\/index.php\/wp-json\/wp\/v2\/users\/2"}],"replies":[{"embeddable":true,"href":"https:\/\/cdnoticias.com\/index.php\/wp-json\/wp\/v2\/comments?post=116278"}],"version-history":[{"count":0,"href":"https:\/\/cdnoticias.com\/index.php\/wp-json\/wp\/v2\/posts\/116278\/revisions"}],"wp:featuredmedia":[{"embeddable":true,"href":"https:\/\/cdnoticias.com\/index.php\/wp-json\/wp\/v2\/media\/100390"}],"wp:attachment":[{"href":"https:\/\/cdnoticias.com\/index.php\/wp-json\/wp\/v2\/media?parent=116278"}],"wp:term":[{"taxonomy":"category","embeddable":true,"href":"https:\/\/cdnoticias.com\/index.php\/wp-json\/wp\/v2\/categories?post=116278"},{"taxonomy":"post_tag","embeddable":true,"href":"https:\/\/cdnoticias.com\/index.php\/wp-json\/wp\/v2\/tags?post=116278"}],"curies":[{"name":"wp","href":"https:\/\/api.w.org\/{rel}","templated":true}]}}