{"id":116266,"date":"2024-05-15T19:56:51","date_gmt":"2024-05-15T22:56:51","guid":{"rendered":"https:\/\/cdnoticias.com\/?p=116266"},"modified":"2024-05-16T09:20:34","modified_gmt":"2024-05-16T12:20:34","slug":"intentaron-robar-elementos-de-un-auto-estacionado-y-terminaron-presos","status":"publish","type":"post","link":"https:\/\/cdnoticias.com\/index.php\/2024\/05\/15\/intentaron-robar-elementos-de-un-auto-estacionado-y-terminaron-presos\/","title":{"rendered":"Intentaron robar elementos de un auto estacionado y terminaron presos"},"content":{"rendered":"\n<p>Se trata de dos j\u00f3venes de 20 y 25 a\u00f1os. El hecho se produjo en la casa de la v\u00edctima y fueron interceptados en Estrada y Ayacucho.<\/p>\n\n\n\n<hr class=\"wp-block-separator aligncenter has-alpha-channel-opacity\"\/>\n\n\n\n<p>Este mi\u00e9rcoles, <strong>dos j\u00f3venes de 20 y 25 a\u00f1os fueron aprehendidos por personal de Comando de Patrullas tras ser sorprendidos mientras robaban elementos de un auto estacionado en la propiedad de su due\u00f1o.<\/strong><\/p>\n\n\n\n<p>Seg\u00fan se inform\u00f3 oficialmente, un llamado al 911 dio cuenta de un robo de herramientas de un Peugeot 504.<strong> Al realizar el operativo, encontraron a los dos responsables con un criquet tipo tijera y una llave cruz.<\/strong><\/p>\n\n\n\n<p>Tras dar cuenta de que los elementos eran del veh\u00edculo en cuesti\u00f3n, <strong>fueron aprehendidos y trasladados a Comisar\u00eda Primera<\/strong>, dependencia de jurisdicci\u00f3n del hecho.<\/p>\n\n\n\n<p>Ahora enfrentan una causa por <strong><em>\u201cHurto infraganti delito\u201d <\/em><\/strong>con intervenci\u00f3n de la UFI N\u00b04 a cargo de la doctora Paula Serrano.<\/p>\n","protected":false},"excerpt":{"rendered":"<p>Se trata de dos j\u00f3venes de 20 y 25 a\u00f1os. El hecho se produjo en la casa de la v\u00edctima<\/p>\n","protected":false},"author":2,"featured_media":116267,"comment_status":"closed","ping_status":"closed","sticky":false,"template":"","format":"standard","meta":{"_jetpack_memberships_contains_paid_content":false,"footnotes":""},"categories":[14,1],"tags":[],"class_list":["post-116266","post","type-post","status-publish","format-standard","has-post-thumbnail","hentry","category-policiales","category-portada"],"jetpack_featured_media_url":"https:\/\/i0.wp.com\/cdnoticias.com\/wp-content\/uploads\/2024\/05\/WhatsApp-Image-2024-05-15-at-15.09.09.jpeg?fit=941%2C484&ssl=1","jetpack_sharing_enabled":true,"_links":{"self":[{"href":"https:\/\/cdnoticias.com\/index.php\/wp-json\/wp\/v2\/posts\/116266","targetHints":{"allow":["GET"]}}],"collection":[{"href":"https:\/\/cdnoticias.com\/index.php\/wp-json\/wp\/v2\/posts"}],"about":[{"href":"https:\/\/cdnoticias.com\/index.php\/wp-json\/wp\/v2\/types\/post"}],"author":[{"embeddable":true,"href":"https:\/\/cdnoticias.com\/index.php\/wp-json\/wp\/v2\/users\/2"}],"replies":[{"embeddable":true,"href":"https:\/\/cdnoticias.com\/index.php\/wp-json\/wp\/v2\/comments?post=116266"}],"version-history":[{"count":0,"href":"https:\/\/cdnoticias.com\/index.php\/wp-json\/wp\/v2\/posts\/116266\/revisions"}],"wp:featuredmedia":[{"embeddable":true,"href":"https:\/\/cdnoticias.com\/index.php\/wp-json\/wp\/v2\/media\/116267"}],"wp:attachment":[{"href":"https:\/\/cdnoticias.com\/index.php\/wp-json\/wp\/v2\/media?parent=116266"}],"wp:term":[{"taxonomy":"category","embeddable":true,"href":"https:\/\/cdnoticias.com\/index.php\/wp-json\/wp\/v2\/categories?post=116266"},{"taxonomy":"post_tag","embeddable":true,"href":"https:\/\/cdnoticias.com\/index.php\/wp-json\/wp\/v2\/tags?post=116266"}],"curies":[{"name":"wp","href":"https:\/\/api.w.org\/{rel}","templated":true}]}}