{"id":116264,"date":"2024-05-15T19:33:14","date_gmt":"2024-05-15T22:33:14","guid":{"rendered":"https:\/\/cdnoticias.com\/?p=116264"},"modified":"2024-05-16T08:00:29","modified_gmt":"2024-05-16T11:00:29","slug":"se-ordeno-detener-la-produccion-en-fanazul","status":"publish","type":"post","link":"https:\/\/cdnoticias.com\/index.php\/2024\/05\/15\/se-ordeno-detener-la-produccion-en-fanazul\/","title":{"rendered":"Se orden\u00f3 detener la producci\u00f3n en Fanazul"},"content":{"rendered":"\n<p>Se comunic\u00f3 que se trata de una &#8220;parada t\u00e9cnica&#8221; hasta el pr\u00f3ximo lunes, aunque fuentes sindicales consideran que se trata, en realidad, de una paralizaci\u00f3n indeterminada.<\/p>\n\n\n\n<hr class=\"wp-block-separator aligncenter has-alpha-channel-opacity\"\/>\n\n\n\n<p>Este mi\u00e9rcoles, <strong>los trabajadores de la planta de explosivos Fanazul<\/strong> recepcionaron desde Fabricaciones Militares <strong>detener la producci\u00f3n.<\/strong><\/p>\n\n\n\n<p><\/p>\n\n\n\n<p>Asimismo, se est\u00e1n organizando reuniones, entre ellas el Concejo Deliberante a trav\u00e9s de la comisi\u00f3n de defensa de Fanazul y <strong>los trabajadores se declararon en estado de alerta.<\/strong><\/p>\n\n\n\n<p><\/p>\n\n\n\n<blockquote class=\"wp-block-quote is-layout-flow wp-block-quote-is-layout-flow\">\n<p>Desde Fabricaciones, se comunic\u00f3 que se trata de una &#8220;parada t\u00e9cnica&#8221; hasta el pr\u00f3ximo lunes, aunque fuentes sindicales consideran que se trata, en realidad, de una paralizaci\u00f3n indeterminada.<\/p>\n<\/blockquote>\n\n\n\n<p><\/p>\n\n\n\n<p>En tanto, desde Fabricaciones Militares este mi\u00e9rcoles tambi\u00e9n <strong>se confirm\u00f3 a los directivos de Fanazul que el contrato con la empresa peruana Orica, que compraba el Mastermix producido en Azul, &#8220;se ha ca\u00eddo&#8221;.<\/strong> El contrato entr\u00f3 en vigencia poco despu\u00e9s de la reapertura de la f\u00e1brica -hecho acontecido el 9 de junio del 2023- y ten\u00eda una duraci\u00f3n de cinco a\u00f1os.<\/p>\n\n\n\n<p><\/p>\n\n\n\n<blockquote class=\"wp-block-quote is-layout-flow wp-block-quote-is-layout-flow\">\n<p>El secretario general de ATE Azul, Eduardo Bercovich, indic\u00f3 a<em> El Tiempo<\/em> que &#8220;la apreciaci\u00f3n que tenemos es que es completamente dispar de lo que dijeron los funcionarios d\u00edas pasados en Azul, quienes informaron que iba a haber continuidad, que solamente se iba a proponer el retiro voluntario y que nosotros (en Fanazul) ten\u00edamos que producir m\u00e1s porque en la f\u00e1brica de Villa Mar\u00eda se iba a dejar de producir porque se hac\u00edan m\u00e1s kilos en Azul, y en una semana pararon la producci\u00f3n en Fanazul. Seg\u00fan ellos, una parada t\u00e9cnica hasta el d\u00eda lunes&#8221;.<\/p>\n<\/blockquote>\n\n\n\n<p><\/p>\n\n\n\n<p>&#8220;Por toda esta situaci\u00f3n nosotros estamos en estado de alerta. Argumentaron (desde Fabricaciones Militares) que se hab\u00eda ca\u00eddo un contrato, que estaba establecido por cinco a\u00f1os, con la empresa Orica de Per\u00fa&#8221;, indic\u00f3 Bercovich.<\/p>\n\n\n\n<p><\/p>\n\n\n\n<p>En las primeras horas de esta tarde, <strong>dirigentes de ATE Azul mantuvieron una reuni\u00f3n con el intendente Nelson Sombra, <\/strong>oportunidad en la que brind\u00f3 al jefe comunal un <strong>panorama de situaci\u00f3n en torno a Fanazul.<\/strong><\/p>\n\n\n\n<p><\/p>\n\n\n\n<p>Del encuentro participaron los dirigentes de ATE Eduardo Bercovich, Nancy Su\u00e1rez, con los delegados Sebasti\u00e1n Madd\u00edo y Gustavo Luj\u00e1n.<\/p>\n\n\n\n<p><\/p>\n\n\n\n<p>En las pr\u00f3ximas horas, por otro lado, <strong>se presentar\u00e1 una nota al presidente del Concejo Deliberante de Azul, Juan Louge, <\/strong>para solicitarle que convoque a reuni\u00f3n a la Comisi\u00f3n de Defensa de Fanazul, creada meses atr\u00e1s, con el fin de abordar tambi\u00e9n en el \u00e1mbito legislativo la problem\u00e1tica que actualmente atraviesan los trabajadores de la planta Fanazul.<\/p>\n\n\n\n<p><\/p>\n\n\n\n<p><em>Fuente: Diario El Tiempo<\/em><\/p>\n","protected":false},"excerpt":{"rendered":"<p>Se comunic\u00f3 que se trata de una &#8220;parada t\u00e9cnica&#8221; hasta el pr\u00f3ximo lunes, aunque fuentes sindicales consideran que se trata,<\/p>\n","protected":false},"author":6,"featured_media":85854,"comment_status":"closed","ping_status":"closed","sticky":false,"template":"","format":"standard","meta":{"_jetpack_memberships_contains_paid_content":false,"footnotes":""},"categories":[5,1],"tags":[],"class_list":["post-116264","post","type-post","status-publish","format-standard","has-post-thumbnail","hentry","category-informacion-general","category-portada"],"jetpack_featured_media_url":"https:\/\/i0.wp.com\/cdnoticias.com\/wp-content\/uploads\/2023\/05\/fanazul.jpeg?fit=719%2C393&ssl=1","jetpack_sharing_enabled":true,"_links":{"self":[{"href":"https:\/\/cdnoticias.com\/index.php\/wp-json\/wp\/v2\/posts\/116264","targetHints":{"allow":["GET"]}}],"collection":[{"href":"https:\/\/cdnoticias.com\/index.php\/wp-json\/wp\/v2\/posts"}],"about":[{"href":"https:\/\/cdnoticias.com\/index.php\/wp-json\/wp\/v2\/types\/post"}],"author":[{"embeddable":true,"href":"https:\/\/cdnoticias.com\/index.php\/wp-json\/wp\/v2\/users\/6"}],"replies":[{"embeddable":true,"href":"https:\/\/cdnoticias.com\/index.php\/wp-json\/wp\/v2\/comments?post=116264"}],"version-history":[{"count":0,"href":"https:\/\/cdnoticias.com\/index.php\/wp-json\/wp\/v2\/posts\/116264\/revisions"}],"wp:featuredmedia":[{"embeddable":true,"href":"https:\/\/cdnoticias.com\/index.php\/wp-json\/wp\/v2\/media\/85854"}],"wp:attachment":[{"href":"https:\/\/cdnoticias.com\/index.php\/wp-json\/wp\/v2\/media?parent=116264"}],"wp:term":[{"taxonomy":"category","embeddable":true,"href":"https:\/\/cdnoticias.com\/index.php\/wp-json\/wp\/v2\/categories?post=116264"},{"taxonomy":"post_tag","embeddable":true,"href":"https:\/\/cdnoticias.com\/index.php\/wp-json\/wp\/v2\/tags?post=116264"}],"curies":[{"name":"wp","href":"https:\/\/api.w.org\/{rel}","templated":true}]}}