{"id":116257,"date":"2024-05-20T17:08:14","date_gmt":"2024-05-20T20:08:14","guid":{"rendered":"https:\/\/cdnoticias.com\/?p=116257"},"modified":"2024-05-20T17:08:17","modified_gmt":"2024-05-20T20:08:17","slug":"taller-de-actualizacion-comunicacion-de-la-ciencia-en-las-organizaciones-2","status":"publish","type":"post","link":"https:\/\/cdnoticias.com\/index.php\/2024\/05\/20\/taller-de-actualizacion-comunicacion-de-la-ciencia-en-las-organizaciones-2\/","title":{"rendered":"Taller de actualizaci\u00f3n \u201cComunicaci\u00f3n de la ciencia en las organizaciones\u201d"},"content":{"rendered":"\n<p>El taller se dictar\u00e1 entre el lunes 10 de junio y el viernes 12 de julio de 2024. La inscripci\u00f3n est\u00e1 abierta hasta el mi\u00e9rcoles 5 de junio.<\/p>\n\n\n\n<hr class=\"wp-block-separator aligncenter has-alpha-channel-opacity\"\/>\n\n\n\n<p>La <strong>Facultad de Ciencias Sociales<\/strong> ofrecer\u00e1 un taller de actualizaci\u00f3n denominado <strong><em>\u201cComunicaci\u00f3n de la ciencia en las organizaciones<\/em><\/strong>\u201d, en el marco de la Diplomatura Universitaria Superior en Comunicaci\u00f3n P\u00fablica de la Ciencia con <strong>modalidad virtual<\/strong>.<\/p>\n\n\n\n<p><\/p>\n\n\n\n<p>El taller, <strong>se dictar\u00e1 entre el lunes 10 de junio y el viernes 12 de julio <\/strong>y estar\u00e1 a cargo de <strong>Silvina Chaves,<\/strong> quien es Doctora en Comunicaci\u00f3n Social (Universidad Nacional de C\u00f3rdoba), Licenciada en Comunicaci\u00f3n Social y Periodista (Universidad Nacional de San Luis) y Diplomada en Comunicaci\u00f3n Cient\u00edfica, M\u00e9dica y Ambiental (Universidad Pompeu Fabra). Actualmente se desempe\u00f1a como Investigadora y Docente en la Facultad de Ciencias Humanas (UNSL).<\/p>\n\n\n\n<p><\/p>\n\n\n\n<blockquote class=\"wp-block-quote is-layout-flow wp-block-quote-is-layout-flow\">\n<p>Este taller pretende generar aportes conceptuales y metodol\u00f3gicos para abordar la comunicaci\u00f3n de la ciencia en las organizaciones a partir de propiciar el acercamiento a la teor\u00eda y a la pr\u00e1ctica.<\/p>\n<\/blockquote>\n\n\n\n<p><\/p>\n\n\n\n<p>A partir de comprender la dimensi\u00f3n pol\u00edtica de la actividad cient\u00edfica, se buscar\u00e1 desarrollar habilidades para planificar la comunicaci\u00f3n de la ciencia en organizaciones cient\u00edficas p\u00fablicas o privadas.<\/p>\n\n\n\n<p><\/p>\n\n\n\n<p>La propuesta est\u00e1 orientada a <strong>personas interesadas que cuenten con titulaci\u00f3n de nivel superior <\/strong>y tendr\u00e1 una duraci\u00f3n 30 horas reloj, distribuidas durante las cinco semanas de duraci\u00f3n.<\/p>\n\n\n\n<p><\/p>\n\n\n\n<p>El taller est\u00e1 organizado por la Facultad de Ciencias Sociales y cuenta con el auspicio del Centro Cient\u00edfico Tecnol\u00f3gico CONICET\u2013TANDIL (CCT CONICET\u2013TANDIL).<\/p>\n\n\n\n<p><\/p>\n\n\n\n<p><strong>La inscripci\u00f3n est\u00e1 abierta hasta el mi\u00e9rcoles 5 de junio.<\/strong> Los\/as interesados\/as deber\u00e1n completar la <a href=\"https:\/\/www.soc.unicen.edu.ar\/images\/M_images\/2024\/PDF\/Postgrados\/Ficha_de_Inscripcin_Taller_Chaves_2024.pdf\" target=\"_blank\" rel=\"noreferrer noopener\">ficha de inscripci\u00f3n disponible aqu\u00ed <\/a>y enviarla por correo electr\u00f3nico a la Secretar\u00eda de Investigaci\u00f3n y Postgrado de la FACSO a diplomatura.cpc@soc.unicen.edu.ar, acompa\u00f1ada de copia escaneada del DNI y del t\u00edtulo de nivel superior.<\/p>\n","protected":false},"excerpt":{"rendered":"<p>El taller se dictar\u00e1 entre el lunes 10 de junio y el viernes 12 de julio de 2024. La inscripci\u00f3n<\/p>\n","protected":false},"author":6,"featured_media":83263,"comment_status":"closed","ping_status":"closed","sticky":false,"template":"","format":"standard","meta":{"_jetpack_memberships_contains_paid_content":false,"footnotes":""},"categories":[5,1],"tags":[],"class_list":["post-116257","post","type-post","status-publish","format-standard","has-post-thumbnail","hentry","category-informacion-general","category-portada"],"jetpack_featured_media_url":"https:\/\/i0.wp.com\/cdnoticias.com\/wp-content\/uploads\/2023\/04\/Facultad-de-Ciencias-Sociales-1.jpg?fit=2000%2C1159&ssl=1","jetpack_sharing_enabled":true,"_links":{"self":[{"href":"https:\/\/cdnoticias.com\/index.php\/wp-json\/wp\/v2\/posts\/116257","targetHints":{"allow":["GET"]}}],"collection":[{"href":"https:\/\/cdnoticias.com\/index.php\/wp-json\/wp\/v2\/posts"}],"about":[{"href":"https:\/\/cdnoticias.com\/index.php\/wp-json\/wp\/v2\/types\/post"}],"author":[{"embeddable":true,"href":"https:\/\/cdnoticias.com\/index.php\/wp-json\/wp\/v2\/users\/6"}],"replies":[{"embeddable":true,"href":"https:\/\/cdnoticias.com\/index.php\/wp-json\/wp\/v2\/comments?post=116257"}],"version-history":[{"count":0,"href":"https:\/\/cdnoticias.com\/index.php\/wp-json\/wp\/v2\/posts\/116257\/revisions"}],"wp:featuredmedia":[{"embeddable":true,"href":"https:\/\/cdnoticias.com\/index.php\/wp-json\/wp\/v2\/media\/83263"}],"wp:attachment":[{"href":"https:\/\/cdnoticias.com\/index.php\/wp-json\/wp\/v2\/media?parent=116257"}],"wp:term":[{"taxonomy":"category","embeddable":true,"href":"https:\/\/cdnoticias.com\/index.php\/wp-json\/wp\/v2\/categories?post=116257"},{"taxonomy":"post_tag","embeddable":true,"href":"https:\/\/cdnoticias.com\/index.php\/wp-json\/wp\/v2\/tags?post=116257"}],"curies":[{"name":"wp","href":"https:\/\/api.w.org\/{rel}","templated":true}]}}