{"id":11620,"date":"2021-01-17T12:56:55","date_gmt":"2021-01-17T15:56:55","guid":{"rendered":"http:\/\/www.centraldenoticias.com.ar\/?p=11620"},"modified":"2021-01-17T12:56:55","modified_gmt":"2021-01-17T15:56:55","slug":"allanamiento-por-el-ataque-a-un-joven-cerca-del-parque-eseverri","status":"publish","type":"post","link":"https:\/\/cdnoticias.com\/index.php\/2021\/01\/17\/allanamiento-por-el-ataque-a-un-joven-cerca-del-parque-eseverri\/","title":{"rendered":"Allanamiento por el ataque a un joven cerca del Parque Eseverri"},"content":{"rendered":"<p>Un joven de 18 a\u00f1os result\u00f3 con graves lesiones en Alsina al 4600 donde fue apu\u00f1alado. El agresor fue identificado y trascendi\u00f3 que es menor de edad. En la ma\u00f1ana de este domingo se llevaron adelante tareas de b\u00fasqueda.<!--more--><\/p>\n<hr \/>\n<p><strong>En las primeras horas del s\u00e1bado, un joven de 18 a\u00f1os result\u00f3 con una grav\u00edsima lesi\u00f3n producto un ataque con arma blanca<\/strong>. Fue en <strong>Alsina al 4600<\/strong> donde intervino al personal del CPO.<\/p>\n<p>Las averiguaciones conducidas desde la Comisar\u00eda Primera avanzaron durante la jornada del s\u00e1bado hasta <strong>establecer la autor\u00eda del ataque y se determin\u00f3 que el acusado era un menor de edad<\/strong>. <strong>La b\u00fasqueda del adolescente continu\u00f3 en la ma\u00f1ana de este domingo cuando se realiz\u00f3 un allanamiento<\/strong>.<\/p>\n<p>En cuanto a lo sucedido, se inform\u00f3 de manera oficial que tras un llamado al 911 los efectivos policiales recibieron el alerta sobre lo sucedido a una cuadra del Parque Helios Eseverri. Constataron que <strong>un joven de 18 a\u00f1os presentaba una herida en la ingle por lo que se le dio inmediato traslado al Hospital Municipal<\/strong> en ambulancia.<\/p>\n<p>Desde el centro de salud se indic\u00f3 que <strong>el joven presentaba una lesi\u00f3n en el miembro inferior y fue intervenido quir\u00fargicamente<\/strong> por un posible compromiso vascular. Inicialmente qued\u00f3 internado en Terapia Intensiva.<\/p>\n<p>En el lugar del ataque<strong> se realizaron pericias a cargo de Polic\u00eda Cient\u00edfica y la investigaci\u00f3n se caratul\u00f3 \u201clesiones\u201d<\/strong>. La intervenci\u00f3n se dio a la UFI N.\u00ba 4, aunque con el correr de las horas y <strong>al establecerse que el acusado era menor de edad, se elevaron las actuaciones al Fuero Penal Juvenil<\/strong>.<\/p>\n<p>Los efectivos policiales reunieron <strong>testimonios de personas que presenciaron el ataque<\/strong>, as\u00ed como<strong> im\u00e1genes de c\u00e1maras de seguridad<\/strong> para determinar la forma en que se dieron los hechos. Seg\u00fan se pudo saber, <strong>se descart\u00f3 el m\u00f3vil del robo<\/strong>.<\/p>\n<p><strong>Durante la ma\u00f1ana de este domingo, efectivos policiales de la Sub DDI llevaron adelante un allanamiento<\/strong>\u00a0con fuerte despliegue para dar con el acusado.<\/p>\n","protected":false},"excerpt":{"rendered":"<p>Un joven de 18 a\u00f1os result\u00f3 con graves lesiones en Alsina al 4600 donde fue apu\u00f1alado. El agresor fue identificado<\/p>\n","protected":false},"author":4,"featured_media":10443,"comment_status":"closed","ping_status":"closed","sticky":false,"template":"","format":"standard","meta":{"_jetpack_memberships_contains_paid_content":false,"footnotes":""},"categories":[14,1],"tags":[],"class_list":["post-11620","post","type-post","status-publish","format-standard","has-post-thumbnail","hentry","category-policiales","category-portada"],"jetpack_featured_media_url":"https:\/\/i0.wp.com\/cdnoticias.com\/wp-content\/uploads\/2021\/01\/comisaria-primera-2.jpg?fit=4160%2C3120&ssl=1","jetpack_sharing_enabled":true,"_links":{"self":[{"href":"https:\/\/cdnoticias.com\/index.php\/wp-json\/wp\/v2\/posts\/11620","targetHints":{"allow":["GET"]}}],"collection":[{"href":"https:\/\/cdnoticias.com\/index.php\/wp-json\/wp\/v2\/posts"}],"about":[{"href":"https:\/\/cdnoticias.com\/index.php\/wp-json\/wp\/v2\/types\/post"}],"author":[{"embeddable":true,"href":"https:\/\/cdnoticias.com\/index.php\/wp-json\/wp\/v2\/users\/4"}],"replies":[{"embeddable":true,"href":"https:\/\/cdnoticias.com\/index.php\/wp-json\/wp\/v2\/comments?post=11620"}],"version-history":[{"count":0,"href":"https:\/\/cdnoticias.com\/index.php\/wp-json\/wp\/v2\/posts\/11620\/revisions"}],"wp:featuredmedia":[{"embeddable":true,"href":"https:\/\/cdnoticias.com\/index.php\/wp-json\/wp\/v2\/media\/10443"}],"wp:attachment":[{"href":"https:\/\/cdnoticias.com\/index.php\/wp-json\/wp\/v2\/media?parent=11620"}],"wp:term":[{"taxonomy":"category","embeddable":true,"href":"https:\/\/cdnoticias.com\/index.php\/wp-json\/wp\/v2\/categories?post=11620"},{"taxonomy":"post_tag","embeddable":true,"href":"https:\/\/cdnoticias.com\/index.php\/wp-json\/wp\/v2\/tags?post=11620"}],"curies":[{"name":"wp","href":"https:\/\/api.w.org\/{rel}","templated":true}]}}