{"id":116183,"date":"2024-05-17T10:00:56","date_gmt":"2024-05-17T13:00:56","guid":{"rendered":"https:\/\/cdnoticias.com\/?p=116183"},"modified":"2024-05-17T10:00:58","modified_gmt":"2024-05-17T13:00:58","slug":"primer-festival-callejero-de-ajedrez-en-olavarria","status":"publish","type":"post","link":"https:\/\/cdnoticias.com\/index.php\/2024\/05\/17\/primer-festival-callejero-de-ajedrez-en-olavarria\/","title":{"rendered":"Primer Festival Callejero de Ajedrez en Olavarr\u00eda"},"content":{"rendered":"\n<p>Ser\u00e1 este domingo de 15:00 a 18:00 horas en el Paseo Jes\u00fas Mend\u00eda. Habr\u00e1 m\u00faltiples actividades.<\/p>\n\n\n\n<hr class=\"wp-block-separator aligncenter has-alpha-channel-opacity\"\/>\n\n\n\n<p>En el marco del festejo de sus 58 a\u00f1os, la <strong>Federaci\u00f3n de Ajedrez de Olavarr\u00eda <\/strong>invita a disfrutar del <strong>primer Festival Callejero \u201cEl Ajedrez sale a las Calles\u201d.<\/strong><\/p>\n\n\n\n<p><\/p>\n\n\n\n<p>El evento cuenta con la colaboraci\u00f3n de la Subsecretar\u00eda de Cultura y Educaci\u00f3n, donde se enmarca la Escuela Municipal de Ajedrez.<\/p>\n\n\n\n<p><\/p>\n\n\n\n<p>Tiene como objetivo <strong>visibilizar la actividad ajedrec\u00edstica de nuestra ciudad,<\/strong> propiciando un <strong>lugar de encuentro creativo donde participen adultos, adolescentes y ni\u00f1os<\/strong> en confluencia con promesas y jugadores consagrados.<\/p>\n\n\n\n<p><\/p>\n\n\n\n<blockquote class=\"wp-block-quote is-layout-flow wp-block-quote-is-layout-flow\">\n<p>La propuesta est\u00e1 prevista para este domingo de 15:00 a 18:00 horas en el Paseo Jes\u00fas Mend\u00eda, que se constituir\u00e1 en escenario de m\u00faltiples actividades.<\/p>\n<\/blockquote>\n\n\n\n<p><\/p>\n\n\n\n<p>En esta ocasi\u00f3n <strong>se jugar\u00e1n partidas simult\u00e1neas<\/strong> a cargo de los jugadores Horacio Pereyra y Augusto Ara\u00f1a. Tambi\u00e9n se podr\u00e1 disfrutar del <strong>Ajedrez Gigante,<\/strong> especialmente, para los m\u00e1s peque\u00f1os.<\/p>\n\n\n\n<p><\/p>\n\n\n\n<p>Asimismo <strong>se disputar\u00e1 a la primera fecha del CODAI<\/strong> (Circuito Olavarriense de Ajedrez Infantil) organizado por el Profesor Dar\u00edo Maidana. Habr\u00e1 torneos para estudiantes de escuelas secundarias y Blitz para todas las edades.<\/p>\n\n\n\n<p><\/p>\n\n\n\n<p>Durante todo el festival funcionar\u00e1 un espacio dedicado para guiar a los y las asistentes a trav\u00e9s de un <strong>primer acercamiento al juego.<\/strong> All\u00ed hab\u00eda docentes y talleristas, mesas de juego libre, un tablero de resoluci\u00f3n de problemas y atriles de dibujo para los m\u00e1s chicos.<\/p>\n\n\n\n<p><\/p>\n\n\n\n<p>En el mismo espacio, habr\u00e1 <strong>Paseo de Artesanos <\/strong>a trav\u00e9s de los diferentes feriantes de la Econom\u00eda Social, <strong>m\u00fasica en vivo, clase de bachata abierta<\/strong> a cargo del profesor Nicol\u00e1s Garay y<strong> cositas ricas para degustar.<\/strong><\/p>\n\n\n\n<p><\/p>\n\n\n\n<p>Por razones organizativas, se pide que los\/as interesados en participar en alguna actividad especial, se registren por WhatsApp a los contactos 2284-224440 (Bernardo)&nbsp; \u2013 2284-522031 (Ana).<\/p>\n","protected":false},"excerpt":{"rendered":"<p>Ser\u00e1 este domingo de 15:00 a 18:00 horas en el Paseo Jes\u00fas Mend\u00eda. Habr\u00e1 m\u00faltiples actividades. En el marco del<\/p>\n","protected":false},"author":6,"featured_media":116184,"comment_status":"closed","ping_status":"closed","sticky":false,"template":"","format":"standard","meta":{"_jetpack_memberships_contains_paid_content":false,"footnotes":""},"categories":[9,1],"tags":[],"class_list":["post-116183","post","type-post","status-publish","format-standard","has-post-thumbnail","hentry","category-cultura","category-portada"],"jetpack_featured_media_url":"https:\/\/i0.wp.com\/cdnoticias.com\/wp-content\/uploads\/2024\/05\/ajedrez-2-1024x716-1.jpg?fit=1024%2C716&ssl=1","jetpack_sharing_enabled":true,"_links":{"self":[{"href":"https:\/\/cdnoticias.com\/index.php\/wp-json\/wp\/v2\/posts\/116183","targetHints":{"allow":["GET"]}}],"collection":[{"href":"https:\/\/cdnoticias.com\/index.php\/wp-json\/wp\/v2\/posts"}],"about":[{"href":"https:\/\/cdnoticias.com\/index.php\/wp-json\/wp\/v2\/types\/post"}],"author":[{"embeddable":true,"href":"https:\/\/cdnoticias.com\/index.php\/wp-json\/wp\/v2\/users\/6"}],"replies":[{"embeddable":true,"href":"https:\/\/cdnoticias.com\/index.php\/wp-json\/wp\/v2\/comments?post=116183"}],"version-history":[{"count":0,"href":"https:\/\/cdnoticias.com\/index.php\/wp-json\/wp\/v2\/posts\/116183\/revisions"}],"wp:featuredmedia":[{"embeddable":true,"href":"https:\/\/cdnoticias.com\/index.php\/wp-json\/wp\/v2\/media\/116184"}],"wp:attachment":[{"href":"https:\/\/cdnoticias.com\/index.php\/wp-json\/wp\/v2\/media?parent=116183"}],"wp:term":[{"taxonomy":"category","embeddable":true,"href":"https:\/\/cdnoticias.com\/index.php\/wp-json\/wp\/v2\/categories?post=116183"},{"taxonomy":"post_tag","embeddable":true,"href":"https:\/\/cdnoticias.com\/index.php\/wp-json\/wp\/v2\/tags?post=116183"}],"curies":[{"name":"wp","href":"https:\/\/api.w.org\/{rel}","templated":true}]}}