{"id":116176,"date":"2024-05-15T19:55:31","date_gmt":"2024-05-15T22:55:31","guid":{"rendered":"https:\/\/cdnoticias.com\/?p=116176"},"modified":"2024-05-15T19:55:34","modified_gmt":"2024-05-15T22:55:34","slug":"bomberos-voluntarios-festejo-el-aniversario-del-destacamento-no3-de-hinojo","status":"publish","type":"post","link":"https:\/\/cdnoticias.com\/index.php\/2024\/05\/15\/bomberos-voluntarios-festejo-el-aniversario-del-destacamento-no3-de-hinojo\/","title":{"rendered":"Bomberos Voluntarios festej\u00f3 el aniversario del Destacamento N\u00ba3 de Hinojo"},"content":{"rendered":"\n<p>Se llev\u00f3 adelante una cena entre el Consejo Directivo, la jefatura y parte del Cuerpo Activo en el Destacamento para celebrar la fecha.<\/p>\n\n\n\n<hr class=\"wp-block-separator aligncenter has-alpha-channel-opacity\"\/>\n\n\n\n<p>Este lunes por la noche <strong>se llev\u00f3 adelante una cen<\/strong>a en el marco de la<strong> celebraci\u00f3n del 23 aniversario del Destacamento N\u00ba3 de Hinojo.<\/strong><\/p>\n\n\n\n<p><\/p>\n\n\n\n<p>El encuentro se llev\u00f3 a cabo en las instalaciones del propio destacamento, reuniendo a Jefes, Comandantes, Bomberos y el Consejo Directivo.<\/p>\n\n\n\n<p><\/p>\n\n\n\n<p>En primer lugar, el Consejo llev\u00f3 adelante su reuni\u00f3n semanal en la cual<strong> se debatieron los proyectos y objetivos <\/strong>de la instituci\u00f3n en el a\u00f1o.<\/p>\n\n\n\n<p><\/p>\n\n\n\n<p>El <strong>Comandante General Ra\u00fal Ferreira<\/strong> record\u00f3 los inicios del Destacamento, el cual en sus primeros a\u00f1os se encontraba ubicado en un taller mec\u00e1nico que se alquilaba con la ayuda y acompa\u00f1amiento municipal del entonces Jefe Comunal Helios Eseverri.<\/p>\n\n\n\n<p><\/p>\n\n\n\n<p>Luego, gracias a la <strong>donaci\u00f3n de un terreno por parte de las familias Galgano y Henrich <\/strong>se pudo levantar y construir lo que es la <strong>actual sede del destacamento.<\/strong><\/p>\n\n\n\n<p><\/p>\n\n\n\n<blockquote class=\"wp-block-quote is-layout-flow wp-block-quote-is-layout-flow\">\n<p>Es por ello que el Destacamento N\u00ba3 de Hinojo cuenta con dos fechas que lo celebran: su fundaci\u00f3n el 12 de mayo de 2001, y la reinauguraci\u00f3n del 20 de octubre de 2018.<\/p>\n<\/blockquote>\n\n\n\n<p><\/p>\n\n\n\n<p>Tambi\u00e9n se destac\u00f3 el gran esfuerzo que conlleva realizar este tipo de inversiones y la importancia que tienen para la comunidad toda.<\/p>\n\n\n\n<p><\/p>\n\n\n\n<p>Gracias a la construcci\u00f3n de este Destacamento,<strong> los Bomberos de Hinojo pueden contribuir en la asistencia de 1800 salidas y emergencias por a\u00f1o aproximadamente.<\/strong><\/p>\n\n\n\n<p><\/p>\n\n\n\n<blockquote class=\"wp-block-quote is-layout-flow wp-block-quote-is-layout-flow\">\n<p>Es por ello que tambi\u00e9n se habl\u00f3 sobre el Destacamento N\u00ba1 de Loma Negra, \u00fanico destacamento que a\u00fan no cuenta con el espacio propicio y adecuado para realizar las actividades. Se explic\u00f3 que tanto desde Jefatura como el Consejo Directivo se est\u00e1 trabajando para brindarle a Loma Negra el destacamento que merecen, adaptado a todas las necesidades y demandas de la localidad y enfatizando en la id\u00e9a de prevenci\u00f3n y seguridad ante todo.<\/p>\n<\/blockquote>\n\n\n\n<p><\/p>\n\n\n\n<p>Asimismo, el <strong>Presidente del Consejo Directivo Hugo Fayan\u00e1s <\/strong>agradeci\u00f3 \u00a0a todo el cuerpo activo, <em>\u201cquienes trabajan por y para bomberos diariamente, capacitandose y donando su tiempo en pos del bienestar de la comunidad\u201d.<\/em><\/p>\n\n\n\n<p><\/p>\n\n\n\n<p>El <strong>Vicepresidente del Consejo Directivo Jorge Pad\u00edn<\/strong>, tambi\u00e9n se mostr\u00f3 agradecido y orgulloso de pertenecer a la instituci\u00f3n y enfatiz\u00f3 en \u201cla importancia de defender desde su lugar, el bienestar de todos los bomberos\u201d.<\/p>\n\n\n\n<p><\/p>\n\n\n\n<p>Por \u00faltimo, el Comandante Ferreira comunic\u00f3 que a partir de la fecha <strong>el encargado del Destacamento N\u00ba3 ser\u00e1 el Ayudante Mayor Pedro Arias<\/strong>, quien se expres\u00f3 ante sus compa\u00f1eros agradecido por la oportunidad.<\/p>\n","protected":false},"excerpt":{"rendered":"<p>Se llev\u00f3 adelante una cena entre el Consejo Directivo, la jefatura y parte del Cuerpo Activo en el Destacamento para<\/p>\n","protected":false},"author":6,"featured_media":116179,"comment_status":"closed","ping_status":"closed","sticky":false,"template":"","format":"standard","meta":{"_jetpack_memberships_contains_paid_content":false,"footnotes":""},"categories":[5,1],"tags":[],"class_list":["post-116176","post","type-post","status-publish","format-standard","has-post-thumbnail","hentry","category-informacion-general","category-portada"],"jetpack_featured_media_url":"https:\/\/i0.wp.com\/cdnoticias.com\/wp-content\/uploads\/2024\/05\/destacamiento-hinojo-aniv.jpeg?fit=1600%2C1066&ssl=1","jetpack_sharing_enabled":true,"_links":{"self":[{"href":"https:\/\/cdnoticias.com\/index.php\/wp-json\/wp\/v2\/posts\/116176","targetHints":{"allow":["GET"]}}],"collection":[{"href":"https:\/\/cdnoticias.com\/index.php\/wp-json\/wp\/v2\/posts"}],"about":[{"href":"https:\/\/cdnoticias.com\/index.php\/wp-json\/wp\/v2\/types\/post"}],"author":[{"embeddable":true,"href":"https:\/\/cdnoticias.com\/index.php\/wp-json\/wp\/v2\/users\/6"}],"replies":[{"embeddable":true,"href":"https:\/\/cdnoticias.com\/index.php\/wp-json\/wp\/v2\/comments?post=116176"}],"version-history":[{"count":0,"href":"https:\/\/cdnoticias.com\/index.php\/wp-json\/wp\/v2\/posts\/116176\/revisions"}],"wp:featuredmedia":[{"embeddable":true,"href":"https:\/\/cdnoticias.com\/index.php\/wp-json\/wp\/v2\/media\/116179"}],"wp:attachment":[{"href":"https:\/\/cdnoticias.com\/index.php\/wp-json\/wp\/v2\/media?parent=116176"}],"wp:term":[{"taxonomy":"category","embeddable":true,"href":"https:\/\/cdnoticias.com\/index.php\/wp-json\/wp\/v2\/categories?post=116176"},{"taxonomy":"post_tag","embeddable":true,"href":"https:\/\/cdnoticias.com\/index.php\/wp-json\/wp\/v2\/tags?post=116176"}],"curies":[{"name":"wp","href":"https:\/\/api.w.org\/{rel}","templated":true}]}}