{"id":116133,"date":"2024-05-14T19:01:41","date_gmt":"2024-05-14T22:01:41","guid":{"rendered":"https:\/\/cdnoticias.com\/?p=116133"},"modified":"2024-05-14T19:01:44","modified_gmt":"2024-05-14T22:01:44","slug":"se-presento-el-sendero-de-interpretacion-identitaria-de-colonia-nievas","status":"publish","type":"post","link":"https:\/\/cdnoticias.com\/index.php\/2024\/05\/14\/se-presento-el-sendero-de-interpretacion-identitaria-de-colonia-nievas\/","title":{"rendered":"Se present\u00f3 el Sendero de Interpretaci\u00f3n Identitaria de Colonia Nievas"},"content":{"rendered":"<p>Autoridades e integrantes de la Facultad de Ciencias Sociales y el Instituto INCUAPA participaron de la presentaci\u00f3n. Poner en valor espacios significativos de la localidad.<!--more--><\/p>\n<hr \/>\n<p><a href=\"https:\/\/cdnoticias.com\/index.php\/2024\/05\/13\/galeria-a-pesar-del-frio-la-fiesta-de-la-kerb-convoco-a-numerosos-visitantes-a-colonia-nievas\/\" target=\"_blank\" rel=\"noopener\">El pasado fin de semana<\/a> en el marco de la <strong>Fiesta de la Kerb en Colonia Nievas<\/strong>, se present\u00f3 la <strong>primera etapa del Sendero de Interpretaci\u00f3n Identitaria<\/strong> de la localidad, el cual cont\u00f3 en su <strong>dise\u00f1o y montaje con la colaboraci\u00f3n de los equipos del Programa PATRIMONIA<\/strong> del Instituto de Investigaciones Arqueol\u00f3gicas y Paleontol\u00f3gicas del Cuaternario Pampeano (<strong>INCUAPA \/ UE UNICEN-CONICET<\/strong>) y el <strong>Grupo de Estudios Socioculturales de Conflicto (GESC) de la Facultad de Ciencias Sociales.<\/strong><\/p>\n<blockquote><p>En el sendero se ponen en valor espacios significativos de la comunidad seleccionados por los propios habitantes, a trav\u00e9s de los cuales se pone a disposici\u00f3n del p\u00fablico productos comunicacionales digitales y virtuales destinados a visibilizar y valorizar la historia y la identidad de la Colonia.<\/p><\/blockquote>\n<p>La propuesta forma parte del <strong>Proyecto de Desarrollo Tecnol\u00f3gico y Social (PDTS)<\/strong> aprobado por el Ministerio de Ciencia, Tecnolog\u00eda e Innovaci\u00f3n Productiva: \u201cEstrategias de visibilizaci\u00f3n y sostenibilidad del patrimonio cultural de Colonia Nievas\u201d, que se comenz\u00f3 a desarrollar el a\u00f1o pasado a trav\u00e9s del Programa PATRIMONIA, el GESC y la Productora de Contenidos Audiovisuales FACSO Producciones.<\/p>\n<p><img data-recalc-dims=\"1\" loading=\"lazy\" decoding=\"async\" class=\"size-full wp-image-116136 aligncenter\" src=\"https:\/\/i0.wp.com\/cdnoticias.com\/wp-content\/uploads\/2024\/05\/colonia-nievas-fiesta-de-la-kerb-2024-B-el-tedines-claudio-marcos.jpg?resize=800%2C445&#038;ssl=1\" alt=\"\" width=\"800\" height=\"445\" srcset=\"https:\/\/i0.wp.com\/cdnoticias.com\/wp-content\/uploads\/2024\/05\/colonia-nievas-fiesta-de-la-kerb-2024-B-el-tedines-claudio-marcos.jpg?w=1000&amp;ssl=1 1000w, https:\/\/i0.wp.com\/cdnoticias.com\/wp-content\/uploads\/2024\/05\/colonia-nievas-fiesta-de-la-kerb-2024-B-el-tedines-claudio-marcos.jpg?resize=300%2C167&amp;ssl=1 300w, https:\/\/i0.wp.com\/cdnoticias.com\/wp-content\/uploads\/2024\/05\/colonia-nievas-fiesta-de-la-kerb-2024-B-el-tedines-claudio-marcos.jpg?resize=768%2C427&amp;ssl=1 768w, https:\/\/i0.wp.com\/cdnoticias.com\/wp-content\/uploads\/2024\/05\/colonia-nievas-fiesta-de-la-kerb-2024-B-el-tedines-claudio-marcos.jpg?resize=800%2C445&amp;ssl=1 800w\" sizes=\"auto, (max-width: 800px) 100vw, 800px\" \/><\/p>\n<p>Estuvieron presentes en la inauguraci\u00f3n del Sendero la<em> vicedecana de la FACSO, Dra. Mar\u00eda Luz Endere; el secretario de Extensi\u00f3n, Bienestar y Transferencia, Lic. Nicolas Casado, y el Director de del Instituto INCUAPA, Dr. Gustavo Mart\u00ednez, junto a integrantes del Programa PATRIMONIA y el GESC<\/em>.<\/p>\n<p>La propuesta del Sendero de Interpretaci\u00f3n fue declarada de Inter\u00e9s Legislativo Municipal a trav\u00e9s de la Resoluci\u00f3n N.\u00ba 014\/24 por parte del Honorable Concejo Deliberante de Olavarr\u00eda, la cual fue entregada por el Presidente del HCD, Guillermo Santell\u00e1n, a la Dra. Endere, en representaci\u00f3n de los equipos de trabajo de la FACSO y de la Sociedad de Fomento de Colonia Nievas.<\/p>\n<h3>Sendero de Interpretaci\u00f3n Identitaria<\/h3>\n<p>El <strong>sendero<\/strong> que se present\u00f3 al p\u00fablico el d\u00eda s\u00e1bado en la primera jornada de la Kerb cuenta, en esta etapa, de <strong>cuatro estaciones<\/strong> que est\u00e1n instaladas en puntos estrat\u00e9gicos de la localidad y<strong> cada una contiene un c\u00f3digo QR<\/strong> que brinda informaci\u00f3n espec\u00edfica:<\/p>\n<p><img data-recalc-dims=\"1\" loading=\"lazy\" decoding=\"async\" class=\"size-full wp-image-116137 aligncenter\" src=\"https:\/\/i0.wp.com\/cdnoticias.com\/wp-content\/uploads\/2024\/05\/colonia-nievas-fiesta-de-la-kerb-2024-C-sendero-interpretativo.jpg?resize=600%2C735&#038;ssl=1\" alt=\"\" width=\"600\" height=\"735\" srcset=\"https:\/\/i0.wp.com\/cdnoticias.com\/wp-content\/uploads\/2024\/05\/colonia-nievas-fiesta-de-la-kerb-2024-C-sendero-interpretativo.jpg?w=600&amp;ssl=1 600w, https:\/\/i0.wp.com\/cdnoticias.com\/wp-content\/uploads\/2024\/05\/colonia-nievas-fiesta-de-la-kerb-2024-C-sendero-interpretativo.jpg?resize=245%2C300&amp;ssl=1 245w\" sizes=\"auto, (max-width: 600px) 100vw, 600px\" \/><\/p>\n<ul>\n<li><strong>Estaci\u00f3n 1<\/strong>. Ubicada en el ingreso del pueblo, con la presentaci\u00f3n del Sendero y un link a la recientemente creada<a href=\"https:\/\/fomentonievas.wixsite.com\/sociedad-de-fomento\" target=\"_blank\" rel=\"noopener\"> p\u00e1gina web de la Sociedad Fomento \u201cJuventud Unida\u201d<\/a>, p\u00e1gina dise\u00f1ada por el equipo de la FACSO.<\/li>\n<li><strong>Estaci\u00f3n 2<\/strong>. Ubicada delante de la Capilla San Miguel Arc\u00e1ngel, contiene informaci\u00f3n sobre el bien patrimonial y un link al documental <a href=\"https:\/\/www.youtube.com\/watch?v=3I8gicMDBfY\" target=\"_blank\" rel=\"noopener\">\u201cColonia Nievas. Un presente con Historia\u201d<\/a>, realizado en 2023 por los equipos PATRIMONIA, GESC y FACSO Producciones.<\/li>\n<li><strong>Estaci\u00f3n 3<\/strong>. Instalada en la intersecci\u00f3n de las calles \u201cTripulantes Ara San Juan\u201d y \u201cDe los Fundadores\u201d, constituye un homenaje que la Sociedad de Fomento realiza al Tte. de Nav\u00edo Diego Wagner Clar, descendiente de uno de los primeros colonos de Nievas y h\u00e9roe del Submarino Ara San Juan. El <a href=\"https:\/\/fomentonievas.wixsite.com\/sociedad-de-fomento\/homenajes\" target=\"_blank\" rel=\"noopener\">link de dicho panel<\/a> deriva a una secci\u00f3n de la web de la Sociedad de Fomento en el que se presenta un homenaje a Diego Wagner Clar.<\/li>\n<li><strong>Estaci\u00f3n 4<\/strong>. Ubicada en la sede del Club Juventud Unida de Colonia Nievas, presenta informaci\u00f3n del mismo y su vinculaci\u00f3n con la Sociedad de Fomento. Adem\u00e1s, a trav\u00e9s del link se puede acceder al <a href=\"https:\/\/www.youtube.com\/watch?v=caofrYfMJKs&amp;t=6s\" target=\"_blank\" rel=\"noopener\">audiovisual \u201cDe Saberes y Recetas\u201d<\/a> que aborda el patrimonio gastron\u00f3mico de esta comunidad y que fue realizado por los equipos PATRIMONIA, GESC y FACSO Producciones (2023).<\/li>\n<\/ul>\n<p>Fuente: <em>\u00c1rea de Prensa y Comunicaci\u00f3n Institucional de la Facultad de Ciencias Sociales &#8211; UNICEN<\/em><\/p>\n<blockquote class=\"wp-embedded-content\" data-secret=\"tWyaAqKUjg\"><p><a href=\"https:\/\/cdnoticias.com\/index.php\/2024\/05\/13\/galeria-a-pesar-del-frio-la-fiesta-de-la-kerb-convoco-a-numerosos-visitantes-a-colonia-nievas\/\">GALER\u00cdA &#8211; A pesar del fr\u00edo, la Fiesta de la Kerb convoc\u00f3 a numerosos visitantes a Colonia Nievas<\/a><\/p><\/blockquote>\n<p><iframe loading=\"lazy\" class=\"wp-embedded-content\" sandbox=\"allow-scripts\" security=\"restricted\" style=\"position: absolute; clip: rect(1px, 1px, 1px, 1px);\" title=\"&#8220;GALER\u00cdA &#8211; A pesar del fr\u00edo, la Fiesta de la Kerb convoc\u00f3 a numerosos visitantes a Colonia Nievas&#8221; &#8212; Central de Noticias | Olavarr\u00eda\" src=\"https:\/\/cdnoticias.com\/index.php\/2024\/05\/13\/galeria-a-pesar-del-frio-la-fiesta-de-la-kerb-convoco-a-numerosos-visitantes-a-colonia-nievas\/embed\/#?secret=ejJV0QdCK6#?secret=tWyaAqKUjg\" data-secret=\"tWyaAqKUjg\" width=\"600\" height=\"338\" frameborder=\"0\" marginwidth=\"0\" marginheight=\"0\" scrolling=\"no\"><\/iframe><\/p>\n","protected":false},"excerpt":{"rendered":"<p>Autoridades e integrantes de la Facultad de Ciencias Sociales y el Instituto INCUAPA participaron de la presentaci\u00f3n. Poner en valor<\/p>\n","protected":false},"author":4,"featured_media":116135,"comment_status":"closed","ping_status":"closed","sticky":false,"template":"","format":"standard","meta":{"_jetpack_memberships_contains_paid_content":false,"footnotes":""},"categories":[5,1],"tags":[],"class_list":["post-116133","post","type-post","status-publish","format-standard","has-post-thumbnail","hentry","category-informacion-general","category-portada"],"jetpack_featured_media_url":"https:\/\/i0.wp.com\/cdnoticias.com\/wp-content\/uploads\/2024\/05\/colonia-nievas-fiesta-de-la-kerb-2024-A-el-tedines-claudio-marcos.jpg?fit=1000%2C556&ssl=1","jetpack_sharing_enabled":true,"_links":{"self":[{"href":"https:\/\/cdnoticias.com\/index.php\/wp-json\/wp\/v2\/posts\/116133","targetHints":{"allow":["GET"]}}],"collection":[{"href":"https:\/\/cdnoticias.com\/index.php\/wp-json\/wp\/v2\/posts"}],"about":[{"href":"https:\/\/cdnoticias.com\/index.php\/wp-json\/wp\/v2\/types\/post"}],"author":[{"embeddable":true,"href":"https:\/\/cdnoticias.com\/index.php\/wp-json\/wp\/v2\/users\/4"}],"replies":[{"embeddable":true,"href":"https:\/\/cdnoticias.com\/index.php\/wp-json\/wp\/v2\/comments?post=116133"}],"version-history":[{"count":0,"href":"https:\/\/cdnoticias.com\/index.php\/wp-json\/wp\/v2\/posts\/116133\/revisions"}],"wp:featuredmedia":[{"embeddable":true,"href":"https:\/\/cdnoticias.com\/index.php\/wp-json\/wp\/v2\/media\/116135"}],"wp:attachment":[{"href":"https:\/\/cdnoticias.com\/index.php\/wp-json\/wp\/v2\/media?parent=116133"}],"wp:term":[{"taxonomy":"category","embeddable":true,"href":"https:\/\/cdnoticias.com\/index.php\/wp-json\/wp\/v2\/categories?post=116133"},{"taxonomy":"post_tag","embeddable":true,"href":"https:\/\/cdnoticias.com\/index.php\/wp-json\/wp\/v2\/tags?post=116133"}],"curies":[{"name":"wp","href":"https:\/\/api.w.org\/{rel}","templated":true}]}}