{"id":116121,"date":"2024-05-14T08:22:17","date_gmt":"2024-05-14T11:22:17","guid":{"rendered":"https:\/\/cdnoticias.com\/?p=116121"},"modified":"2024-05-14T08:33:56","modified_gmt":"2024-05-14T11:33:56","slug":"fue-aprehendido-tras-descartar-dos-bicicletas","status":"publish","type":"post","link":"https:\/\/cdnoticias.com\/index.php\/2024\/05\/14\/fue-aprehendido-tras-descartar-dos-bicicletas\/","title":{"rendered":"Fue aprehendido tras \u201cdescartar\u201d dos bicicletas"},"content":{"rendered":"\n<p>Se trata de un joven de 23 a\u00f1os. Solicitan a quienes acrediten ser los propietarios de las bicicletas acercarse a la comisar\u00eda Segunda.<\/p>\n\n\n\n<hr class=\"wp-block-separator has-alpha-channel-opacity\"\/>\n\n\n\n<p>Efectivos del Comando de Patrulla identificaron y <strong>aprehendieron a un joven de 23 a\u00f1os en Chiclana al 1200.<\/strong><\/p>\n\n\n\n<p><\/p>\n\n\n\n<p>Seg\u00fan se inform\u00f3, <strong>instantes antes el joven hab\u00eda \u201cdescartado\u201d dos bicicletas tipo playeras,<\/strong> de las cuales no pod\u00eda acreditar su procedencia ni propiedad.\u00a0<\/p>\n\n\n\n<p><\/p>\n\n\n\n<figure class=\"wp-block-image size-full\"><img data-recalc-dims=\"1\" loading=\"lazy\" decoding=\"async\" width=\"800\" height=\"445\" src=\"https:\/\/i0.wp.com\/cdnoticias.com\/wp-content\/uploads\/2024\/05\/aprehendido-bicicletas.jpg?resize=800%2C445&#038;ssl=1\" alt=\"\" class=\"wp-image-116123\" srcset=\"https:\/\/i0.wp.com\/cdnoticias.com\/wp-content\/uploads\/2024\/05\/aprehendido-bicicletas.jpg?w=800&amp;ssl=1 800w, https:\/\/i0.wp.com\/cdnoticias.com\/wp-content\/uploads\/2024\/05\/aprehendido-bicicletas.jpg?resize=300%2C167&amp;ssl=1 300w, https:\/\/i0.wp.com\/cdnoticias.com\/wp-content\/uploads\/2024\/05\/aprehendido-bicicletas.jpg?resize=768%2C427&amp;ssl=1 768w\" sizes=\"auto, (max-width: 800px) 100vw, 800px\" \/><\/figure>\n\n\n\n<p><\/p>\n\n\n\n<p>La causa est\u00e1 caratulada como <strong>\u201caveriguaci\u00f3n de presunto il\u00edcito\u201d,<\/strong> a cargo de la UFI N\u00b0 4 de la doctora Paula Serrano.<\/p>\n\n\n\n<p><\/p>\n\n\n\n<p><strong>Quienes acrediten ser propietarios<\/strong> de las bicicletas pueden acercarse a la sede de la <strong>comisar\u00eda Segunda (San Mart\u00edn 3846) en el horario de 8 a 13.<\/strong><\/p>\n","protected":false},"excerpt":{"rendered":"<p>Se trata de un joven de 23 a\u00f1os. Solicitan a quienes acrediten ser los propietarios de las bicicletas acercarse a<\/p>\n","protected":false},"author":2,"featured_media":116122,"comment_status":"closed","ping_status":"closed","sticky":false,"template":"","format":"standard","meta":{"_jetpack_memberships_contains_paid_content":false,"footnotes":""},"categories":[14,1],"tags":[],"class_list":["post-116121","post","type-post","status-publish","format-standard","has-post-thumbnail","hentry","category-policiales","category-portada"],"jetpack_featured_media_url":"https:\/\/i0.wp.com\/cdnoticias.com\/wp-content\/uploads\/2024\/05\/aprehendido-bicicleta-01.jpg?fit=800%2C445&ssl=1","jetpack_sharing_enabled":true,"_links":{"self":[{"href":"https:\/\/cdnoticias.com\/index.php\/wp-json\/wp\/v2\/posts\/116121","targetHints":{"allow":["GET"]}}],"collection":[{"href":"https:\/\/cdnoticias.com\/index.php\/wp-json\/wp\/v2\/posts"}],"about":[{"href":"https:\/\/cdnoticias.com\/index.php\/wp-json\/wp\/v2\/types\/post"}],"author":[{"embeddable":true,"href":"https:\/\/cdnoticias.com\/index.php\/wp-json\/wp\/v2\/users\/2"}],"replies":[{"embeddable":true,"href":"https:\/\/cdnoticias.com\/index.php\/wp-json\/wp\/v2\/comments?post=116121"}],"version-history":[{"count":0,"href":"https:\/\/cdnoticias.com\/index.php\/wp-json\/wp\/v2\/posts\/116121\/revisions"}],"wp:featuredmedia":[{"embeddable":true,"href":"https:\/\/cdnoticias.com\/index.php\/wp-json\/wp\/v2\/media\/116122"}],"wp:attachment":[{"href":"https:\/\/cdnoticias.com\/index.php\/wp-json\/wp\/v2\/media?parent=116121"}],"wp:term":[{"taxonomy":"category","embeddable":true,"href":"https:\/\/cdnoticias.com\/index.php\/wp-json\/wp\/v2\/categories?post=116121"},{"taxonomy":"post_tag","embeddable":true,"href":"https:\/\/cdnoticias.com\/index.php\/wp-json\/wp\/v2\/tags?post=116121"}],"curies":[{"name":"wp","href":"https:\/\/api.w.org\/{rel}","templated":true}]}}