{"id":116119,"date":"2024-05-14T07:49:29","date_gmt":"2024-05-14T10:49:29","guid":{"rendered":"https:\/\/cdnoticias.com\/?p=116119"},"modified":"2024-05-14T07:49:32","modified_gmt":"2024-05-14T10:49:32","slug":"norma-zulma-damanins-viuda-de-pastor-q-e-p-d","status":"publish","type":"post","link":"https:\/\/cdnoticias.com\/index.php\/2024\/05\/14\/norma-zulma-damanins-viuda-de-pastor-q-e-p-d\/","title":{"rendered":"Norma Zulma Damanins viuda de Pastor (Q.E.P.D.)"},"content":{"rendered":"\n<p>Falleci\u00f3 en Olavarr\u00eda el 13 de mayo de 2024 a los 79 a\u00f1os de edad. Sus hijos Rosana, Mauricio y Jorgelina Pastor; sus hijos pol\u00edticos Daniel, Fernanda y Pablo; sus nietos Mart\u00edn, Tom\u00e1s, Franco y Ram\u00f3n Galotti; Roc\u00edo Pastor; Valent\u00edn e I\u00f1aki Block; sus nietos pol\u00edticos Macarena y Manuel; sus bisnietos Felipe y Ceferino; su hermano Horacio; sus hermanos pol\u00edticos Andr\u00e9s, Jos\u00e9 y Roxana y dem\u00e1s deudos participan su fallecimiento.<\/p>\n\n\n\n<p><\/p>\n\n\n\n<p>Sus restos ser\u00e1n velados en Espa\u00f1a 2942 departamento &#8220;B&#8221;, desde las 10:00 y ser\u00e1n inhumados en el cementerio Loma de Paz, este martes a las 13:30, previo responso en la capilla ardiente. Servicio adherido a Coopelectric. Vecina de barrio Mariano Moreno. Nacida en Olavarr\u00eda. Jubilada y Pensionada.<\/p>\n","protected":false},"excerpt":{"rendered":"<p>Falleci\u00f3 en Olavarr\u00eda el 13 de mayo de 2024 a los 79 a\u00f1os de edad. Sus hijos Rosana, Mauricio y<\/p>\n","protected":false},"author":2,"featured_media":100390,"comment_status":"closed","ping_status":"closed","sticky":false,"template":"","format":"standard","meta":{"_jetpack_memberships_contains_paid_content":false,"footnotes":""},"categories":[10],"tags":[],"class_list":["post-116119","post","type-post","status-publish","format-standard","has-post-thumbnail","hentry","category-necrologicas"],"jetpack_featured_media_url":"https:\/\/i0.wp.com\/cdnoticias.com\/wp-content\/uploads\/2023\/10\/necrologicas-390-x-240.jpg?fit=390%2C240&ssl=1","jetpack_sharing_enabled":true,"_links":{"self":[{"href":"https:\/\/cdnoticias.com\/index.php\/wp-json\/wp\/v2\/posts\/116119","targetHints":{"allow":["GET"]}}],"collection":[{"href":"https:\/\/cdnoticias.com\/index.php\/wp-json\/wp\/v2\/posts"}],"about":[{"href":"https:\/\/cdnoticias.com\/index.php\/wp-json\/wp\/v2\/types\/post"}],"author":[{"embeddable":true,"href":"https:\/\/cdnoticias.com\/index.php\/wp-json\/wp\/v2\/users\/2"}],"replies":[{"embeddable":true,"href":"https:\/\/cdnoticias.com\/index.php\/wp-json\/wp\/v2\/comments?post=116119"}],"version-history":[{"count":0,"href":"https:\/\/cdnoticias.com\/index.php\/wp-json\/wp\/v2\/posts\/116119\/revisions"}],"wp:featuredmedia":[{"embeddable":true,"href":"https:\/\/cdnoticias.com\/index.php\/wp-json\/wp\/v2\/media\/100390"}],"wp:attachment":[{"href":"https:\/\/cdnoticias.com\/index.php\/wp-json\/wp\/v2\/media?parent=116119"}],"wp:term":[{"taxonomy":"category","embeddable":true,"href":"https:\/\/cdnoticias.com\/index.php\/wp-json\/wp\/v2\/categories?post=116119"},{"taxonomy":"post_tag","embeddable":true,"href":"https:\/\/cdnoticias.com\/index.php\/wp-json\/wp\/v2\/tags?post=116119"}],"curies":[{"name":"wp","href":"https:\/\/api.w.org\/{rel}","templated":true}]}}