{"id":116050,"date":"2024-05-13T12:38:44","date_gmt":"2024-05-13T15:38:44","guid":{"rendered":"https:\/\/cdnoticias.com\/?p=116050"},"modified":"2024-05-13T12:38:45","modified_gmt":"2024-05-13T15:38:45","slug":"juan-domingo-toro-marinangeli-fue-declarado-vecino-destacado-de-sierra-chica","status":"publish","type":"post","link":"https:\/\/cdnoticias.com\/index.php\/2024\/05\/13\/juan-domingo-toro-marinangeli-fue-declarado-vecino-destacado-de-sierra-chica\/","title":{"rendered":"Juan Domingo \u201cToro\u201d Marinangeli fue declarado vecino destacado de Sierra Chica"},"content":{"rendered":"\n<p>Fue tras un proyecto del bloque Juntos. Se valor\u00f3 su \u201cnotable influencia en el \u00e1mbito deportivo, pol\u00edtico y social\u201d.<\/p>\n\n\n\n<hr class=\"wp-block-separator aligncenter has-alpha-channel-opacity\"\/>\n\n\n\n<p>En la \u00faltima sesi\u00f3n del HCD desarrollada en Sierra Chica,<strong> se declar\u00f3 a Juan Domingo \u201cToro\u201d Marinangeli como vecino destacado de la localidad por su \u201cnotable influencia en el \u00e1mbito deportivo, pol\u00edtico y social\u201d.<\/strong><\/p>\n\n\n\n<p>Fue por un proyecto presentado por<strong> Encuentro Republicano Federal<\/strong>, representado por su edil Miriam Mosescu, dentro del Bloque &#8220;Juntos&#8221;. La iniciativa, aprobada por unanimidad y respaldada por todos los bloques, tuvo lugar durante la quinta sesi\u00f3n del per\u00edodo legislativo, celebrada en el Centro de Jubilados de dicha localidad.<\/p>\n\n\n\n<p><strong>Juan Domingo &#8220;Toro&#8221; Marinangeli, nacido en 1951 en Sierra Chica, es un vecino en la historia de su localidad, con una notable influencia en los \u00e1mbitos deportivo, pol\u00edtico y social.<\/strong> Reconocido por su arraigo en Sierra Chica, es comerciante y propietario del emblem\u00e1tico bar &#8220;El Farolito&#8221;. <strong>Hijo de Luis y Celina, ocup\u00f3 el s\u00e9ptimo lugar entre los hijos varones de la familia y fue ahijado de Juan Domingo Per\u00f3n.<\/strong><\/p>\n\n\n\n<figure class=\"wp-block-image size-large\"><img data-recalc-dims=\"1\" loading=\"lazy\" decoding=\"async\" width=\"800\" height=\"445\" src=\"https:\/\/i0.wp.com\/cdnoticias.com\/wp-content\/uploads\/2024\/05\/IMG-20240510-WA0017.jpg?resize=800%2C445&#038;ssl=1\" alt=\"\" class=\"wp-image-116051\" srcset=\"https:\/\/i0.wp.com\/cdnoticias.com\/wp-content\/uploads\/2024\/05\/IMG-20240510-WA0017.jpg?resize=1024%2C569&amp;ssl=1 1024w, https:\/\/i0.wp.com\/cdnoticias.com\/wp-content\/uploads\/2024\/05\/IMG-20240510-WA0017.jpg?resize=300%2C167&amp;ssl=1 300w, https:\/\/i0.wp.com\/cdnoticias.com\/wp-content\/uploads\/2024\/05\/IMG-20240510-WA0017.jpg?resize=768%2C427&amp;ssl=1 768w, https:\/\/i0.wp.com\/cdnoticias.com\/wp-content\/uploads\/2024\/05\/IMG-20240510-WA0017.jpg?resize=800%2C445&amp;ssl=1 800w, https:\/\/i0.wp.com\/cdnoticias.com\/wp-content\/uploads\/2024\/05\/IMG-20240510-WA0017.jpg?w=1288&amp;ssl=1 1288w\" sizes=\"auto, (max-width: 800px) 100vw, 800px\" \/><\/figure>\n\n\n\n<p>En el \u00e1mbito deportivo,<strong> Juan Domingo fue un destacado marcador izquierdo, luciendo la casaca n\u00famero 3 de su gloriosa Sierra Chica, dejando su marca tambi\u00e9n por Loma Negra en las \u00e9pocas doradas y por el club Ferro.<\/strong><\/p>\n\n\n\n<p><strong>Fue convocado durante varios a\u00f1os para integrar la selecci\u00f3n de Olavarr\u00eda. <\/strong>En el a\u00f1o 1988 comenz\u00f3 su carrera como director t\u00e9cnico en Sierra Chica, logrando el campeonato local de 1993 y obteniendo reconocimiento por su labor en la selecci\u00f3n de Olavarr\u00eda y los clubes San Mart\u00edn, El Fort\u00edn y Atl\u00e9tico Hinojo, donde se coron\u00f3 campe\u00f3n en el a\u00f1o 2006.<\/p>\n\n\n\n<p>Adem\u00e1s de su destacada carrera deportiva,<strong> se distingui\u00f3 en el \u00e1mbito pol\u00edtico, siguiendo el legado peronista de su padre. Particip\u00f3 activamente en la Cooperadora del Centro Educativo Complementario 803 Carlos Campolonghi, ejerci\u00f3 como concejal del HCD de Olavarr\u00eda y es actualmente consejero de la Cooperativa El\u00e9ctrica de Olavarr\u00eda.<\/strong><\/p>\n\n\n\n<p><em><strong>&#8220;El legado de Juan Domingo &#8220;Toro&#8221; Marinangeli trasciende su influencia en el deporte y la pol\u00edtica. Su compromiso inquebrantable con Sierra Chica sirve de ejemplo para las generaciones futuras. Su profundo sentido de pertenencia hacia su pueblo lo distingue, y su disposici\u00f3n constante para mejorar las condiciones en Sierra Chica y buscar oportunidades para su comunidad son un testimonio de su amor incansable por la tierra que lo vio nacer&#8221; <\/strong><\/em>indicaron desde el espacio en un comunicado.<\/p>\n","protected":false},"excerpt":{"rendered":"<p>Fue tras un proyecto del bloque Juntos. Se valor\u00f3 su \u201cnotable influencia en el \u00e1mbito deportivo, pol\u00edtico y social\u201d. En<\/p>\n","protected":false},"author":2,"featured_media":116052,"comment_status":"closed","ping_status":"closed","sticky":false,"template":"","format":"standard","meta":{"_jetpack_memberships_contains_paid_content":false,"footnotes":""},"categories":[4,1],"tags":[],"class_list":["post-116050","post","type-post","status-publish","format-standard","has-post-thumbnail","hentry","category-politica","category-portada"],"jetpack_featured_media_url":"https:\/\/i0.wp.com\/cdnoticias.com\/wp-content\/uploads\/2024\/05\/IMG-20240510-WA0016.jpg?fit=1288%2C716&ssl=1","jetpack_sharing_enabled":true,"_links":{"self":[{"href":"https:\/\/cdnoticias.com\/index.php\/wp-json\/wp\/v2\/posts\/116050","targetHints":{"allow":["GET"]}}],"collection":[{"href":"https:\/\/cdnoticias.com\/index.php\/wp-json\/wp\/v2\/posts"}],"about":[{"href":"https:\/\/cdnoticias.com\/index.php\/wp-json\/wp\/v2\/types\/post"}],"author":[{"embeddable":true,"href":"https:\/\/cdnoticias.com\/index.php\/wp-json\/wp\/v2\/users\/2"}],"replies":[{"embeddable":true,"href":"https:\/\/cdnoticias.com\/index.php\/wp-json\/wp\/v2\/comments?post=116050"}],"version-history":[{"count":0,"href":"https:\/\/cdnoticias.com\/index.php\/wp-json\/wp\/v2\/posts\/116050\/revisions"}],"wp:featuredmedia":[{"embeddable":true,"href":"https:\/\/cdnoticias.com\/index.php\/wp-json\/wp\/v2\/media\/116052"}],"wp:attachment":[{"href":"https:\/\/cdnoticias.com\/index.php\/wp-json\/wp\/v2\/media?parent=116050"}],"wp:term":[{"taxonomy":"category","embeddable":true,"href":"https:\/\/cdnoticias.com\/index.php\/wp-json\/wp\/v2\/categories?post=116050"},{"taxonomy":"post_tag","embeddable":true,"href":"https:\/\/cdnoticias.com\/index.php\/wp-json\/wp\/v2\/tags?post=116050"}],"curies":[{"name":"wp","href":"https:\/\/api.w.org\/{rel}","templated":true}]}}