{"id":11604,"date":"2021-01-17T11:12:09","date_gmt":"2021-01-17T14:12:09","guid":{"rendered":"http:\/\/www.centraldenoticias.com.ar\/?p=11604"},"modified":"2021-01-17T15:11:21","modified_gmt":"2021-01-17T18:11:21","slug":"un-joven-fue-asesinado-tras-una-pelea-vecinal","status":"publish","type":"post","link":"https:\/\/cdnoticias.com\/index.php\/2021\/01\/17\/un-joven-fue-asesinado-tras-una-pelea-vecinal\/","title":{"rendered":"Un joven fue asesinado tras una pelea vecinal"},"content":{"rendered":"<p>Una discusi\u00f3n en Mitre y calle 17 termin\u00f3 con un joven de 21 a\u00f1os herido de bala que falleci\u00f3 en el Hospital Municipal. El sospechoso del ataque est\u00e1 pr\u00f3fugo.<!--more--><\/p>\n<hr \/>\n<p><strong>Pasadas las 3.45 de la ma\u00f1ana de este domingo un joven de 21 a\u00f1os falleci\u00f3 producto de una herida de bala<\/strong> que le habr\u00eda asestado un vecino tras una discusi\u00f3n.<\/p>\n<p>El caso se dio en plena calle, <strong>en Mitre y calle 17 del barrio 12 de Octubre<\/strong> donde la v\u00edctima, identificada como <strong>Mat\u00edas Guillermo Cabral<\/strong>, recibi\u00f3 un disparo de arma de fuego. Lo sucedido fue denunciado al 911 y el joven <strong>fue trasladado al Hospital Municipal en grave estado.<\/strong><\/p>\n<p>Desde el \u00e1rea de salud, se pudo saber que el herido ingres\u00f3 con &#8220;shock hipovol\u00e9mico&#8221; y &#8220;herida abdominal&#8221;. <strong>El fallecimiento se produjo apenas minutos despu\u00e9s del ingreso al nosocomio<\/strong>.<\/p>\n<p>Las averiguaciones avanzan por estas horas a cargo de la <strong>UFI N.\u00ba 4<\/strong> que tiene al frente al fiscal subrogante Christian Url\u00e9zaga. <strong>La car\u00e1tula hasta el momento es &#8220;homicidio&#8221;<\/strong>.<\/p>\n<blockquote><p>Se lleva adelante en Azul la pericia de autopsia y los investigadores buscan dar con el agresor, quien se fug\u00f3 tras el ataque.<\/p><\/blockquote>\n<p><strong>Los hechos<\/strong><\/p>\n<p>Seg\u00fan se pudo saber a trav\u00e9s de una fuente vinculada al caso,<strong> el ataque se habr\u00eda originado por una discusi\u00f3n vecinal por el volumen de la m\u00fasica en la vivienda donde estaba la v\u00edctima<\/strong>.<\/p>\n<p>La discusi\u00f3n se dio en la v\u00eda p\u00fablica. <strong>Un vecino de las inmediaciones habr\u00eda amenazado a quienes estaban en la vivienda con atacarlos con un arma<\/strong> y, tras ello, se retir\u00f3 del lugar.<\/p>\n<blockquote><p>Entre las 3.45 y las 4 de la madrugada de este domingo, regres\u00f3 armado y efectu\u00f3 varios disparos uno de los cuales dio sobre Cabral.<\/p><\/blockquote>\n<p>La<strong> herida fue a la altura del abdomen<\/strong>, aunque se aclar\u00f3 que los investigadores contar\u00e1n con mayores precisiones tanto sobre las lesiones sufridas as\u00ed como la causa del fallecimiento cuando finalice la autopsia.<\/p>\n<p>En cuanto a la forma en que se dieron los hechos, <strong>se apunt\u00f3 a que habr\u00eda varios testigos<\/strong>: quienes se encontraban con Mat\u00edas Cabral y otros vecinos del sector que escucharon la discusi\u00f3n.<\/p>\n<p>El personal policial avanz\u00f3 inmediatamente con la toma de testimonios y en las pr\u00f3ximas horas se profundizar\u00e1n las medidas para intentar dar con el acusado del homicidio.<\/p>\n","protected":false},"excerpt":{"rendered":"<p>Una discusi\u00f3n en Mitre y calle 17 termin\u00f3 con un joven de 21 a\u00f1os herido de bala que falleci\u00f3 en<\/p>\n","protected":false},"author":4,"featured_media":11608,"comment_status":"closed","ping_status":"closed","sticky":false,"template":"","format":"standard","meta":{"_jetpack_memberships_contains_paid_content":false,"footnotes":""},"categories":[14,1],"tags":[],"class_list":["post-11604","post","type-post","status-publish","format-standard","has-post-thumbnail","hentry","category-policiales","category-portada"],"jetpack_featured_media_url":"https:\/\/i0.wp.com\/cdnoticias.com\/wp-content\/uploads\/2021\/01\/Mitrey17-800x445.jpg?fit=800%2C448&ssl=1","jetpack_sharing_enabled":true,"_links":{"self":[{"href":"https:\/\/cdnoticias.com\/index.php\/wp-json\/wp\/v2\/posts\/11604","targetHints":{"allow":["GET"]}}],"collection":[{"href":"https:\/\/cdnoticias.com\/index.php\/wp-json\/wp\/v2\/posts"}],"about":[{"href":"https:\/\/cdnoticias.com\/index.php\/wp-json\/wp\/v2\/types\/post"}],"author":[{"embeddable":true,"href":"https:\/\/cdnoticias.com\/index.php\/wp-json\/wp\/v2\/users\/4"}],"replies":[{"embeddable":true,"href":"https:\/\/cdnoticias.com\/index.php\/wp-json\/wp\/v2\/comments?post=11604"}],"version-history":[{"count":0,"href":"https:\/\/cdnoticias.com\/index.php\/wp-json\/wp\/v2\/posts\/11604\/revisions"}],"wp:featuredmedia":[{"embeddable":true,"href":"https:\/\/cdnoticias.com\/index.php\/wp-json\/wp\/v2\/media\/11608"}],"wp:attachment":[{"href":"https:\/\/cdnoticias.com\/index.php\/wp-json\/wp\/v2\/media?parent=11604"}],"wp:term":[{"taxonomy":"category","embeddable":true,"href":"https:\/\/cdnoticias.com\/index.php\/wp-json\/wp\/v2\/categories?post=11604"},{"taxonomy":"post_tag","embeddable":true,"href":"https:\/\/cdnoticias.com\/index.php\/wp-json\/wp\/v2\/tags?post=11604"}],"curies":[{"name":"wp","href":"https:\/\/api.w.org\/{rel}","templated":true}]}}