{"id":11584,"date":"2021-01-16T20:20:21","date_gmt":"2021-01-16T23:20:21","guid":{"rendered":"http:\/\/www.centraldenoticias.com.ar\/?p=11584"},"modified":"2021-01-16T20:33:59","modified_gmt":"2021-01-16T23:33:59","slug":"este-sabado-fallecio-una-mujer-de-90-anos-con-covid-19","status":"publish","type":"post","link":"https:\/\/cdnoticias.com\/index.php\/2021\/01\/16\/este-sabado-fallecio-una-mujer-de-90-anos-con-covid-19\/","title":{"rendered":"Este s\u00e1bado falleci\u00f3 una mujer de 90 a\u00f1os con Covid-19"},"content":{"rendered":"<p>As\u00ed fue informado desde el Municipio en un nuevo reporte epidemiol\u00f3gico. Adem\u00e1s, se registraron 14 casos positivos y son 265 las personas que transitan la enfermedad en Olavarr\u00eda.<!--more--><\/p>\n<hr \/>\n<p>La Secretar\u00eda de Salud del Municipio emiti\u00f3 el reporte epidemiol\u00f3gico de este s\u00e1bado en el que se inform\u00f3 el fallecimiento de una paciente con Covid-19 en el Hospital Municipal \u201cDr. H\u00e9ctor Cura\u201d.<strong> La mujer ten\u00eda 90 a\u00f1os y hab\u00eda sido internada hace 6 d\u00edas en el centro de salud.<\/strong><\/p>\n<p>&nbsp;<\/p>\n<p>Por otra parte, <strong>fueron 14 las muestras que resultaron positivas para Covid-19<\/strong> de personas que presentaban <strong>nexos epidemiol\u00f3gicos con resultados positivos<\/strong> de d\u00edas anteriores.<\/p>\n<p>&nbsp;<\/p>\n<p><img data-recalc-dims=\"1\" loading=\"lazy\" decoding=\"async\" class=\"alignnone size-large wp-image-11587\" src=\"https:\/\/i0.wp.com\/cdnoticias.com\/wp-content\/uploads\/2021\/01\/WhatsApp-Image-2021-01-16-at-17.43.27.jpeg?resize=800%2C800&#038;ssl=1\" alt=\"\" width=\"800\" height=\"800\" srcset=\"https:\/\/i0.wp.com\/cdnoticias.com\/wp-content\/uploads\/2021\/01\/WhatsApp-Image-2021-01-16-at-17.43.27.jpeg?resize=1024%2C1024&amp;ssl=1 1024w, https:\/\/i0.wp.com\/cdnoticias.com\/wp-content\/uploads\/2021\/01\/WhatsApp-Image-2021-01-16-at-17.43.27.jpeg?resize=150%2C150&amp;ssl=1 150w, https:\/\/i0.wp.com\/cdnoticias.com\/wp-content\/uploads\/2021\/01\/WhatsApp-Image-2021-01-16-at-17.43.27.jpeg?resize=300%2C300&amp;ssl=1 300w, https:\/\/i0.wp.com\/cdnoticias.com\/wp-content\/uploads\/2021\/01\/WhatsApp-Image-2021-01-16-at-17.43.27.jpeg?resize=768%2C768&amp;ssl=1 768w, https:\/\/i0.wp.com\/cdnoticias.com\/wp-content\/uploads\/2021\/01\/WhatsApp-Image-2021-01-16-at-17.43.27.jpeg?w=1200&amp;ssl=1 1200w\" sizes=\"auto, (max-width: 800px) 100vw, 800px\" \/><\/p>\n<p><img data-recalc-dims=\"1\" loading=\"lazy\" decoding=\"async\" class=\"alignnone size-large wp-image-11586\" src=\"https:\/\/i0.wp.com\/cdnoticias.com\/wp-content\/uploads\/2021\/01\/WhatsApp-Image-2021-01-16-at-17.43.29.jpeg?resize=800%2C800&#038;ssl=1\" alt=\"\" width=\"800\" height=\"800\" srcset=\"https:\/\/i0.wp.com\/cdnoticias.com\/wp-content\/uploads\/2021\/01\/WhatsApp-Image-2021-01-16-at-17.43.29.jpeg?resize=1024%2C1024&amp;ssl=1 1024w, https:\/\/i0.wp.com\/cdnoticias.com\/wp-content\/uploads\/2021\/01\/WhatsApp-Image-2021-01-16-at-17.43.29.jpeg?resize=150%2C150&amp;ssl=1 150w, https:\/\/i0.wp.com\/cdnoticias.com\/wp-content\/uploads\/2021\/01\/WhatsApp-Image-2021-01-16-at-17.43.29.jpeg?resize=300%2C300&amp;ssl=1 300w, https:\/\/i0.wp.com\/cdnoticias.com\/wp-content\/uploads\/2021\/01\/WhatsApp-Image-2021-01-16-at-17.43.29.jpeg?resize=768%2C768&amp;ssl=1 768w, https:\/\/i0.wp.com\/cdnoticias.com\/wp-content\/uploads\/2021\/01\/WhatsApp-Image-2021-01-16-at-17.43.29.jpeg?w=1200&amp;ssl=1 1200w\" sizes=\"auto, (max-width: 800px) 100vw, 800px\" \/><\/p>\n<p>&nbsp;<\/p>\n<p>Al momento, son <strong>265 las personas que transitan la enfermedad en Olavarr\u00eda<\/strong>, dado que este mismo s\u00e1bado 54 recibieron el alta.<\/p>\n<p>&nbsp;<\/p>\n<p>En cuanto a las muestras descartadas,<strong> 67 resultaron negativas<\/strong>: 3 de ellas corresponden al Programa RTA que se llev\u00f3 a cabo el viernes en la localidad de Espigas.<\/p>\n<p>&nbsp;<\/p>\n<p><img data-recalc-dims=\"1\" loading=\"lazy\" decoding=\"async\" class=\"alignnone size-large wp-image-11585\" src=\"https:\/\/i0.wp.com\/cdnoticias.com\/wp-content\/uploads\/2021\/01\/WhatsApp-Image-2021-01-16-at-17.43.34.jpeg?resize=800%2C800&#038;ssl=1\" alt=\"\" width=\"800\" height=\"800\" srcset=\"https:\/\/i0.wp.com\/cdnoticias.com\/wp-content\/uploads\/2021\/01\/WhatsApp-Image-2021-01-16-at-17.43.34.jpeg?resize=1024%2C1024&amp;ssl=1 1024w, https:\/\/i0.wp.com\/cdnoticias.com\/wp-content\/uploads\/2021\/01\/WhatsApp-Image-2021-01-16-at-17.43.34.jpeg?resize=150%2C150&amp;ssl=1 150w, https:\/\/i0.wp.com\/cdnoticias.com\/wp-content\/uploads\/2021\/01\/WhatsApp-Image-2021-01-16-at-17.43.34.jpeg?resize=300%2C300&amp;ssl=1 300w, https:\/\/i0.wp.com\/cdnoticias.com\/wp-content\/uploads\/2021\/01\/WhatsApp-Image-2021-01-16-at-17.43.34.jpeg?resize=768%2C768&amp;ssl=1 768w, https:\/\/i0.wp.com\/cdnoticias.com\/wp-content\/uploads\/2021\/01\/WhatsApp-Image-2021-01-16-at-17.43.34.jpeg?w=1200&amp;ssl=1 1200w\" sizes=\"auto, (max-width: 800px) 100vw, 800px\" \/><\/p>\n<p>&nbsp;<\/p>\n<blockquote><p>En el Hospital Municipal \u201cDr. H\u00e9ctor Cura\u201d, una persona se encuentra internada en la Unidad de Terapia Intensiva, doce en Cl\u00ednica Covid y una en Pediatr\u00eda.<\/p><\/blockquote>\n<p>&nbsp;<\/p>\n<p>Desde la Secretar\u00eda de Salud se reiter\u00f3, adem\u00e1s, que el pr\u00f3ximo lunes 18 de enero comenzar\u00e1 la<a href=\"https:\/\/cdnoticias.com\/index.php\/2021\/01\/14\/la-septima-etapa-del-rta-vuelve-a-recorrer-las-localidades\/\" target=\"_blank\" rel=\"noopener\"> s\u00e9ptima etapa del Programa RTA.<\/a><\/p>\n<p>&nbsp;<\/p>\n<p>La Municipalidad de Olavarr\u00eda y el intendente Ezequiel Galli env\u00edan sus condolencias a los familiares de la paciente fallecida este s\u00e1bado.<\/p>\n","protected":false},"excerpt":{"rendered":"<p>As\u00ed fue informado desde el Municipio en un nuevo reporte epidemiol\u00f3gico. Adem\u00e1s, se registraron 14 casos positivos y son 265<\/p>\n","protected":false},"author":5,"featured_media":509,"comment_status":"closed","ping_status":"closed","sticky":false,"template":"","format":"standard","meta":{"_jetpack_memberships_contains_paid_content":false,"footnotes":""},"categories":[5,1],"tags":[],"class_list":["post-11584","post","type-post","status-publish","format-standard","has-post-thumbnail","hentry","category-informacion-general","category-portada"],"jetpack_featured_media_url":"https:\/\/i0.wp.com\/cdnoticias.com\/wp-content\/uploads\/2020\/09\/HospitalMunicipal.jpg?fit=4608%2C3072&ssl=1","jetpack_sharing_enabled":true,"_links":{"self":[{"href":"https:\/\/cdnoticias.com\/index.php\/wp-json\/wp\/v2\/posts\/11584","targetHints":{"allow":["GET"]}}],"collection":[{"href":"https:\/\/cdnoticias.com\/index.php\/wp-json\/wp\/v2\/posts"}],"about":[{"href":"https:\/\/cdnoticias.com\/index.php\/wp-json\/wp\/v2\/types\/post"}],"author":[{"embeddable":true,"href":"https:\/\/cdnoticias.com\/index.php\/wp-json\/wp\/v2\/users\/5"}],"replies":[{"embeddable":true,"href":"https:\/\/cdnoticias.com\/index.php\/wp-json\/wp\/v2\/comments?post=11584"}],"version-history":[{"count":0,"href":"https:\/\/cdnoticias.com\/index.php\/wp-json\/wp\/v2\/posts\/11584\/revisions"}],"wp:featuredmedia":[{"embeddable":true,"href":"https:\/\/cdnoticias.com\/index.php\/wp-json\/wp\/v2\/media\/509"}],"wp:attachment":[{"href":"https:\/\/cdnoticias.com\/index.php\/wp-json\/wp\/v2\/media?parent=11584"}],"wp:term":[{"taxonomy":"category","embeddable":true,"href":"https:\/\/cdnoticias.com\/index.php\/wp-json\/wp\/v2\/categories?post=11584"},{"taxonomy":"post_tag","embeddable":true,"href":"https:\/\/cdnoticias.com\/index.php\/wp-json\/wp\/v2\/tags?post=11584"}],"curies":[{"name":"wp","href":"https:\/\/api.w.org\/{rel}","templated":true}]}}