{"id":115825,"date":"2024-05-10T19:28:08","date_gmt":"2024-05-10T22:28:08","guid":{"rendered":"https:\/\/cdnoticias.com\/?p=115825"},"modified":"2024-05-10T19:28:11","modified_gmt":"2024-05-10T22:28:11","slug":"hoy-es-un-dia-importante-para-sierra-chica-y-todo-el-partido-de-olavarria","status":"publish","type":"post","link":"https:\/\/cdnoticias.com\/index.php\/2024\/05\/10\/hoy-es-un-dia-importante-para-sierra-chica-y-todo-el-partido-de-olavarria\/","title":{"rendered":"\u201cHoy es un d\u00eda importante para Sierra Chica y todo el Partido de Olavarr\u00eda\u201d"},"content":{"rendered":"\n<p>As\u00ed lo se\u00f1al\u00f3 el concejal radical Francisco Gonz\u00e1lez sobre la fecha de fundaci\u00f3n de la localidad, establecida el 30 de mayo de 1855.<\/p>\n\n\n\n<hr class=\"wp-block-separator aligncenter has-alpha-channel-opacity\"\/>\n\n\n\n<p>Este<strong> viernes 10 de mayo<\/strong>, se llev\u00f3 adelante la <strong>Quinta Sesi\u00f3n Ordinaria del a\u00f1o del Honorable Concejo Deliberante.<\/strong><\/p>\n\n\n\n<p><\/p>\n\n\n\n<p>All\u00ed, <strong>se aprob\u00f3 por unanimidad<\/strong> el Proyecto de Ordenanza que <strong>establece el 30 de mayo de 1855 como fecha de fundaci\u00f3n de Sierra Chica.<\/strong><\/p>\n\n\n\n<p><\/p>\n\n\n\n<p>Al respecto, <strong>el concejal radical Francisco Gonz\u00e1lez<\/strong> se\u00f1al\u00f3 que \u201c<strong><em>hoy es un d\u00eda muy importante para la localidad de Sierra Chica, un d\u00eda hist\u00f3rico dir\u00eda yo. Por eso, soy un agradecido de poder ser parte de este hito, de este suceso y debate. Soy descendiente de los Catriel, tengo sangre mapuche\u201d.<\/em><\/strong><\/p>\n\n\n\n<p><\/p>\n\n\n\n<p>En esta misma l\u00ednea, expres\u00f3: \u201cEl 30 de mayo de 1855 hubo una batalla en este territorio que fue la resistencia de los pueblos originarios ante el ej\u00e9rcito de Bartolom\u00e9 Mitre. Donde dijeron ac\u00e1 estamos, esto somos y de alguna manera exigieron respeto hacia sus costumbres y tradiciones\u201d.<\/p>\n\n\n\n<p><\/p>\n\n\n\n<figure class=\"wp-block-image aligncenter size-large\"><img data-recalc-dims=\"1\" loading=\"lazy\" decoding=\"async\" width=\"800\" height=\"533\" src=\"https:\/\/i0.wp.com\/cdnoticias.com\/wp-content\/uploads\/2024\/05\/ucr-sierra-chica-aniversario-1.jpg?resize=800%2C533&#038;ssl=1\" alt=\"\" class=\"wp-image-115826\" srcset=\"https:\/\/i0.wp.com\/cdnoticias.com\/wp-content\/uploads\/2024\/05\/ucr-sierra-chica-aniversario-1.jpg?resize=1024%2C682&amp;ssl=1 1024w, https:\/\/i0.wp.com\/cdnoticias.com\/wp-content\/uploads\/2024\/05\/ucr-sierra-chica-aniversario-1.jpg?resize=300%2C200&amp;ssl=1 300w, https:\/\/i0.wp.com\/cdnoticias.com\/wp-content\/uploads\/2024\/05\/ucr-sierra-chica-aniversario-1.jpg?resize=768%2C511&amp;ssl=1 768w, https:\/\/i0.wp.com\/cdnoticias.com\/wp-content\/uploads\/2024\/05\/ucr-sierra-chica-aniversario-1.jpg?resize=272%2C182&amp;ssl=1 272w, https:\/\/i0.wp.com\/cdnoticias.com\/wp-content\/uploads\/2024\/05\/ucr-sierra-chica-aniversario-1.jpg?w=1434&amp;ssl=1 1434w\" sizes=\"auto, (max-width: 800px) 100vw, 800px\" \/><\/figure>\n\n\n\n<p><\/p>\n\n\n\n<p><strong>\u201cEsto es algo para destacar y por eso creo que es important\u00edsimo lo que estamos debatiendo y discutiendo el d\u00eda de hoy y que lo hemos tratado en las \u00faltimas semanas en comisiones<\/strong>\u201d agreg\u00f3.<\/p>\n\n\n\n<p><\/p>\n\n\n\n<blockquote class=\"wp-block-quote is-layout-flow wp-block-quote-is-layout-flow\">\n<p>\u201cTambi\u00e9n quiero destacar el trabajo realizado por la Mesa de Gesti\u00f3n Educativa, que viene llevando una labor admirable, y el de Facultad de Ciencias Sociales, que tiene un fuerte compromiso en la recuperaci\u00f3n y reconstrucci\u00f3n de nuestra historia. A trav\u00e9s de los trabajos de campo que viene realizando, podemos conocer mucho de lo que fueron nuestros or\u00edgenes y de la gente que habit\u00f3 nuestro territorio\u201d, manifest\u00f3.<\/p>\n<\/blockquote>\n\n\n\n<p><\/p>\n\n\n\n<p>Por otra parte, afirm\u00f3 con orgullo: \u201c<strong>Soy hijo de V\u00edctor Hugo Gonz\u00e1lez, quien falleci\u00f3 hace cerca de dos a\u00f1os y que durante mucho tiempo llev\u00f3 adelante una incansable lucha para tratar de que se reconozca a los pueblos originarios.<\/strong> Recorri\u00f3 muchas escuelas y golpe\u00f3 muchas puertas tambi\u00e9n. Una lucha desigual, por lo cual lo de hoy creo que es un reconocimiento y una reparaci\u00f3n a los pueblos originarios y a la lucha de muchos que han llevado adelante la bandera de su defensa\u201d.<\/p>\n\n\n\n<p><\/p>\n\n\n\n<p><strong><em>\u201cMis antepasados fueron perseguidos, discriminados y masacrados. Es una parte muy dura de la historia que merece ser conocida por todos y puesta en valor. Celebro este d\u00eda y que dejemos de una vez por todas de crear una imagen negativa de las minor\u00edas que componen este pa\u00eds\u201d<\/em><\/strong>, cerr\u00f3 Gonzalez.<\/p>\n","protected":false},"excerpt":{"rendered":"<p>As\u00ed lo se\u00f1al\u00f3 el concejal radical Francisco Gonz\u00e1lez sobre la fecha de fundaci\u00f3n de la localidad, establecida el 30 de<\/p>\n","protected":false},"author":6,"featured_media":115827,"comment_status":"closed","ping_status":"closed","sticky":false,"template":"","format":"standard","meta":{"_jetpack_memberships_contains_paid_content":false,"footnotes":""},"categories":[4,1],"tags":[],"class_list":["post-115825","post","type-post","status-publish","format-standard","has-post-thumbnail","hentry","category-politica","category-portada"],"jetpack_featured_media_url":"https:\/\/i0.wp.com\/cdnoticias.com\/wp-content\/uploads\/2024\/05\/ucr-sierra-chica-aniversario-2.jpg?fit=1351%2C900&ssl=1","jetpack_sharing_enabled":true,"_links":{"self":[{"href":"https:\/\/cdnoticias.com\/index.php\/wp-json\/wp\/v2\/posts\/115825","targetHints":{"allow":["GET"]}}],"collection":[{"href":"https:\/\/cdnoticias.com\/index.php\/wp-json\/wp\/v2\/posts"}],"about":[{"href":"https:\/\/cdnoticias.com\/index.php\/wp-json\/wp\/v2\/types\/post"}],"author":[{"embeddable":true,"href":"https:\/\/cdnoticias.com\/index.php\/wp-json\/wp\/v2\/users\/6"}],"replies":[{"embeddable":true,"href":"https:\/\/cdnoticias.com\/index.php\/wp-json\/wp\/v2\/comments?post=115825"}],"version-history":[{"count":0,"href":"https:\/\/cdnoticias.com\/index.php\/wp-json\/wp\/v2\/posts\/115825\/revisions"}],"wp:featuredmedia":[{"embeddable":true,"href":"https:\/\/cdnoticias.com\/index.php\/wp-json\/wp\/v2\/media\/115827"}],"wp:attachment":[{"href":"https:\/\/cdnoticias.com\/index.php\/wp-json\/wp\/v2\/media?parent=115825"}],"wp:term":[{"taxonomy":"category","embeddable":true,"href":"https:\/\/cdnoticias.com\/index.php\/wp-json\/wp\/v2\/categories?post=115825"},{"taxonomy":"post_tag","embeddable":true,"href":"https:\/\/cdnoticias.com\/index.php\/wp-json\/wp\/v2\/tags?post=115825"}],"curies":[{"name":"wp","href":"https:\/\/api.w.org\/{rel}","templated":true}]}}