{"id":115809,"date":"2024-05-10T18:44:36","date_gmt":"2024-05-10T21:44:36","guid":{"rendered":"https:\/\/cdnoticias.com\/?p=115809"},"modified":"2024-05-11T08:47:05","modified_gmt":"2024-05-11T11:47:05","slug":"landivar-soluparking-es-una-empresa-que-podriamos-llamar-fantasma","status":"publish","type":"post","link":"https:\/\/cdnoticias.com\/index.php\/2024\/05\/10\/landivar-soluparking-es-una-empresa-que-podriamos-llamar-fantasma\/","title":{"rendered":"Land\u00edvar: \u201cSoluparking es una empresa que podr\u00edamos llamar fantasma\u201d"},"content":{"rendered":"\n<p>La Jefa de Gabinete denunci\u00f3 que \u201cno pudimos ubicar m\u00e1s a la anterior empresa\u201d de Estacionamiento Medido. Dijo que los trabajadores no recibieron la indemnizaci\u00f3n ni \u201clos usuarios han podido muchos recuperar el saldo que ten\u00edan\u201d.<\/p>\n\n\n\n<hr class=\"wp-block-separator aligncenter has-alpha-channel-opacity\"\/>\n\n\n\n<p>En el marco de la presentaci\u00f3n del nuevo sistema de Estacionamiento Medido Municipal (SEMO)<strong> la Jefa de Gabinete Mercedes Land\u00edvar hizo referencia a lo sucedido con la anterior empresa, Soluparking, a la que catalog\u00f3 de \u201cempresa fantasma\u201d.<\/strong><\/p>\n\n\n\n<p>En primera instancia, record\u00f3 que cuando se sancion\u00f3 la ordenanza en 2018 <em>\u201cno \u00e9ramos gesti\u00f3n pero s\u00ed ten\u00edamos representatividad dentro del Concejo Deliberante\u201d<\/em> y al tratar el sistema <em><strong>\u201cel actual concejal Federico Aguilera en ese momento propuso que el sistema fuera el de la Universidad Nacional de La Plata, una universidad estatal que ten\u00eda un programa que ven\u00eda llevando a cabo hace much\u00edsimo tiempo, de \u00e9xito, se sab\u00eda que funcionaba, pero se opt\u00f3 por una empresa privada, la empresa Soluparking\u201d.<\/strong><\/em><\/p>\n\n\n\n<p>All\u00ed, la describi\u00f3 como<em> \u201cuna empresa privada que obviamente sabemos que cada uno de los ingresos que ten\u00eda esa empresa no quedaban en nuestra ciudad y esa era una de las discusiones que nosotros d\u00e1bamos. Que lo que generaba se invierta y reinvierta en nuestra ciudad\u201d.<\/em><strong><em> <\/em>Tras decir que<em> \u201ceso no sucedi\u00f3\u201d<\/em>, Land\u00edvar agreg\u00f3 que <em>\u201ccomo no sucedi\u00f3 tambi\u00e9n tiene sus resultados\u201d.<\/em><\/strong><\/p>\n\n\n\n<blockquote class=\"wp-block-quote is-layout-flow wp-block-quote-is-layout-flow\">\n<p>\u201cHoy tenemos que decir que esa misma empresa podr\u00edamos llamarla empresa fantasma\u201d dijo y enumer\u00f3: \u201cno la hemos podido ubicar m\u00e1s como tampoco sus trabajadores han recibido la indemnizaci\u00f3n correspondiente, como tampoco los usuarios han podido muchos recuperar el saldo que ten\u00eda ese sistema y yo creo que tiene que ver con esto, con decisiones\u201d.<\/p>\n<\/blockquote>\n\n\n\n<p>En contrapartida, valor\u00f3 la decisi\u00f3n de la actual gesti\u00f3n <em><strong>\u201cen apostar primero a un programa que realiza una universidad p\u00fablica, un programa que esta es la ciudad n\u00famero 64, que va a estar en funcionamiento, que ya sabemos que funciona, que funciona bien. Y los ingresos quedan en las arcas municipales con lo que eso implica tambi\u00e9n\u201d.<\/strong><\/em><\/p>\n\n\n\n<p>Adem\u00e1s, <strong>acus\u00f3 a Soluparking de negarse a renovar el contrato <em>\u201cporque quer\u00eda un aumento del 250% con lo que eso implica y en el contexto en el que hoy estamos este viviendo\u201d.<\/em> <\/strong>All\u00ed, se\u00f1al\u00f3 que el nuevo sistema tuvo aumento con respecto al cobro del sistema anterior, pero <em><strong>\u201csolo ha sufrido un 85% de aumento. Tengamos en cuenta que desde junio del a\u00f1o pasado no se aumentaba la hora del estacionamiento medido a diferencia de lo que quer\u00eda implementar esta empresa\u201d.<\/strong><\/em><\/p>\n\n\n\n<p>Tras la consulta period\u00edstica, Land\u00edvar ampli\u00f3: <em>\u201chubo audiencias en el Ministerio de Trabajo donde se present\u00f3 un abogado representando a la empresa pero nada m\u00e1s, el Municipio no tiene absolutamente ninguna relaci\u00f3n m\u00e1s con Soluparking\u201d <\/em>y <strong>ratific\u00f3 (ante la se\u00f1al afirmativa de los trabajadores presentes en el Sal\u00f3n Blanco) que no hubo avances con respecto al pago de indemnizaci\u00f3n.<\/strong><\/p>\n\n\n\n<figure class=\"wp-block-embed is-type-wp-embed is-provider-central-de-noticias-olavarr-a wp-block-embed-central-de-noticias-olavarr-a\"><div class=\"wp-block-embed__wrapper\">\n<blockquote class=\"wp-embedded-content\" data-secret=\"EjkVW3EJeQ\"><a href=\"https:\/\/cdnoticias.com\/index.php\/2024\/05\/10\/vamos-a-poder-ofrecerle-a-los-vecinos-un-sistema-que-realmente-pueda-ordenar-el-transito\/\">\u201cVamos a poder ofrecerle a los vecinos un sistema que realmente pueda ordenar el tr\u00e1nsito\u201d<\/a><\/blockquote><iframe loading=\"lazy\" class=\"wp-embedded-content\" sandbox=\"allow-scripts\" security=\"restricted\" style=\"position: absolute; clip: rect(1px, 1px, 1px, 1px);\" title=\"&#8220;\u201cVamos a poder ofrecerle a los vecinos un sistema que realmente pueda ordenar el tr\u00e1nsito\u201d&#8221; &#8212; Central de Noticias | Olavarr\u00eda\" src=\"https:\/\/cdnoticias.com\/index.php\/2024\/05\/10\/vamos-a-poder-ofrecerle-a-los-vecinos-un-sistema-que-realmente-pueda-ordenar-el-transito\/embed\/#?secret=vvlWBbAG5o#?secret=EjkVW3EJeQ\" data-secret=\"EjkVW3EJeQ\" width=\"600\" height=\"338\" frameborder=\"0\" marginwidth=\"0\" marginheight=\"0\" scrolling=\"no\"><\/iframe>\n<\/div><\/figure>\n","protected":false},"excerpt":{"rendered":"<p>La Jefa de Gabinete denunci\u00f3 que \u201cno pudimos ubicar m\u00e1s a la anterior empresa\u201d de Estacionamiento Medido. Dijo que los<\/p>\n","protected":false},"author":2,"featured_media":115797,"comment_status":"closed","ping_status":"closed","sticky":false,"template":"","format":"standard","meta":{"_jetpack_memberships_contains_paid_content":false,"footnotes":""},"categories":[5,1],"tags":[],"class_list":["post-115809","post","type-post","status-publish","format-standard","has-post-thumbnail","hentry","category-informacion-general","category-portada"],"jetpack_featured_media_url":"https:\/\/i0.wp.com\/cdnoticias.com\/wp-content\/uploads\/2024\/05\/mercedes-landivar-estacionamiento1.jpg?fit=1072%2C597&ssl=1","jetpack_sharing_enabled":true,"_links":{"self":[{"href":"https:\/\/cdnoticias.com\/index.php\/wp-json\/wp\/v2\/posts\/115809","targetHints":{"allow":["GET"]}}],"collection":[{"href":"https:\/\/cdnoticias.com\/index.php\/wp-json\/wp\/v2\/posts"}],"about":[{"href":"https:\/\/cdnoticias.com\/index.php\/wp-json\/wp\/v2\/types\/post"}],"author":[{"embeddable":true,"href":"https:\/\/cdnoticias.com\/index.php\/wp-json\/wp\/v2\/users\/2"}],"replies":[{"embeddable":true,"href":"https:\/\/cdnoticias.com\/index.php\/wp-json\/wp\/v2\/comments?post=115809"}],"version-history":[{"count":0,"href":"https:\/\/cdnoticias.com\/index.php\/wp-json\/wp\/v2\/posts\/115809\/revisions"}],"wp:featuredmedia":[{"embeddable":true,"href":"https:\/\/cdnoticias.com\/index.php\/wp-json\/wp\/v2\/media\/115797"}],"wp:attachment":[{"href":"https:\/\/cdnoticias.com\/index.php\/wp-json\/wp\/v2\/media?parent=115809"}],"wp:term":[{"taxonomy":"category","embeddable":true,"href":"https:\/\/cdnoticias.com\/index.php\/wp-json\/wp\/v2\/categories?post=115809"},{"taxonomy":"post_tag","embeddable":true,"href":"https:\/\/cdnoticias.com\/index.php\/wp-json\/wp\/v2\/tags?post=115809"}],"curies":[{"name":"wp","href":"https:\/\/api.w.org\/{rel}","templated":true}]}}