{"id":115806,"date":"2024-05-10T18:33:37","date_gmt":"2024-05-10T21:33:37","guid":{"rendered":"https:\/\/cdnoticias.com\/?p=115806"},"modified":"2024-05-10T19:25:34","modified_gmt":"2024-05-10T22:25:34","slug":"vamos-a-poder-ofrecerle-a-los-vecinos-un-sistema-que-realmente-pueda-ordenar-el-transito","status":"publish","type":"post","link":"https:\/\/cdnoticias.com\/index.php\/2024\/05\/10\/vamos-a-poder-ofrecerle-a-los-vecinos-un-sistema-que-realmente-pueda-ordenar-el-transito\/","title":{"rendered":"\u201cVamos a poder ofrecerle a los vecinos un sistema que realmente pueda ordenar el tr\u00e1nsito\u201d"},"content":{"rendered":"\n<p>El intendente Wesner, funcionario y la planta de trabajadores del nuevo estacionamiento medido (SEMO) presentaron el sistema que comenzar\u00e1 a funcionar en etapa de pruebas el lunes. El rol de los agentes, operativos especiales para las escuelas y la b\u00fasqueda de un sistema m\u00e1s \u201cpedag\u00f3gico\u201d.<\/p>\n\n\n\n<hr class=\"wp-block-separator aligncenter has-alpha-channel-opacity\"\/>\n\n\n\n<p>En la tarde de este viernes,<strong> el intendente Wesner encabez\u00f3 la presentaci\u00f3n del nuevo sistema de Estacionamiento Medido (SEMO) que comenzar\u00e1 a funcionar en su etapa de prueba el pr\u00f3ximo lunes desde las 09:00 horas.<\/strong><\/p>\n\n\n\n<p>Participaron, adem\u00e1s del jefe comunal, la jefa de Gabinete Mercedes Land\u00edvar, el subsecretario de Protecci\u00f3n Ciudadana, El\u00edas Quintas, el nuevo responsable del Estacionamiento Medido, Nicol\u00e1s Mart\u00ednez y una veintena de trabajadores del sistema, que ser\u00e1n tambi\u00e9n agentes de tr\u00e1nsito en el microcentro de la ciudad.<\/p>\n\n\n\n<figure class=\"wp-block-image size-large\"><img data-recalc-dims=\"1\" loading=\"lazy\" decoding=\"async\" width=\"800\" height=\"445\" src=\"https:\/\/i0.wp.com\/cdnoticias.com\/wp-content\/uploads\/2024\/05\/wesner-landivar-estacionamiento-1024x570.jpg?resize=800%2C445&#038;ssl=1\" alt=\"\" class=\"wp-image-115805\" srcset=\"https:\/\/i0.wp.com\/cdnoticias.com\/wp-content\/uploads\/2024\/05\/wesner-landivar-estacionamiento.jpg?resize=1024%2C570&amp;ssl=1 1024w, https:\/\/i0.wp.com\/cdnoticias.com\/wp-content\/uploads\/2024\/05\/wesner-landivar-estacionamiento.jpg?resize=300%2C167&amp;ssl=1 300w, https:\/\/i0.wp.com\/cdnoticias.com\/wp-content\/uploads\/2024\/05\/wesner-landivar-estacionamiento.jpg?resize=768%2C428&amp;ssl=1 768w, https:\/\/i0.wp.com\/cdnoticias.com\/wp-content\/uploads\/2024\/05\/wesner-landivar-estacionamiento.jpg?resize=800%2C445&amp;ssl=1 800w, https:\/\/i0.wp.com\/cdnoticias.com\/wp-content\/uploads\/2024\/05\/wesner-landivar-estacionamiento.jpg?w=1072&amp;ssl=1 1072w\" sizes=\"auto, (max-width: 800px) 100vw, 800px\" \/><\/figure>\n\n\n\n<p>Wesner se\u00f1al\u00f3 que es <em>\u201cla zona m\u00e1s congestionada\u201d<\/em> que <em><strong>\u201ctiene que tener la soluci\u00f3n definitiva, permanente, que involucre a todos los actores y que sea beneficioso para todas las partes\u201d<\/strong><\/em>. Se\u00f1al\u00f3 que para ello hubo un<em>a \u201cmesa de trabajo amplia<\/em>\u201d y mencion\u00f3 a los presentes. De Land\u00edvar dijo que trabaj\u00f3 <em>\u201cmuch\u00edsimo para que esto pueda llevarse adelante no solamente con esta aplicaci\u00f3n m\u00e1s amigable, m\u00e1s inclusiva en este convenio que hemos firmado con la Universidad Nacional de La Plata sino con una historia que tiene que ver con la no renovaci\u00f3n del contrato anterior que venci\u00f3 el 3 de enero de este a\u00f1o\u201d.<\/em><\/p>\n\n\n\n<p>Confirmaron que el sistema est\u00e1 adaptado por la ordenanza 4266\/18 <em><strong>\u201ccon algunos puntos que tienen que ver con la aplicaci\u00f3n que se han modificado, pero con horarios, con zonas que siguen vigentes en funci\u00f3n del marco normativo de aquel a\u00f1o\u201d.<\/strong><\/em><\/p>\n\n\n\n<p>Valor\u00f3 <em>\u201cinvolucrar a la a la Universidad, con el trabajo y la continuidad de los trabajadores y trabajadoras del sistema anterior, que los atendimos en aquella primera reuni\u00f3n, hicimos un ida y vuelta, pusimos la cara como hab\u00eda que ponerla y realmente hoy son parte de esto mucho m\u00e1s amplio\u201d<\/em> dijo el intendente. Adem\u00e1s de la gesti\u00f3n del estacionamiento,<em><strong> \u201cest\u00e1n sus tareas vinculadas en una pol\u00edtica vial, en una pol\u00edtica urbana mucho m\u00e1s amplia, el verdadero ordenamiento del tr\u00e1nsito en la zona de estas cuatro avenidas que pr\u00e1cticamente dan el \u00e1mbito geogr\u00e1fico al sistema de estacionamiento medido\u201d.<\/strong><\/em><\/p>\n\n\n\n<figure class=\"wp-block-image size-large\"><img data-recalc-dims=\"1\" loading=\"lazy\" decoding=\"async\" width=\"800\" height=\"445\" src=\"https:\/\/i0.wp.com\/cdnoticias.com\/wp-content\/uploads\/2024\/05\/presentacion-estacionamiento-medido4.jpg?resize=800%2C445&#038;ssl=1\" alt=\"\" class=\"wp-image-115802\" srcset=\"https:\/\/i0.wp.com\/cdnoticias.com\/wp-content\/uploads\/2024\/05\/presentacion-estacionamiento-medido4.jpg?resize=1024%2C570&amp;ssl=1 1024w, https:\/\/i0.wp.com\/cdnoticias.com\/wp-content\/uploads\/2024\/05\/presentacion-estacionamiento-medido4.jpg?resize=300%2C167&amp;ssl=1 300w, https:\/\/i0.wp.com\/cdnoticias.com\/wp-content\/uploads\/2024\/05\/presentacion-estacionamiento-medido4.jpg?resize=768%2C428&amp;ssl=1 768w, https:\/\/i0.wp.com\/cdnoticias.com\/wp-content\/uploads\/2024\/05\/presentacion-estacionamiento-medido4.jpg?resize=800%2C445&amp;ssl=1 800w, https:\/\/i0.wp.com\/cdnoticias.com\/wp-content\/uploads\/2024\/05\/presentacion-estacionamiento-medido4.jpg?w=1072&amp;ssl=1 1072w\" sizes=\"auto, (max-width: 800px) 100vw, 800px\" \/><\/figure>\n\n\n\n<p>Se\u00f1al\u00f3 que los trabajadores<em> \u201cse han capacitado, se han formado en este tiempo que no se renov\u00f3 el contrato anterior hasta la fecha y pudimos realmente conectar\u201d<\/em>. Son<em><strong> \u201c21 trabajadores, 3 de ellos no han continuado por decisi\u00f3n personal pero hemos tenido un ida y vuelta muy, muy bueno, en un \u00e1mbito de trabajo que hace que este sistema tome m\u00e1s m\u00fasculo, que tome el protagonismo necesario para poder ofrecerle a los vecinos y vecinas de Olavarr\u00eda un sistema que realmente pueda ordenar el tr\u00e1nsito que por estos d\u00edas sabemos que es bastante ca\u00f3tico y que es algo que nos viene ocupando, pero todo lleva su tiempo y este lunes por suerte a estar vigente a partir de las 09:00 horas en nuestra ciudad\u201d.<\/strong><\/em><\/p>\n\n\n\n<p>Tras los dichos de Mercedes Land\u00edvar sobre la realidad de la anterior empresa, se dej\u00f3 en claro que<em> \u201cno hay s\u00f3lo un fin netamente recaudatorio, sino que por el contrario lo que nosotros queremos es seguir profundizando cada formaci\u00f3n y capacitaci\u00f3n necesaria para que puedan adquirir y seguir adquiriendo conocimiento de las normas de tr\u00e1nsito necesaria para aplicarlas como corresponde. Adem\u00e1s, van a tener el rol de ser inspectores con lo que eso implica. Por eso van a poder tener este rol del reordenamiento de tr\u00e1nsito como corresponde con el conocimiento necesario de las normas que el tr\u00e1nsito y aplic\u00e1ndolas desde ese lugar\u201d.<\/em><\/p>\n\n\n\n<figure class=\"wp-block-image size-large\"><img data-recalc-dims=\"1\" loading=\"lazy\" decoding=\"async\" width=\"800\" height=\"445\" src=\"https:\/\/i0.wp.com\/cdnoticias.com\/wp-content\/uploads\/2024\/05\/mercedes-landivar-estacionamiento-1024x570.jpg?resize=800%2C445&#038;ssl=1\" alt=\"\" class=\"wp-image-115796\" srcset=\"https:\/\/i0.wp.com\/cdnoticias.com\/wp-content\/uploads\/2024\/05\/mercedes-landivar-estacionamiento-scaled.jpg?resize=1024%2C570&amp;ssl=1 1024w, https:\/\/i0.wp.com\/cdnoticias.com\/wp-content\/uploads\/2024\/05\/mercedes-landivar-estacionamiento-scaled.jpg?resize=300%2C167&amp;ssl=1 300w, https:\/\/i0.wp.com\/cdnoticias.com\/wp-content\/uploads\/2024\/05\/mercedes-landivar-estacionamiento-scaled.jpg?resize=768%2C427&amp;ssl=1 768w, https:\/\/i0.wp.com\/cdnoticias.com\/wp-content\/uploads\/2024\/05\/mercedes-landivar-estacionamiento-scaled.jpg?resize=1536%2C855&amp;ssl=1 1536w, https:\/\/i0.wp.com\/cdnoticias.com\/wp-content\/uploads\/2024\/05\/mercedes-landivar-estacionamiento-scaled.jpg?resize=2048%2C1140&amp;ssl=1 2048w, https:\/\/i0.wp.com\/cdnoticias.com\/wp-content\/uploads\/2024\/05\/mercedes-landivar-estacionamiento-scaled.jpg?resize=800%2C445&amp;ssl=1 800w, https:\/\/i0.wp.com\/cdnoticias.com\/wp-content\/uploads\/2024\/05\/mercedes-landivar-estacionamiento-scaled.jpg?w=1600&amp;ssl=1 1600w, https:\/\/i0.wp.com\/cdnoticias.com\/wp-content\/uploads\/2024\/05\/mercedes-landivar-estacionamiento-scaled.jpg?w=2400&amp;ssl=1 2400w\" sizes=\"auto, (max-width: 800px) 100vw, 800px\" \/><\/figure>\n\n\n\n<p>Se busca<em><strong> \u201cno aplicar el rol de Polic\u00eda ni buscando la infracci\u00f3n\u201d.<\/strong><\/em> <em>\u201cLo que tratamos de hacer y es uno de los roles de los chicos es de ordenar el tr\u00e1nsito, y para que puedan persuadir y ense\u00f1arle al conductor cu\u00e1les son las normas de tr\u00e1nsito que pueden cumplir. <strong>Siempre se buscar\u00e1 por el lado pedag\u00f3gico, pero si hay una infracci\u00f3n se realizar\u00e1 de la mejor manera posible y como corresponde\u201d<\/strong> <\/em>dijo Land\u00edvar.<\/p>\n\n\n\n<figure class=\"wp-block-embed is-type-wp-embed is-provider-municipalidad-del-partido-de-olavarr-a wp-block-embed-municipalidad-del-partido-de-olavarr-a\"><div class=\"wp-block-embed__wrapper\">\n<blockquote class=\"wp-embedded-content\" data-secret=\"mZwgDHmVeU\"><a href=\"https:\/\/www.olavarria.gov.ar\/servicios\/estacionamiento-medido-municipal\/\">Estacionamiento Medido Municipal<\/a><\/blockquote><iframe loading=\"lazy\" class=\"wp-embedded-content\" sandbox=\"allow-scripts\" security=\"restricted\" style=\"position: absolute; clip: rect(1px, 1px, 1px, 1px);\" title=\"\u00abEstacionamiento Medido Municipal\u00bb \u2014 Municipalidad del Partido de Olavarr\u00eda\" src=\"https:\/\/www.olavarria.gov.ar\/servicios\/estacionamiento-medido-municipal\/embed\/#?secret=bozM27y23p#?secret=mZwgDHmVeU\" data-secret=\"mZwgDHmVeU\" width=\"600\" height=\"338\" frameborder=\"0\" marginwidth=\"0\" marginheight=\"0\" scrolling=\"no\"><\/iframe>\n<\/div><\/figure>\n\n\n\n<p>Luego de la explicaci\u00f3n t\u00e9cnica de Nicol\u00e1s Mart\u00ednez sobre c\u00f3mo funcionar\u00e1 el sistema, se confirm\u00f3 que adem\u00e1s <em><strong>\u201chabr\u00e1 10 minutos de tolerancia y la correspondiente multa. No hubo modificaciones\u201d <\/strong><\/em>con respecto al funcionamiento de Soluparking.<\/p>\n\n\n\n<figure class=\"wp-block-image size-large\"><img data-recalc-dims=\"1\" loading=\"lazy\" decoding=\"async\" width=\"800\" height=\"445\" src=\"https:\/\/i0.wp.com\/cdnoticias.com\/wp-content\/uploads\/2024\/05\/presentacion-estacionamiento-medido3.jpg?resize=800%2C445&#038;ssl=1\" alt=\"\" class=\"wp-image-115801\" srcset=\"https:\/\/i0.wp.com\/cdnoticias.com\/wp-content\/uploads\/2024\/05\/presentacion-estacionamiento-medido3.jpg?resize=1024%2C570&amp;ssl=1 1024w, https:\/\/i0.wp.com\/cdnoticias.com\/wp-content\/uploads\/2024\/05\/presentacion-estacionamiento-medido3.jpg?resize=300%2C167&amp;ssl=1 300w, https:\/\/i0.wp.com\/cdnoticias.com\/wp-content\/uploads\/2024\/05\/presentacion-estacionamiento-medido3.jpg?resize=768%2C428&amp;ssl=1 768w, https:\/\/i0.wp.com\/cdnoticias.com\/wp-content\/uploads\/2024\/05\/presentacion-estacionamiento-medido3.jpg?resize=800%2C445&amp;ssl=1 800w, https:\/\/i0.wp.com\/cdnoticias.com\/wp-content\/uploads\/2024\/05\/presentacion-estacionamiento-medido3.jpg?w=1072&amp;ssl=1 1072w\" sizes=\"auto, (max-width: 800px) 100vw, 800px\" \/><\/figure>\n\n\n\n<p>Un dato a tener en cuenta es que<strong> el lunes comienza el periodo de prueba que por el momento no tiene fecha de finalizaci\u00f3n: realizar\u00e1n evaluaciones permanentes y cuando crean que los usuarios se adaptaron al nuevo sistema comenzar\u00e1 oficialmente. En ese plazo, no se realizar\u00e1n infracciones.<\/strong><\/p>\n\n\n\n<figure class=\"wp-block-image size-large\"><img data-recalc-dims=\"1\" loading=\"lazy\" decoding=\"async\" width=\"800\" height=\"445\" src=\"https:\/\/i0.wp.com\/cdnoticias.com\/wp-content\/uploads\/2024\/05\/martinez-estacionamiento-medido.jpg?resize=800%2C445&#038;ssl=1\" alt=\"\" class=\"wp-image-115795\" srcset=\"https:\/\/i0.wp.com\/cdnoticias.com\/wp-content\/uploads\/2024\/05\/martinez-estacionamiento-medido.jpg?resize=1024%2C570&amp;ssl=1 1024w, https:\/\/i0.wp.com\/cdnoticias.com\/wp-content\/uploads\/2024\/05\/martinez-estacionamiento-medido.jpg?resize=300%2C167&amp;ssl=1 300w, https:\/\/i0.wp.com\/cdnoticias.com\/wp-content\/uploads\/2024\/05\/martinez-estacionamiento-medido.jpg?resize=768%2C428&amp;ssl=1 768w, https:\/\/i0.wp.com\/cdnoticias.com\/wp-content\/uploads\/2024\/05\/martinez-estacionamiento-medido.jpg?resize=800%2C445&amp;ssl=1 800w, https:\/\/i0.wp.com\/cdnoticias.com\/wp-content\/uploads\/2024\/05\/martinez-estacionamiento-medido.jpg?w=1072&amp;ssl=1 1072w\" sizes=\"auto, (max-width: 800px) 100vw, 800px\" \/><\/figure>\n\n\n\n<p>Mart\u00ednez tambi\u00e9n explic\u00f3 que el rol de agentes incluir\u00e1 operativos especiales<em><strong> \u201cpara descongestionar los accesos y egresos de las instituciones educativas. Pensamos operativos para cuidar la seguridad de todos. Sabemos que es un conflicto al mediod\u00eda como a la tarde transitar la ciudad en los horarios de ingreso y egreso escolares\u201d.<\/strong><\/em><\/p>\n\n\n\n<p>Land\u00edvar, finalmente, explic\u00f3 que se adapt\u00f3 la ordenanza sancionada en 2018 aunque <em><strong>\u201cest\u00e1 pendiente trabajar en una nueva ordenanza pero que prevea estas cosas que venimos contando sobre seguridad vial, ordenamiento de tr\u00e1nsito\u201d.<\/strong><\/em><\/p>\n\n\n\n<p>Para cerrar, se\u00f1alaron que<strong> no tienen \u201cning\u00fan dato oficial\u201d del movimiento de tr\u00e1nsito que haya brindado la empresa anterior por lo que ir\u00e1n recabando datos a medida que haya usuarios en la aplicaci\u00f3n. No se sabe n\u00famero de usuarios, ni porcentaje de multas, ni recaudaci\u00f3n.<\/strong><\/p>\n\n\n\n<p>Finalmente, <strong>el Intendente Wesner pidi\u00f3 un aplauso para los trabajadores que desde el lunes comenzar\u00e1n un nuevo desaf\u00edo con un nuevo sistema de Estacionamiento Medido en la ciudad.<\/strong><\/p>\n","protected":false},"excerpt":{"rendered":"<p>El intendente Wesner, funcionario y la planta de trabajadores del nuevo estacionamiento medido (SEMO) presentaron el sistema que comenzar\u00e1 a<\/p>\n","protected":false},"author":2,"featured_media":115799,"comment_status":"closed","ping_status":"closed","sticky":false,"template":"","format":"standard","meta":{"_jetpack_memberships_contains_paid_content":false,"footnotes":""},"categories":[5,1],"tags":[],"class_list":["post-115806","post","type-post","status-publish","format-standard","has-post-thumbnail","hentry","category-informacion-general","category-portada"],"jetpack_featured_media_url":"https:\/\/i0.wp.com\/cdnoticias.com\/wp-content\/uploads\/2024\/05\/presentacion-estacionamiento-medido1.jpg?fit=1035%2C576&ssl=1","jetpack_sharing_enabled":true,"_links":{"self":[{"href":"https:\/\/cdnoticias.com\/index.php\/wp-json\/wp\/v2\/posts\/115806","targetHints":{"allow":["GET"]}}],"collection":[{"href":"https:\/\/cdnoticias.com\/index.php\/wp-json\/wp\/v2\/posts"}],"about":[{"href":"https:\/\/cdnoticias.com\/index.php\/wp-json\/wp\/v2\/types\/post"}],"author":[{"embeddable":true,"href":"https:\/\/cdnoticias.com\/index.php\/wp-json\/wp\/v2\/users\/2"}],"replies":[{"embeddable":true,"href":"https:\/\/cdnoticias.com\/index.php\/wp-json\/wp\/v2\/comments?post=115806"}],"version-history":[{"count":0,"href":"https:\/\/cdnoticias.com\/index.php\/wp-json\/wp\/v2\/posts\/115806\/revisions"}],"wp:featuredmedia":[{"embeddable":true,"href":"https:\/\/cdnoticias.com\/index.php\/wp-json\/wp\/v2\/media\/115799"}],"wp:attachment":[{"href":"https:\/\/cdnoticias.com\/index.php\/wp-json\/wp\/v2\/media?parent=115806"}],"wp:term":[{"taxonomy":"category","embeddable":true,"href":"https:\/\/cdnoticias.com\/index.php\/wp-json\/wp\/v2\/categories?post=115806"},{"taxonomy":"post_tag","embeddable":true,"href":"https:\/\/cdnoticias.com\/index.php\/wp-json\/wp\/v2\/tags?post=115806"}],"curies":[{"name":"wp","href":"https:\/\/api.w.org\/{rel}","templated":true}]}}