{"id":115793,"date":"2024-05-10T17:06:42","date_gmt":"2024-05-10T20:06:42","guid":{"rendered":"https:\/\/cdnoticias.com\/?p=115793"},"modified":"2024-05-10T17:06:44","modified_gmt":"2024-05-10T20:06:44","slug":"alfredo-jose-giordanino-giorda-manucho-q-e-p-d","status":"publish","type":"post","link":"https:\/\/cdnoticias.com\/index.php\/2024\/05\/10\/alfredo-jose-giordanino-giorda-manucho-q-e-p-d\/","title":{"rendered":"Alfredo Jos\u00e9 Giordanino &#8220;Giorda&#8221; &#8211; &#8220;Manucho&#8221; (Q.E.P.D.)"},"content":{"rendered":"\n<hr class=\"wp-block-separator aligncenter has-alpha-channel-opacity\"\/>\n\n\n\n<p>Falleci\u00f3 en Olavarr\u00eda el 10 de mayo de 2024 a los 82 a\u00f1os. Su esposa Mar\u00eda Cristina. Sus hijas Fabiana y Silvana. Sus hijos pol\u00edticos Guillermo y Ricardo. Sus nietos Antonela, Santiago, Manuel, Valent\u00edn, Guillermina, Sim\u00f3n y Martino. Sus bisnietos Juliana y Stefano; y dem\u00e1s deudos participan su fallecimiento.<\/p>\n\n\n\n<p>Sus restos ser\u00e1n velados en la Sala de Sierras Bayas, M. Smirnoff 2663 departamento A desde este s\u00e1bado 11 de mayo a las 08:00 horas e inhumados en el Cementerio de Sierras Bayas a las 10:30 horas. Servicio adherido a Coopelectric.<\/p>\n\n\n\n<p>Nacido en C\u00f3rdoba, vecino de Sierras Bayas, jubilado transportista.<\/p>\n","protected":false},"excerpt":{"rendered":"<p>Falleci\u00f3 en Olavarr\u00eda el 10 de mayo de 2024 a los 82 a\u00f1os. Su esposa Mar\u00eda Cristina. Sus hijas Fabiana<\/p>\n","protected":false},"author":2,"featured_media":100390,"comment_status":"closed","ping_status":"closed","sticky":false,"template":"","format":"standard","meta":{"_jetpack_memberships_contains_paid_content":false,"footnotes":""},"categories":[10],"tags":[],"class_list":["post-115793","post","type-post","status-publish","format-standard","has-post-thumbnail","hentry","category-necrologicas"],"jetpack_featured_media_url":"https:\/\/i0.wp.com\/cdnoticias.com\/wp-content\/uploads\/2023\/10\/necrologicas-390-x-240.jpg?fit=390%2C240&ssl=1","jetpack_sharing_enabled":true,"_links":{"self":[{"href":"https:\/\/cdnoticias.com\/index.php\/wp-json\/wp\/v2\/posts\/115793","targetHints":{"allow":["GET"]}}],"collection":[{"href":"https:\/\/cdnoticias.com\/index.php\/wp-json\/wp\/v2\/posts"}],"about":[{"href":"https:\/\/cdnoticias.com\/index.php\/wp-json\/wp\/v2\/types\/post"}],"author":[{"embeddable":true,"href":"https:\/\/cdnoticias.com\/index.php\/wp-json\/wp\/v2\/users\/2"}],"replies":[{"embeddable":true,"href":"https:\/\/cdnoticias.com\/index.php\/wp-json\/wp\/v2\/comments?post=115793"}],"version-history":[{"count":0,"href":"https:\/\/cdnoticias.com\/index.php\/wp-json\/wp\/v2\/posts\/115793\/revisions"}],"wp:featuredmedia":[{"embeddable":true,"href":"https:\/\/cdnoticias.com\/index.php\/wp-json\/wp\/v2\/media\/100390"}],"wp:attachment":[{"href":"https:\/\/cdnoticias.com\/index.php\/wp-json\/wp\/v2\/media?parent=115793"}],"wp:term":[{"taxonomy":"category","embeddable":true,"href":"https:\/\/cdnoticias.com\/index.php\/wp-json\/wp\/v2\/categories?post=115793"},{"taxonomy":"post_tag","embeddable":true,"href":"https:\/\/cdnoticias.com\/index.php\/wp-json\/wp\/v2\/tags?post=115793"}],"curies":[{"name":"wp","href":"https:\/\/api.w.org\/{rel}","templated":true}]}}