{"id":115787,"date":"2024-05-10T20:47:08","date_gmt":"2024-05-10T23:47:08","guid":{"rendered":"https:\/\/cdnoticias.com\/?p=115787"},"modified":"2024-05-11T09:46:53","modified_gmt":"2024-05-11T12:46:53","slug":"caminos-rurales-la-mesa-agropecuaria-exigio-al-municipio-celeridad-en-las-zonas-mas-criticas","status":"publish","type":"post","link":"https:\/\/cdnoticias.com\/index.php\/2024\/05\/10\/caminos-rurales-la-mesa-agropecuaria-exigio-al-municipio-celeridad-en-las-zonas-mas-criticas\/","title":{"rendered":"Caminos Rurales: la Mesa Agropecuaria exigi\u00f3 al Municipio \u201cceleridad\u201d en las \u201czonas m\u00e1s cr\u00edticas\u201d"},"content":{"rendered":"<p>La Mesa se reuni\u00f3 con la Direcci\u00f3n de Caminos Municipal para tratar la \u201csituaci\u00f3n de urgencia\u201d. Fue presentado el nuevo director de caminos rurales, Mariano Arrignon, quien expuso de la segunda fase del Plan de Contingencia.<!--more--><\/p>\n<hr \/>\n<p>La <strong>Mesa Agropecuaria<\/strong> se reuni\u00f3 con la<strong> Direcci\u00f3n de Caminos Municipal<\/strong> para tratar como tema central fue l<strong>a \u201csituaci\u00f3n de urgencia\u201d por el \u201ccr\u00edtico estado\u201d<\/strong> en que se encuentran los <strong>caminos rurales<\/strong>.<\/p>\n<p>El encuentro tuvo lugar el pasado martes en el Centro Cultural San Jos\u00e9.<\/p>\n<p><strong>La Mesa present\u00f3 un informe con \u201cciertas zonas cr\u00edticas a tratar de manera urgente por considerarlas prioritarias<\/strong> debido a comprometer<strong> accesos a escuelas<\/strong> rurales. Adem\u00e1s de otras zonas que dificultan o imposibilitan el<strong> traslado de la producci\u00f3n de los campos<\/strong> y de <strong>quienes viven o trabajan en el \u00e1mbito rural<\/strong>\u201d se inform\u00f3 desde la Sociedad Rural, entidad miembro de la mesa.<\/p>\n<p><img data-recalc-dims=\"1\" loading=\"lazy\" decoding=\"async\" class=\"size-full wp-image-115789 aligncenter\" src=\"https:\/\/i0.wp.com\/cdnoticias.com\/wp-content\/uploads\/2024\/05\/sociedad-rural-caminos-rurales-01.jpg?resize=800%2C445&#038;ssl=1\" alt=\"\" width=\"800\" height=\"445\" srcset=\"https:\/\/i0.wp.com\/cdnoticias.com\/wp-content\/uploads\/2024\/05\/sociedad-rural-caminos-rurales-01.jpg?w=1000&amp;ssl=1 1000w, https:\/\/i0.wp.com\/cdnoticias.com\/wp-content\/uploads\/2024\/05\/sociedad-rural-caminos-rurales-01.jpg?resize=300%2C167&amp;ssl=1 300w, https:\/\/i0.wp.com\/cdnoticias.com\/wp-content\/uploads\/2024\/05\/sociedad-rural-caminos-rurales-01.jpg?resize=768%2C427&amp;ssl=1 768w, https:\/\/i0.wp.com\/cdnoticias.com\/wp-content\/uploads\/2024\/05\/sociedad-rural-caminos-rurales-01.jpg?resize=800%2C445&amp;ssl=1 800w\" sizes=\"auto, (max-width: 800px) 100vw, 800px\" \/><\/p>\n<p><strong>El Municipio present\u00f3 al nuevo director de Caminos Rurales, Mariano Arrignon<\/strong> quien mostr\u00f3 intenci\u00f3n de <strong>modificar la impronta de gesti\u00f3n<\/strong> anterior. Se destac\u00f3 que<strong> \u201centreg\u00f3 un informe detallado de la segunda fase del Plan de Contingencia, adem\u00e1s de informar c\u00f3mo se est\u00e1 ejecutando la primera fase<\/strong>\u201d,<a href=\"https:\/\/cdnoticias.com\/index.php\/2024\/04\/11\/caminos-rurales-la-prioridad-esta-en-restituir-el-paso-en-los-lugares-mas-complejos\/\" target=\"_blank\" rel=\"noopener\"> impulsada el 10 de abril.<\/a><\/p>\n<blockquote><p>\u201cLa Mesa exigi\u00f3 al municipio que se trabaje con celeridad en las zonas m\u00e1s cr\u00edticas, aprovechando mientras la ausencia de lluvias lo permita\u201d.<\/p><\/blockquote>\n<p>En tanto, la <strong>secretaria de Hacienda Municipal, Eugenia Bezzoni<\/strong>, present\u00f3 los <strong>resultados econ\u00f3micos del 2023<\/strong> y los <strong>proyectados para el a\u00f1o en curso<\/strong>.<\/p>\n<p>Participaron de la reuni\u00f3n: Orfel Fari\u00f1a (Secretario de Obras, Mantenimento y Servicios P\u00fablicos), Gaston Sarachu (Secretario de Desarrollo Econ\u00f3mico y Productivo), Eugenia Bezzoni (Secretaria de Econom\u00eda y Hacienda), Mariano Arrignon (Director de Caminos Rurales) junto a todo su equipo; M\u00f3nica Arregui (Circulo de Veterinarios de Olavarr\u00eda), Ricardo Silvestro (Asoc. de Ing. Agr\u00f3nomos de Olavarr\u00eda), Luciana Pedernera (Mujeres Rurales en Red de Olavarr\u00eda), Daniel Ay\u00e7aguer, Jos\u00e9 Mar\u00eda Ortiz y Diego Torres Booth (Sociedad Rural de Olavarr\u00eda), Miguel Palahy (Cooperativa Agropecuaria de Olavarr\u00eda), Juan Carlos Masson y Lucrecia Sabbatini (Cooperativa Agraria Ltda de Olavarr\u00eda).<\/p>\n<p>Fotos: <em>Sociedad Rural y Zona Campo<\/em><\/p>\n<blockquote class=\"wp-embedded-content\" data-secret=\"UxhW8CkC4T\"><p><a href=\"https:\/\/cdnoticias.com\/index.php\/2024\/05\/05\/sebastian-matrella-la-situacion-de-los-caminos-rurales-es-critica\/\">Sebasti\u00e1n Matrella: \u201cla situaci\u00f3n de los caminos rurales es cr\u00edtica\u201d<\/a><\/p><\/blockquote>\n<p><iframe loading=\"lazy\" class=\"wp-embedded-content\" sandbox=\"allow-scripts\" security=\"restricted\" style=\"position: absolute; clip: rect(1px, 1px, 1px, 1px);\" title=\"&#8220;Sebasti\u00e1n Matrella: \u201cla situaci\u00f3n de los caminos rurales es cr\u00edtica\u201d&#8221; &#8212; Central de Noticias | Olavarr\u00eda\" src=\"https:\/\/cdnoticias.com\/index.php\/2024\/05\/05\/sebastian-matrella-la-situacion-de-los-caminos-rurales-es-critica\/embed\/#?secret=X2nx0KhNAd#?secret=UxhW8CkC4T\" data-secret=\"UxhW8CkC4T\" width=\"600\" height=\"338\" frameborder=\"0\" marginwidth=\"0\" marginheight=\"0\" scrolling=\"no\"><\/iframe><\/p>\n","protected":false},"excerpt":{"rendered":"<p>La Mesa se reuni\u00f3 con la Direcci\u00f3n de Caminos Municipal para tratar la \u201csituaci\u00f3n de urgencia\u201d. Fue presentado el nuevo<\/p>\n","protected":false},"author":4,"featured_media":115790,"comment_status":"closed","ping_status":"closed","sticky":false,"template":"","format":"standard","meta":{"_jetpack_memberships_contains_paid_content":false,"footnotes":""},"categories":[5,1],"tags":[],"class_list":["post-115787","post","type-post","status-publish","format-standard","has-post-thumbnail","hentry","category-informacion-general","category-portada"],"jetpack_featured_media_url":"https:\/\/i0.wp.com\/cdnoticias.com\/wp-content\/uploads\/2024\/05\/sociedad-rural-caminos-rurales-00.jpg?fit=1000%2C556&ssl=1","jetpack_sharing_enabled":true,"_links":{"self":[{"href":"https:\/\/cdnoticias.com\/index.php\/wp-json\/wp\/v2\/posts\/115787","targetHints":{"allow":["GET"]}}],"collection":[{"href":"https:\/\/cdnoticias.com\/index.php\/wp-json\/wp\/v2\/posts"}],"about":[{"href":"https:\/\/cdnoticias.com\/index.php\/wp-json\/wp\/v2\/types\/post"}],"author":[{"embeddable":true,"href":"https:\/\/cdnoticias.com\/index.php\/wp-json\/wp\/v2\/users\/4"}],"replies":[{"embeddable":true,"href":"https:\/\/cdnoticias.com\/index.php\/wp-json\/wp\/v2\/comments?post=115787"}],"version-history":[{"count":0,"href":"https:\/\/cdnoticias.com\/index.php\/wp-json\/wp\/v2\/posts\/115787\/revisions"}],"wp:featuredmedia":[{"embeddable":true,"href":"https:\/\/cdnoticias.com\/index.php\/wp-json\/wp\/v2\/media\/115790"}],"wp:attachment":[{"href":"https:\/\/cdnoticias.com\/index.php\/wp-json\/wp\/v2\/media?parent=115787"}],"wp:term":[{"taxonomy":"category","embeddable":true,"href":"https:\/\/cdnoticias.com\/index.php\/wp-json\/wp\/v2\/categories?post=115787"},{"taxonomy":"post_tag","embeddable":true,"href":"https:\/\/cdnoticias.com\/index.php\/wp-json\/wp\/v2\/tags?post=115787"}],"curies":[{"name":"wp","href":"https:\/\/api.w.org\/{rel}","templated":true}]}}