{"id":115783,"date":"2024-05-10T17:49:41","date_gmt":"2024-05-10T20:49:41","guid":{"rendered":"https:\/\/cdnoticias.com\/?p=115783"},"modified":"2024-05-10T17:49:43","modified_gmt":"2024-05-10T20:49:43","slug":"fin-de-semana-en-olavarria-variedad-de-propuestas-gratuitas","status":"publish","type":"post","link":"https:\/\/cdnoticias.com\/index.php\/2024\/05\/10\/fin-de-semana-en-olavarria-variedad-de-propuestas-gratuitas\/","title":{"rendered":"Fin de semana en Olavarr\u00eda: variedad de propuestas gratuitas"},"content":{"rendered":"\n<p>Se destacan la presentaci\u00f3n de la Copa del Mundo, una interesante agenda musical, la Fiesta de la Kerb en Colonia Nievas y actividades en los museos. Los detalles.<\/p>\n\n\n\n<hr class=\"wp-block-separator has-alpha-channel-opacity\"\/>\n\n\n\n<p>Este fin de semana, el Municipio de Olavarr\u00eda ofrece distintas propuestas para disfrutar, totalmente gratuitas, entre las que se destaca la presentaci\u00f3n de la Copa del Mundo en el Centro Cultural.<\/p>\n\n\n\n<p><\/p>\n\n\n\n<p>El cronograma se inicia este<strong> viernes 10 de mayo <\/strong>con la<a href=\"https:\/\/cdnoticias.com\/index.php\/2024\/05\/06\/el-centro-cultural-san-jose-sera-sede-de-la-4-edicion-del-ciclo-suena\/\" data-type=\"link\" data-id=\"https:\/\/cdnoticias.com\/index.php\/2024\/05\/06\/el-centro-cultural-san-jose-sera-sede-de-la-4-edicion-del-ciclo-suena\/\"> cuarta edici\u00f3n del ciclo de m\u00fasica en vivo \u201cSuena\u201d en el Centro Cultural Municipal \u201cSan Jos\u00e9\u201d,<\/a> organizado en conjunto con la Asociaci\u00f3n Civil Cultura Colgante.<\/p>\n\n\n\n<p><\/p>\n\n\n\n<p><strong>Desde las 20 horas se presentar\u00e1 el quinteto de c\u00e1mara Siksnys-Bayon<\/strong> Grupo integrado por Lucas Goicoechea, Emmanuel Famin, Pablo Passini, Federico Siksnys y Juan Bayon.<\/p>\n\n\n\n<p><\/p>\n\n\n\n<p>El<strong> s\u00e1bado 11 de mayo,<\/strong> el gran atractivo ser\u00e1 la <a href=\"https:\/\/cdnoticias.com\/index.php\/2024\/05\/08\/todo-lo-que-tenes-que-saber-sobre-la-llegada-de-la-copa-del-mundo-a-olavarria\/\" data-type=\"link\" data-id=\"https:\/\/cdnoticias.com\/index.php\/2024\/05\/08\/todo-lo-que-tenes-que-saber-sobre-la-llegada-de-la-copa-del-mundo-a-olavarria\/\">presentaci\u00f3n de la Copa del Mundo en el Centro Cultural Municipal \u201cSan Jos\u00e9\u201d <\/a>a partir de las 9 horas, junto con la Finalissima y la Copa Am\u00e9rica, con entrada libre y gratuita.<\/p>\n\n\n\n<p><\/p>\n\n\n\n<p>En el marco del evento, que promete ser una verdadera fiesta, habr\u00e1 distintas propuestas recreativas para los m\u00e1s chicos, food trucks y puestos de comida de instituciones locales, en el sector del Parque Mitre.<\/p>\n\n\n\n<p><\/p>\n\n\n\n<p>Por la tarde, <strong>a las 14:30 horas se iniciar\u00e1n las Caminatas Patrimoniales,<\/strong> en el marco del Mes de Museos, con punto de partida Museo Loma Negra, para visitar distintos edificios hist\u00f3ricos, monumentos y murales.<\/p>\n\n\n\n<p><\/p>\n\n\n\n<p><a href=\"https:\/\/cdnoticias.com\/index.php\/2024\/05\/01\/fiesta-patronal-de-la-kerb-en-colonia-nievas\/\" data-type=\"link\" data-id=\"https:\/\/cdnoticias.com\/index.php\/2024\/05\/01\/fiesta-patronal-de-la-kerb-en-colonia-nievas\/\">A las 15:30 horas del s\u00e1bado en Colonia Nievas se comenzar\u00e1 a vivir la Fiesta de la Kerb <\/a>con la realizaci\u00f3n del acto protocolar, mientras que el domingo desde el mediod\u00eda habr\u00e1 distintas propuestas: puestos de comida, danzas t\u00edpicas y baile popular.<\/p>\n\n\n\n<p><\/p>\n\n\n\n<p>Adem\u00e1s, <strong>el d\u00eda s\u00e1bado en Parque Eseverri, a las 16:15 horas<\/strong>, se realizar\u00e1 una<a href=\"https:\/\/cdnoticias.com\/index.php\/2024\/05\/10\/sendero-para-la-biodiversidad-el-municipio-plantara-50-arboles-en-el-parque-helios-eseverri\/\" data-type=\"link\" data-id=\"https:\/\/cdnoticias.com\/index.php\/2024\/05\/10\/sendero-para-la-biodiversidad-el-municipio-plantara-50-arboles-en-el-parque-helios-eseverri\/\"> jornada de plantaci\u00f3n de 50 nuevos \u00e1rboles<\/a>, en el marco del Plan Integral de Reconstrucci\u00f3n del Arbolado.<\/p>\n\n\n\n<p><\/p>\n\n\n\n<p>Mientras que el d\u00eda <strong>domingo 12 de mayo,<\/strong> adem\u00e1s de la Fiesta de la Kerb que ser\u00e1 una de las propuestas m\u00e1s convocantes de la jornada, tendr\u00e1 lugar la primera edici\u00f3n del<strong> Programa Itinerante y Recreativo \u201cJuguemos en la Plaza\u201d, <\/strong>que de manera se desarrolla en distintos espacios p\u00fablicos de todo el Partido de Olavarr\u00eda, ofreciendo propuestas recreativas, l\u00fadicas y sociales para los m\u00e1s chicos.<\/p>\n\n\n\n<p><\/p>\n\n\n\n<p>Desde las <strong>15:30 horas, en Parque Eseverri,<\/strong> profesores del staff municipal de la Subsecretar\u00eda de Deportes realizar\u00e1n distintas propuestas y juegos, para todas las edades.<\/p>\n\n\n\n<p><\/p>\n\n\n\n<p>El programa del finde cierra en la noche del <strong>domingo<\/strong>, el Teatro Municipal ser\u00e1 escenario de una nueva velada con la p<strong>resentaci\u00f3n desde las 20:30 horas de la Orquesta Sinf\u00f3nica Municipal \u201cMtro. Mario Patan\u00e9\u201d, <\/strong>en el marco del ciclo <a href=\"https:\/\/cdnoticias.com\/index.php\/2024\/05\/06\/clasica-y-solidaria-a-beneficio-del-centro-teresa-de-calcuta\/\" data-type=\"link\" data-id=\"https:\/\/cdnoticias.com\/index.php\/2024\/05\/06\/clasica-y-solidaria-a-beneficio-del-centro-teresa-de-calcuta\/\">\u201cCl\u00e1sica y Solidaria\u201d, a beneficio del Centro Teresa de Calcuta.<\/a><\/p>\n\n\n\n<p><\/p>\n\n\n\n<p>La modalidad es con entrada libre y gratuita pero <strong>quienes deseen colaborar con la instituci\u00f3n podr\u00e1n hacerlo mediante una donaci\u00f3n<\/strong> en efectivo por sobre o por billetera virtual a trav\u00e9s de un c\u00f3digo QR.<\/p>\n\n\n\n<p><\/p>\n\n\n\n<p>Te invitamos a seguir todas las propuestas del Municipio de Olavarr\u00eda en nuestras redes sociales @olavarriamunicipio y @olavarria.va, con toda la info actualizada de eventos, horarios y sitios de inter\u00e9s. A continuaci\u00f3n, te dejamos el programa de actividades:<\/p>\n\n\n\n<p><\/p>\n\n\n\n<p><strong>Viernes 10 de mayo<\/strong><\/p>\n\n\n\n<p>20:00 horas. Centro Cultural Municipal \u201cSan Jos\u00e9\u201d. 4\u00ba Ciclo de M\u00fasica \u201cSuena\u201d. Siksnys \u2013 Bayon Grupo<\/p>\n\n\n\n<p><br><strong>S\u00e1bado 11 de mayo<\/strong><\/p>\n\n\n\n<p>De 09:00 a 19:00 horas. Cultural Municipal \u201cSan Jos\u00e9\u201d. Presentaci\u00f3n de la Copa del Mundo, Finalissima y Copa Am\u00e9rica. Propuestas recreativas, food trucks y puestos de comida en Parque Mitre.<\/p>\n\n\n\n<p><br>14:30 horas. Caminatas Patrimoniales. Punto de partida Museo Loma Negra.<\/p>\n\n\n\n<p><br>15:30 horas. Fiesta de la Kerb en Colonia Nievas. Acto protocolar.<\/p>\n\n\n\n<p><br>16:15 horas. Jornada de plantaci\u00f3n \u201cSendero para la Biodiversidad\u201d En Parque Eseverri (entrada por Alsina y Juan XXIII)<\/p>\n\n\n\n<p><br><strong>Domingo 12 de mayo<\/strong><\/p>\n\n\n\n<p>11:30 horas. Fiesta de la Kerb en Colonia Nievas. Apertura de los patios de comida.<\/p>\n\n\n\n<p><br>15:30 horas. Parque \u201cHelios Eseverri\u201d. Primera edici\u00f3n de Juguemos en la Plaza. Propuesta recreativa, deportiva y social de la Subsecretar\u00eda de Deportes.<\/p>\n\n\n\n<p><br>20:30 horas. Teatro Municipal. 2\u00ba Concierto de \u201cCl\u00e1sica y Solidaria\u201d a beneficio del Centro Madre Teresa de Calcuta.<\/p>\n","protected":false},"excerpt":{"rendered":"<p>Se destacan la presentaci\u00f3n de la Copa del Mundo, una interesante agenda musical, la Fiesta de la Kerb en Colonia<\/p>\n","protected":false},"author":2,"featured_media":115785,"comment_status":"closed","ping_status":"closed","sticky":false,"template":"","format":"standard","meta":{"_jetpack_memberships_contains_paid_content":false,"footnotes":""},"categories":[9,1],"tags":[],"class_list":["post-115783","post","type-post","status-publish","format-standard","has-post-thumbnail","hentry","category-cultura","category-portada"],"jetpack_featured_media_url":"https:\/\/i0.wp.com\/cdnoticias.com\/wp-content\/uploads\/2024\/05\/1o-Concierto-Clasica-y-Solidaria-10-1024x652-1.jpg?fit=800%2C445&ssl=1","jetpack_sharing_enabled":true,"_links":{"self":[{"href":"https:\/\/cdnoticias.com\/index.php\/wp-json\/wp\/v2\/posts\/115783","targetHints":{"allow":["GET"]}}],"collection":[{"href":"https:\/\/cdnoticias.com\/index.php\/wp-json\/wp\/v2\/posts"}],"about":[{"href":"https:\/\/cdnoticias.com\/index.php\/wp-json\/wp\/v2\/types\/post"}],"author":[{"embeddable":true,"href":"https:\/\/cdnoticias.com\/index.php\/wp-json\/wp\/v2\/users\/2"}],"replies":[{"embeddable":true,"href":"https:\/\/cdnoticias.com\/index.php\/wp-json\/wp\/v2\/comments?post=115783"}],"version-history":[{"count":0,"href":"https:\/\/cdnoticias.com\/index.php\/wp-json\/wp\/v2\/posts\/115783\/revisions"}],"wp:featuredmedia":[{"embeddable":true,"href":"https:\/\/cdnoticias.com\/index.php\/wp-json\/wp\/v2\/media\/115785"}],"wp:attachment":[{"href":"https:\/\/cdnoticias.com\/index.php\/wp-json\/wp\/v2\/media?parent=115783"}],"wp:term":[{"taxonomy":"category","embeddable":true,"href":"https:\/\/cdnoticias.com\/index.php\/wp-json\/wp\/v2\/categories?post=115783"},{"taxonomy":"post_tag","embeddable":true,"href":"https:\/\/cdnoticias.com\/index.php\/wp-json\/wp\/v2\/tags?post=115783"}],"curies":[{"name":"wp","href":"https:\/\/api.w.org\/{rel}","templated":true}]}}