{"id":115756,"date":"2024-05-10T10:16:10","date_gmt":"2024-05-10T13:16:10","guid":{"rendered":"https:\/\/cdnoticias.com\/?p=115756"},"modified":"2024-05-10T10:16:12","modified_gmt":"2024-05-10T13:16:12","slug":"fiestas-patronales-y-aniversario-de-la-parroquia-nuestra-senora-de-fatima","status":"publish","type":"post","link":"https:\/\/cdnoticias.com\/index.php\/2024\/05\/10\/fiestas-patronales-y-aniversario-de-la-parroquia-nuestra-senora-de-fatima\/","title":{"rendered":"Fiestas Patronales y aniversario de la parroquia Nuestra Se\u00f1ora de F\u00e1tima"},"content":{"rendered":"<p>Las actividades comienzan este viernes. El lunes 13 de mayo ser\u00e1 la Fiesta de Nuestra Se\u00f1ora de F\u00e1tima. El lunes 20 de mayo, celebraci\u00f3n por el 60\u00b0 aniversario de la parroquia.<!--more--><\/p>\n<hr \/>\n<p>La <strong>comunidad parroquial de Nuestra Se\u00f1ora de F\u00e1tima de Olavarr\u00eda<\/strong> anunci\u00f3 las actividades para celebrar las <strong>Fiestas Patronales<\/strong> y el <strong>60\u00b0 aniversario<\/strong> de la parroquia ubicada en<strong> 25 de mayo 3755<\/strong>.<\/p>\n<p>Las actividades comienzan <strong>este viernes<\/strong>. Se destacaron para el<strong> lunes 13 de mayo<\/strong> la Fiesta de Nuestra Se\u00f1ora de F\u00e1tima y para el <strong>lunes 20 de mayo<\/strong> la celebraci\u00f3n por el 60\u00b0 aniversario de la parroquia.<\/p>\n<h4>Programa completo:<\/h4>\n<ul>\n<li><strong>Triduo<\/strong><\/li>\n<\/ul>\n<p>Viernes 10 de mayo: d\u00eda de la reconciliaci\u00f3n. Confesiones de 9 a 12hs y de 15 a 17hs.<br \/>\nS\u00e1bado 11 de mayo: d\u00eda de la Eucarist\u00eda. Adoraci\u00f3n Eucar\u00edstica de 15 a 17 horas.<br \/>\nDomingo 12 de mayo: d\u00eda de la caridad. Misa a las 10.30 horas \u2013 traer un alimento no perecedero.<\/p>\n<ul>\n<li><strong>Novena del Esp\u00edritu Santo<\/strong><\/li>\n<\/ul>\n<p>Del viernes 10 al s\u00e1bado 18 de mayo<br \/>\n16.30 hs Rosario e invocaci\u00f3n al Esp\u00edritu Santo<br \/>\n17 hs misa (los domingos a las 10 hs Rosario &#8211; 10,30hs Misa)<br \/>\nDomingo 19 de mayo: Solemnidad de Pentecost\u00e9s<\/p>\n<ul>\n<li><strong>Fiesta de Nuestra Se\u00f1ora de F\u00e1tima<\/strong><\/li>\n<\/ul>\n<p>Lunes 13 de mayo. Procesi\u00f3n a las 16.30 y misa a las 17 hs.<\/p>\n<ul>\n<li><strong>Octava de Acci\u00f3n de Gracias<\/strong><\/li>\n<\/ul>\n<p>Del martes 14 al domingo 19 de mayo<br \/>\nRosario a las 16.30 y Misa a las 17 horas.<\/p>\n<ul>\n<li><strong>Aniversario de la Parroquia<\/strong><\/li>\n<\/ul>\n<p>La parroquia Nuestra Se\u00f1ora de F\u00e1tima celebra su 60\u00b0 aniversario.<br \/>\nLunes 20 de mayo: Fiesta de Mar\u00eda, Madre de la Iglesia.<br \/>\nMisa a las 17 horas.<\/p>\n","protected":false},"excerpt":{"rendered":"<p>Las actividades comienzan este viernes. El lunes 13 de mayo ser\u00e1 la Fiesta de Nuestra Se\u00f1ora de F\u00e1tima. El lunes<\/p>\n","protected":false},"author":4,"featured_media":115758,"comment_status":"closed","ping_status":"closed","sticky":false,"template":"","format":"standard","meta":{"_jetpack_memberships_contains_paid_content":false,"footnotes":""},"categories":[5,1],"tags":[],"class_list":["post-115756","post","type-post","status-publish","format-standard","has-post-thumbnail","hentry","category-informacion-general","category-portada"],"jetpack_featured_media_url":"https:\/\/i0.wp.com\/cdnoticias.com\/wp-content\/uploads\/2024\/05\/Parroquia-Nuestra-Senora-de-Fatima-01.jpg?fit=1000%2C556&ssl=1","jetpack_sharing_enabled":true,"_links":{"self":[{"href":"https:\/\/cdnoticias.com\/index.php\/wp-json\/wp\/v2\/posts\/115756","targetHints":{"allow":["GET"]}}],"collection":[{"href":"https:\/\/cdnoticias.com\/index.php\/wp-json\/wp\/v2\/posts"}],"about":[{"href":"https:\/\/cdnoticias.com\/index.php\/wp-json\/wp\/v2\/types\/post"}],"author":[{"embeddable":true,"href":"https:\/\/cdnoticias.com\/index.php\/wp-json\/wp\/v2\/users\/4"}],"replies":[{"embeddable":true,"href":"https:\/\/cdnoticias.com\/index.php\/wp-json\/wp\/v2\/comments?post=115756"}],"version-history":[{"count":0,"href":"https:\/\/cdnoticias.com\/index.php\/wp-json\/wp\/v2\/posts\/115756\/revisions"}],"wp:featuredmedia":[{"embeddable":true,"href":"https:\/\/cdnoticias.com\/index.php\/wp-json\/wp\/v2\/media\/115758"}],"wp:attachment":[{"href":"https:\/\/cdnoticias.com\/index.php\/wp-json\/wp\/v2\/media?parent=115756"}],"wp:term":[{"taxonomy":"category","embeddable":true,"href":"https:\/\/cdnoticias.com\/index.php\/wp-json\/wp\/v2\/categories?post=115756"},{"taxonomy":"post_tag","embeddable":true,"href":"https:\/\/cdnoticias.com\/index.php\/wp-json\/wp\/v2\/tags?post=115756"}],"curies":[{"name":"wp","href":"https:\/\/api.w.org\/{rel}","templated":true}]}}