{"id":115753,"date":"2024-05-10T08:21:14","date_gmt":"2024-05-10T11:21:14","guid":{"rendered":"https:\/\/cdnoticias.com\/?p=115753"},"modified":"2024-05-10T12:11:28","modified_gmt":"2024-05-10T15:11:28","slug":"un-hombre-fallecio-en-el-incendio-de-su-vivienda-en-olavarria","status":"publish","type":"post","link":"https:\/\/cdnoticias.com\/index.php\/2024\/05\/10\/un-hombre-fallecio-en-el-incendio-de-su-vivienda-en-olavarria\/","title":{"rendered":"Un hombre falleci\u00f3 en el incendio de su vivienda en Olavarr\u00eda"},"content":{"rendered":"<p>Se dio en la madrugada de este viernes en Buchardo al 1300. Trabajaron cuatro dotaciones de Bomberos para combatir las llamas y evitar el derrumbe. El caso se investiga como \u201caveriguaci\u00f3n de causales de muerte\u201d.<!--more--><\/p>\n<hr \/>\n<p>Un <strong>hombre falleci\u00f3<\/strong> en el<strong> incendio de su vivienda<\/strong> en la madrugada de este viernes en Olavarr\u00eda. Fue en <strong>Buchardo al 1300<\/strong> donde el caso demand\u00f3 la labor de <strong>cuatro dotaciones de Bomberos Voluntarios<\/strong>.<\/p>\n<p>Acerca de lo sucedido, fuentes policiales informaron que <strong>poco antes de las 2 de la ma\u00f1ana un llamado al 911<\/strong> alert\u00f3 por el incendio de una vivienda. El <strong>personal policial confirm\u00f3 el foco \u00edgneo declarado<\/strong> y convoc\u00f3 a una unidad de Bomberos para intervenir.<\/p>\n<blockquote><p>Los voluntarios hallaron con una persona fallecida en el interior de la casa. La v\u00edctima fatal fue identificada como Silvano Roberto Oscar Lizondo, de 67 a\u00f1os.<\/p><\/blockquote>\n<p>En tanto, desde Bomberos se comunic\u00f3 que <strong>entre la 1.50 y las 3.10 trabajaron tres dotaciones<\/strong> para combatir las llamas que produjeron <strong>da\u00f1os en una habitaci\u00f3n<\/strong> en una vivienda que era un <strong>departamento interno<\/strong>.<\/p>\n<p>Tras la labor del combate de las llamas fue convocada una<strong> cuarta dotaci\u00f3n<\/strong> de bomberos que trabaj\u00f3 <strong>entre las 3.15 y las 4.15<\/strong> ya que la estructura hab\u00eda quedado con <strong>riesgo de derrumbe<\/strong>. En ese sentido, se indic\u00f3 que el personal trabaj\u00f3 no s\u00f3lo en el <strong>apuntalamiento de la vivienda<\/strong> sino en <strong>tareas de iluminaci\u00f3n<\/strong> para permitir la labor de <strong>Polic\u00eda Cient\u00edfica<\/strong> que se hab\u00eda presentado para avanzar con la investigaci\u00f3n del caso.<\/p>\n<p>El operativo de Bomberos estuvo a cargo del <strong>comandante mayor Javier Dom\u00ednguez<\/strong>.<\/p>\n<p>Las actuaciones se caratularon<strong> \u201caveriguaci\u00f3n de causales de muerte\u201d<\/strong> y est\u00e1n a cargo de la<strong> UFI N\u00ba 10 que encabeza el ayudante fiscal Jos\u00e9 Iturralde<\/strong>.<\/p>\n","protected":false},"excerpt":{"rendered":"<p>Se dio en la madrugada de este viernes en Buchardo al 1300. Trabajaron cuatro dotaciones de Bomberos para combatir las<\/p>\n","protected":false},"author":4,"featured_media":115754,"comment_status":"closed","ping_status":"closed","sticky":false,"template":"","format":"standard","meta":{"_jetpack_memberships_contains_paid_content":false,"footnotes":""},"categories":[14,1],"tags":[],"class_list":["post-115753","post","type-post","status-publish","format-standard","has-post-thumbnail","hentry","category-policiales","category-portada"],"jetpack_featured_media_url":"https:\/\/i0.wp.com\/cdnoticias.com\/wp-content\/uploads\/2024\/05\/incendio-buchardo-1370.jpg?fit=1000%2C556&ssl=1","jetpack_sharing_enabled":true,"_links":{"self":[{"href":"https:\/\/cdnoticias.com\/index.php\/wp-json\/wp\/v2\/posts\/115753","targetHints":{"allow":["GET"]}}],"collection":[{"href":"https:\/\/cdnoticias.com\/index.php\/wp-json\/wp\/v2\/posts"}],"about":[{"href":"https:\/\/cdnoticias.com\/index.php\/wp-json\/wp\/v2\/types\/post"}],"author":[{"embeddable":true,"href":"https:\/\/cdnoticias.com\/index.php\/wp-json\/wp\/v2\/users\/4"}],"replies":[{"embeddable":true,"href":"https:\/\/cdnoticias.com\/index.php\/wp-json\/wp\/v2\/comments?post=115753"}],"version-history":[{"count":0,"href":"https:\/\/cdnoticias.com\/index.php\/wp-json\/wp\/v2\/posts\/115753\/revisions"}],"wp:featuredmedia":[{"embeddable":true,"href":"https:\/\/cdnoticias.com\/index.php\/wp-json\/wp\/v2\/media\/115754"}],"wp:attachment":[{"href":"https:\/\/cdnoticias.com\/index.php\/wp-json\/wp\/v2\/media?parent=115753"}],"wp:term":[{"taxonomy":"category","embeddable":true,"href":"https:\/\/cdnoticias.com\/index.php\/wp-json\/wp\/v2\/categories?post=115753"},{"taxonomy":"post_tag","embeddable":true,"href":"https:\/\/cdnoticias.com\/index.php\/wp-json\/wp\/v2\/tags?post=115753"}],"curies":[{"name":"wp","href":"https:\/\/api.w.org\/{rel}","templated":true}]}}