{"id":115740,"date":"2024-05-09T19:40:13","date_gmt":"2024-05-09T22:40:13","guid":{"rendered":"https:\/\/cdnoticias.com\/?p=115740"},"modified":"2024-05-09T19:40:15","modified_gmt":"2024-05-09T22:40:15","slug":"aubasa-licita-la-conexion-del-distribuidor-en-autopista-buenos-aires-la-plata-con-la-avenida-520","status":"publish","type":"post","link":"https:\/\/cdnoticias.com\/index.php\/2024\/05\/09\/aubasa-licita-la-conexion-del-distribuidor-en-autopista-buenos-aires-la-plata-con-la-avenida-520\/","title":{"rendered":"AUBASA licita la conexi\u00f3n del distribuidor en autopista Buenos Aires &#8211; La Plata con la avenida 520"},"content":{"rendered":"\n<p>La apertura de la licitaci\u00f3n est\u00e1 prevista para el 4 de junio. La obra tiene un presupuesto oficial de $3.000.000.000 y la ejecuci\u00f3n de la misma se estima que demandar\u00e1 unos cinco meses.<\/p>\n\n\n\n<hr class=\"wp-block-separator aligncenter has-alpha-channel-opacity\"\/>\n\n\n\n<p>Autopistas de Buenos Aires S.A\u00a0 hizo p\u00fablico el <strong>llamado a licitaci\u00f3n<\/strong> para la construcci\u00f3n de la conexi\u00f3n del distribuidor del kil\u00f3metro 51,5 de la <strong>autopista Buenos Aires &#8211; La Plata con la avenida 520 de la capital bonaerense.<\/strong><\/p>\n\n\n\n<p><\/p>\n\n\n\n<p>La licitaci\u00f3n p\u00fablica 04\/2024 tiene por objeto la \u201c<strong><em>construcci\u00f3n de calles urbanas de conexi\u00f3n con el Distribuidor de la avenida 520 de la Ciudad de la Plata\u201d.<\/em><\/strong><\/p>\n\n\n\n<p><\/p>\n\n\n\n<p>La apertura de la licitaci\u00f3n est\u00e1 <strong>prevista para el 4 de junio<\/strong>. La obra tiene un <strong>presupuesto oficial de $3.000.000.000<\/strong> y la ejecuci\u00f3n de la misma se estima que <strong>demandar\u00e1 unos cinco meses.<\/strong><\/p>\n\n\n\n<p><\/p>\n\n\n\n<p>Las empresas interesadas en participar pueden realizar su consulta y retiro de pliego sin cargo escribiendo al mail licitaciones@aubasa.com.ar En tanto, la recepci\u00f3n de ofertas se realiza en la sede de AUBASA, Reconquista 575 &#8211; P. 5. &#8211; CABA &#8211; hasta las 11 horas del 4 de junio.<\/p>\n\n\n\n<p><\/p>\n\n\n\n<p>Al respecto, el Gerente General de AUBASA, Lic. Pablo Ceriani, se\u00f1al\u00f3 que \u201c<em>con la realizaci\u00f3n de esta obra se podr\u00e1 habilitar la nueva bajada de la Autopista Buenos Aires- La Plata, cuyo distribuidor fue construido el a\u00f1o pasado, lo que permitir\u00e1 mejorar la conectividad y los tiempos de viaje en la regi\u00f3n\u201d.<\/em><\/p>\n\n\n\n<p><\/p>\n\n\n\n<blockquote class=\"wp-block-quote is-layout-flow wp-block-quote-is-layout-flow\">\n<p>\u201cLa nueva conexi\u00f3n de la Autopista con la avenida 520 es el resultado del esfuerzo de la provincia de Buenos Aires \u201c agreg\u00f3 el Lic. Ceriani quien puso en valor la gesti\u00f3n del Gobernador Axel Kicillof de llevar adelante obras e inversiones p\u00fablicas en un contexto nacional de ajuste.<\/p>\n<\/blockquote>\n\n\n\n<p><\/p>\n\n\n\n<p class=\"has-medium-font-size\"><strong>La nueva bajada de la Autopista Buenos Aires La Plata<\/strong><\/p>\n\n\n\n<p><\/p>\n\n\n\n<p>La conexi\u00f3n de la autopista Buenos Aires \u2013 La Plata con la avenida 520 constituye una obra de significativa importancia. La avenida 520 (ruta provincial 13) es una arteria fundamental de la regi\u00f3n del gran La Plata, que vincula la Autov\u00eda\u00a0 2 y la ruta provincial 36 con la ciudad de La Plata, la zona del polo petroqu\u00edmico de Ensenada y el Puerto La Plata. <\/p>\n\n\n\n<p><\/p>\n\n\n\n<p>Atraviesa la zona productiva hort\u00edcola y flor\u00edcola de la regi\u00f3n, adem\u00e1s de ser asiento de numerosas empresas industriales, centros de servicios comerciales, hospitalarios y el Mercado Regional.<\/p>\n\n\n\n<p><\/p>\n\n\n\n<p>Con la materializaci\u00f3n de esta bajada, se podr\u00e1 descomprimir el tr\u00e1nsito existente en diagonal 74, propiciando una distribuci\u00f3n de flujos vehiculares m\u00e1s equilibrada, separando el tr\u00e1nsito pesado del liviano.<\/p>\n\n\n\n<p><\/p>\n\n\n\n<p>Es una obra estrat\u00e9gica de infraestructura vial de una autopista clave que conecta la Ciudad Aut\u00f3noma con la capital provincial y alrededores, que mejorar\u00e1 y ordenar\u00e1 el flujo vehicular.<\/p>\n","protected":false},"excerpt":{"rendered":"<p>La apertura de la licitaci\u00f3n est\u00e1 prevista para el 4 de junio. La obra tiene un presupuesto oficial de $3.000.000.000<\/p>\n","protected":false},"author":6,"featured_media":115742,"comment_status":"closed","ping_status":"closed","sticky":false,"template":"","format":"standard","meta":{"_jetpack_memberships_contains_paid_content":false,"footnotes":""},"categories":[6],"tags":[],"class_list":["post-115740","post","type-post","status-publish","format-standard","has-post-thumbnail","hentry","category-nacionales"],"jetpack_featured_media_url":"https:\/\/i0.wp.com\/cdnoticias.com\/wp-content\/uploads\/2024\/05\/autopista-bs-as-laplta.png?fit=976%2C490&ssl=1","jetpack_sharing_enabled":true,"_links":{"self":[{"href":"https:\/\/cdnoticias.com\/index.php\/wp-json\/wp\/v2\/posts\/115740","targetHints":{"allow":["GET"]}}],"collection":[{"href":"https:\/\/cdnoticias.com\/index.php\/wp-json\/wp\/v2\/posts"}],"about":[{"href":"https:\/\/cdnoticias.com\/index.php\/wp-json\/wp\/v2\/types\/post"}],"author":[{"embeddable":true,"href":"https:\/\/cdnoticias.com\/index.php\/wp-json\/wp\/v2\/users\/6"}],"replies":[{"embeddable":true,"href":"https:\/\/cdnoticias.com\/index.php\/wp-json\/wp\/v2\/comments?post=115740"}],"version-history":[{"count":0,"href":"https:\/\/cdnoticias.com\/index.php\/wp-json\/wp\/v2\/posts\/115740\/revisions"}],"wp:featuredmedia":[{"embeddable":true,"href":"https:\/\/cdnoticias.com\/index.php\/wp-json\/wp\/v2\/media\/115742"}],"wp:attachment":[{"href":"https:\/\/cdnoticias.com\/index.php\/wp-json\/wp\/v2\/media?parent=115740"}],"wp:term":[{"taxonomy":"category","embeddable":true,"href":"https:\/\/cdnoticias.com\/index.php\/wp-json\/wp\/v2\/categories?post=115740"},{"taxonomy":"post_tag","embeddable":true,"href":"https:\/\/cdnoticias.com\/index.php\/wp-json\/wp\/v2\/tags?post=115740"}],"curies":[{"name":"wp","href":"https:\/\/api.w.org\/{rel}","templated":true}]}}