{"id":115734,"date":"2024-05-09T18:59:14","date_gmt":"2024-05-09T21:59:14","guid":{"rendered":"https:\/\/cdnoticias.com\/?p=115734"},"modified":"2024-05-09T18:59:16","modified_gmt":"2024-05-09T21:59:16","slug":"roberto-miguel-etchebehere-q-e-p-d","status":"publish","type":"post","link":"https:\/\/cdnoticias.com\/index.php\/2024\/05\/09\/roberto-miguel-etchebehere-q-e-p-d\/","title":{"rendered":"Roberto Miguel Etchebehere (Q.E.P.D.)"},"content":{"rendered":"\n<hr class=\"wp-block-separator aligncenter has-alpha-channel-opacity\"\/>\n\n\n\n<p>Falleci\u00f3 en Olavarr\u00eda el 9 de mayo de 2024 a los 86 a\u00f1os. Su esposa Lucia Estela Burani. Sus hijas Silvia Mara, Marcela, Patricia y Sonia In\u00e9s Etchebehere. Sus hijos pol\u00edticos Francisco Mart\u00ednez Jauregui, Jorge Luis Ortiz, Federico L\u00f3pez Podest\u00e1. Sus nietos Tamara, Facundo, Florencia, Mat\u00edas, Zoe, Franco, Morena y Sofia. Sus nietos pol\u00edticos Mat\u00edas y Agust\u00edn; y dem\u00e1s deudos participan su fallecimiento.<\/p>\n\n\n\n<p>Sus restos ser\u00e1n velados en la Sala de Espa\u00f1a 2942 departamento \u201cD\u201d hasta las 00:00 horas y reabre este viernes 10 de mayo a las 07:00 horas e inhumados en el Cementerio Municipal a las 09:30 horas. Servicio adherido a Coopelectric.<\/p>\n\n\n\n<p>Nacido en Olavarr\u00eda, vecino de Microcentro y de Estaci\u00f3n Mu\u00f1oz, productor agropecuario.<\/p>\n","protected":false},"excerpt":{"rendered":"<p>Falleci\u00f3 en Olavarr\u00eda el 9 de mayo de 2024 a los 86 a\u00f1os. Su esposa Lucia Estela Burani. Sus hijas<\/p>\n","protected":false},"author":2,"featured_media":100390,"comment_status":"closed","ping_status":"closed","sticky":false,"template":"","format":"standard","meta":{"_jetpack_memberships_contains_paid_content":false,"footnotes":""},"categories":[10],"tags":[],"class_list":["post-115734","post","type-post","status-publish","format-standard","has-post-thumbnail","hentry","category-necrologicas"],"jetpack_featured_media_url":"https:\/\/i0.wp.com\/cdnoticias.com\/wp-content\/uploads\/2023\/10\/necrologicas-390-x-240.jpg?fit=390%2C240&ssl=1","jetpack_sharing_enabled":true,"_links":{"self":[{"href":"https:\/\/cdnoticias.com\/index.php\/wp-json\/wp\/v2\/posts\/115734","targetHints":{"allow":["GET"]}}],"collection":[{"href":"https:\/\/cdnoticias.com\/index.php\/wp-json\/wp\/v2\/posts"}],"about":[{"href":"https:\/\/cdnoticias.com\/index.php\/wp-json\/wp\/v2\/types\/post"}],"author":[{"embeddable":true,"href":"https:\/\/cdnoticias.com\/index.php\/wp-json\/wp\/v2\/users\/2"}],"replies":[{"embeddable":true,"href":"https:\/\/cdnoticias.com\/index.php\/wp-json\/wp\/v2\/comments?post=115734"}],"version-history":[{"count":0,"href":"https:\/\/cdnoticias.com\/index.php\/wp-json\/wp\/v2\/posts\/115734\/revisions"}],"wp:featuredmedia":[{"embeddable":true,"href":"https:\/\/cdnoticias.com\/index.php\/wp-json\/wp\/v2\/media\/100390"}],"wp:attachment":[{"href":"https:\/\/cdnoticias.com\/index.php\/wp-json\/wp\/v2\/media?parent=115734"}],"wp:term":[{"taxonomy":"category","embeddable":true,"href":"https:\/\/cdnoticias.com\/index.php\/wp-json\/wp\/v2\/categories?post=115734"},{"taxonomy":"post_tag","embeddable":true,"href":"https:\/\/cdnoticias.com\/index.php\/wp-json\/wp\/v2\/tags?post=115734"}],"curies":[{"name":"wp","href":"https:\/\/api.w.org\/{rel}","templated":true}]}}