{"id":115715,"date":"2024-05-10T17:30:04","date_gmt":"2024-05-10T20:30:04","guid":{"rendered":"https:\/\/cdnoticias.com\/?p=115715"},"modified":"2024-05-10T17:30:07","modified_gmt":"2024-05-10T20:30:07","slug":"dengue-el-gobierno-empezara-a-vacunar-en-zonas-endemicas-del-pais","status":"publish","type":"post","link":"https:\/\/cdnoticias.com\/index.php\/2024\/05\/10\/dengue-el-gobierno-empezara-a-vacunar-en-zonas-endemicas-del-pais\/","title":{"rendered":"Dengue: el Gobierno empezar\u00e1 a vacunar en zonas end\u00e9micas del pa\u00eds"},"content":{"rendered":"\n<p>La poblaci\u00f3n objetivo a inmunizar ser\u00e1n las personas de 15 a 39 a\u00f1os, pero la primera etapa llegar\u00e1 hasta los 19.<\/p>\n\n\n\n<hr class=\"wp-block-separator has-alpha-channel-opacity\"\/>\n\n\n\n<p>En medio del brote hist\u00f3rico de dengue en la Argentina, que ya super\u00f3 los 300 muertos y los 438.000 casos,<strong> el Ministerio de Salud de Naci\u00f3n inform\u00f3 que se incorporar\u00e1 la vacuna a un plan de trabajo con las provincias <\/strong>para evitar una epidemia por tercer a\u00f1o consecutivo.<\/p>\n\n\n\n<p><\/p>\n\n\n\n<p>La decisi\u00f3n la dio a conocer en las \u00faltimas horas luego de que la Comisi\u00f3n Nacional de Inmunizaciones (Conain) llegara a una recomendaci\u00f3n a partir de nuevos datos relevados en los \u00faltimos meses. La estrategia <strong>se desarrollar\u00e1 con las jurisdicciones m\u00e1s vulneradas<\/strong> por la circulaci\u00f3n del mosquito Aedes aegypti y la vacuna formar\u00e1 parte del <strong>plan estrat\u00e9gico integral 2024-2025.<\/strong><\/p>\n\n\n\n<p><\/p>\n\n\n\n<p><strong>La vacunaci\u00f3n ser\u00e1 focalizada en las zonas end\u00e9micas del pa\u00eds con alta circulaci\u00f3n viral, como las provincias del norte del pa\u00eds<\/strong>, y ser\u00e1 apenas una herramienta m\u00e1s de un conjunto de medidas. <\/p>\n\n\n\n<p><\/p>\n\n\n\n<blockquote class=\"wp-block-quote is-layout-flow wp-block-quote-is-layout-flow\">\n<p>Si bien la poblaci\u00f3n objetivo a inmunizar ser\u00e1n las personas de 15 a 39 a\u00f1os, el foco estar\u00e1, primero, en la inoculaci\u00f3n a j\u00f3venes de 15 a 19 a\u00f1os, m\u00e1s all\u00e1 de que hayan o no transitado la enfermedad viral.<\/p>\n<\/blockquote>\n\n\n\n<p><\/p>\n\n\n\n<p>A\u00fan<strong> quedan pendientes reuniones de concreci\u00f3n con ministros de las provincias que conforman la zona end\u00e9mica del pa\u00eds, <\/strong>pero la intenci\u00f3n es avanzar con una estrategia din\u00e1mica y en etapas que permita arrancar antes del inicio de un nuevo pico entre los meses de agosto y septiembre de 2024.<\/p>\n\n\n\n<p><\/p>\n\n\n\n<p>El resto de las medidas que impulsa el Gobierno incluyen desde reducir la presencia del mosquito vector con la<strong> eliminaci\u00f3n de reservorios en los domicilios y el espacio p\u00fablico durante los pr\u00f3ximos meses hasta la detecci\u00f3n m\u00e1s r\u00e1pida de nuevos casos<\/strong> para intervenir a tiempo en los domicilios y eliminar el mosquito vector, adem\u00e1s del diagn\u00f3stico adecuado y la atenci\u00f3n oportuna para disminuir formas graves de la enfermedad.<\/p>\n\n\n\n<p><\/p>\n\n\n\n<p>Para eso, en las pr\u00f3ximas semanas comenzar\u00e1n las reuniones por regiones entre funcionarios de los ministerios de Salud de la Naci\u00f3n y las provincias antes del pr\u00f3ximo encuentro de todos los ministros del pa\u00eds en el Consejo Federal de Salud (Cofesa). \u201cNecesitamos la colaboraci\u00f3n muy fuerte de los gobiernos locales, tanto provinciales como municipales\u201d, expres\u00f3 el <strong>ministro de Salud, Mario Russo,<\/strong> al anticipar la Estrategia de Gesti\u00f3n Integrada para la Prevenci\u00f3n y el Control del Dengue 2024-2025.<\/p>\n\n\n\n<p><\/p>\n\n\n\n<p>La vacunaci\u00f3n es apenas un \u00edtem de ese plan, en el que colabora la Organizaci\u00f3n Panamericana de la Salud (OPS), como en el resto de la regi\u00f3n, donde las cifras de casos de dengue y chikungunya \u2013infecciones que comparten el mosquito vector\u2013 terminaron por superar todas las proyecciones.<\/p>\n\n\n\n<p><\/p>\n\n\n\n<p><em>Fuente: DIB.<\/em><\/p>\n","protected":false},"excerpt":{"rendered":"<p>La poblaci\u00f3n objetivo a inmunizar ser\u00e1n las personas de 15 a 39 a\u00f1os, pero la primera etapa llegar\u00e1 hasta los<\/p>\n","protected":false},"author":2,"featured_media":110272,"comment_status":"closed","ping_status":"closed","sticky":false,"template":"","format":"standard","meta":{"_jetpack_memberships_contains_paid_content":false,"footnotes":""},"categories":[6,1],"tags":[],"class_list":["post-115715","post","type-post","status-publish","format-standard","has-post-thumbnail","hentry","category-nacionales","category-portada"],"jetpack_featured_media_url":"https:\/\/i0.wp.com\/cdnoticias.com\/wp-content\/uploads\/2024\/03\/fumigacion-dengue.jpg?fit=630%2C420&ssl=1","jetpack_sharing_enabled":true,"_links":{"self":[{"href":"https:\/\/cdnoticias.com\/index.php\/wp-json\/wp\/v2\/posts\/115715","targetHints":{"allow":["GET"]}}],"collection":[{"href":"https:\/\/cdnoticias.com\/index.php\/wp-json\/wp\/v2\/posts"}],"about":[{"href":"https:\/\/cdnoticias.com\/index.php\/wp-json\/wp\/v2\/types\/post"}],"author":[{"embeddable":true,"href":"https:\/\/cdnoticias.com\/index.php\/wp-json\/wp\/v2\/users\/2"}],"replies":[{"embeddable":true,"href":"https:\/\/cdnoticias.com\/index.php\/wp-json\/wp\/v2\/comments?post=115715"}],"version-history":[{"count":0,"href":"https:\/\/cdnoticias.com\/index.php\/wp-json\/wp\/v2\/posts\/115715\/revisions"}],"wp:featuredmedia":[{"embeddable":true,"href":"https:\/\/cdnoticias.com\/index.php\/wp-json\/wp\/v2\/media\/110272"}],"wp:attachment":[{"href":"https:\/\/cdnoticias.com\/index.php\/wp-json\/wp\/v2\/media?parent=115715"}],"wp:term":[{"taxonomy":"category","embeddable":true,"href":"https:\/\/cdnoticias.com\/index.php\/wp-json\/wp\/v2\/categories?post=115715"},{"taxonomy":"post_tag","embeddable":true,"href":"https:\/\/cdnoticias.com\/index.php\/wp-json\/wp\/v2\/tags?post=115715"}],"curies":[{"name":"wp","href":"https:\/\/api.w.org\/{rel}","templated":true}]}}