{"id":11571,"date":"2021-01-16T16:59:37","date_gmt":"2021-01-16T19:59:37","guid":{"rendered":"http:\/\/www.centraldenoticias.com.ar\/?p=11571"},"modified":"2021-01-16T17:02:43","modified_gmt":"2021-01-16T20:02:43","slug":"vuelta-a-clases-el-presidente-dijo-que-es-prioritario-y-que-se-iniciaran-en-marzo","status":"publish","type":"post","link":"https:\/\/cdnoticias.com\/index.php\/2021\/01\/16\/vuelta-a-clases-el-presidente-dijo-que-es-prioritario-y-que-se-iniciaran-en-marzo\/","title":{"rendered":"Vuelta a clases: el Presidente dijo que es &#8220;prioritario&#8221; y que se iniciar\u00e1n en marzo"},"content":{"rendered":"<p>Alberto Fern\u00e1ndez sostuvo que pidi\u00f3 al ministro de Educaci\u00f3n, Nicol\u00e1s Trotta, que <em>&#8220;el plan de estudio sea revisado&#8221;<\/em>, para que<em> &#8220;en el transcurso de este a\u00f1o se puedan recuperar los contenidos que durante 2020 pudieron haber quedado soslayados&#8221;.<\/em><!--more--><\/p>\n<hr \/>\n<p>El presidente Alberto Fern\u00e1ndez dijo que el dictado de clases <em>&#8220;es prioritario este a\u00f1o&#8221;<\/em> y asegur\u00f3 que<strong> el regreso a las aulas se producir\u00e1 <em>&#8220;en marzo&#8221;<\/em> con los respectivos cuidados debido a la pandemia de coronavirus.<\/strong><\/p>\n<p>&nbsp;<\/p>\n<p><em>&#8220;Nosotros hemos decidido que las clases vuelvan con los cuidados del caso, por eso estamos en condiciones de confirmar que<strong> en marzo las clases se iniciar\u00e1n<\/strong>&#8220;<\/em>, afirm\u00f3 el jefe de Estado en una entrevista con el sitio Data Clave.<\/p>\n<p>&nbsp;<\/p>\n<p>En ese sentido, sostuvo que pidi\u00f3 al ministro de Educaci\u00f3n, Nicol\u00e1s Trotta, que <em>&#8220;el plan de estudio sea revisado&#8221;,<\/em> para que <strong><em>&#8220;en el transcurso de este a\u00f1o, se puedan recuperar los contenidos que durante 2020 pudieron haber quedado soslayados producto de las restricciones&#8221;.<\/em><\/strong><\/p>\n<p>&nbsp;<\/p>\n<p>&#8220;Estamos elaborando esa planificaci\u00f3n y la presentaremos en los pr\u00f3ximos d\u00edas&#8221;, manifest\u00f3 el jefe de Estado.<\/p>\n<p>&nbsp;<\/p>\n<p>El Presidente dijo que <em>&#8220;el dictado de clases es para m\u00ed un aspecto prioritario en este a\u00f1o&#8221;<\/em> y agreg\u00f3 que <em>&#8220;hay razones de desarrollo de los chicos que as\u00ed lo exigen&#8221;.<\/em><\/p>\n<p>&nbsp;<\/p>\n<p><em>&#8220;Pero tambi\u00e9n hay razones de desarrollo social que lo hacen imperativo&#8221;<\/em>, dijo el jefe de Estado y sostuvo que <strong><em>&#8220;perder un a\u00f1o de educaci\u00f3n y conocimiento es muy grave para cualquier sociedad y eso es algo que no nos podemos permitir&#8221;.<\/em><\/strong><\/p>\n<p>&nbsp;<\/p>\n<p>Fuente: T\u00e9lam<\/p>\n","protected":false},"excerpt":{"rendered":"<p>Alberto Fern\u00e1ndez sostuvo que pidi\u00f3 al ministro de Educaci\u00f3n, Nicol\u00e1s Trotta, que &#8220;el plan de estudio sea revisado&#8221;, para que<\/p>\n","protected":false},"author":5,"featured_media":2501,"comment_status":"closed","ping_status":"closed","sticky":false,"template":"","format":"standard","meta":{"_jetpack_memberships_contains_paid_content":false,"footnotes":""},"categories":[6,1],"tags":[],"class_list":["post-11571","post","type-post","status-publish","format-standard","has-post-thumbnail","hentry","category-nacionales","category-portada"],"jetpack_featured_media_url":"https:\/\/i0.wp.com\/cdnoticias.com\/wp-content\/uploads\/2020\/09\/educacion-clases.jpg?fit=1200%2C675&ssl=1","jetpack_sharing_enabled":true,"_links":{"self":[{"href":"https:\/\/cdnoticias.com\/index.php\/wp-json\/wp\/v2\/posts\/11571","targetHints":{"allow":["GET"]}}],"collection":[{"href":"https:\/\/cdnoticias.com\/index.php\/wp-json\/wp\/v2\/posts"}],"about":[{"href":"https:\/\/cdnoticias.com\/index.php\/wp-json\/wp\/v2\/types\/post"}],"author":[{"embeddable":true,"href":"https:\/\/cdnoticias.com\/index.php\/wp-json\/wp\/v2\/users\/5"}],"replies":[{"embeddable":true,"href":"https:\/\/cdnoticias.com\/index.php\/wp-json\/wp\/v2\/comments?post=11571"}],"version-history":[{"count":0,"href":"https:\/\/cdnoticias.com\/index.php\/wp-json\/wp\/v2\/posts\/11571\/revisions"}],"wp:featuredmedia":[{"embeddable":true,"href":"https:\/\/cdnoticias.com\/index.php\/wp-json\/wp\/v2\/media\/2501"}],"wp:attachment":[{"href":"https:\/\/cdnoticias.com\/index.php\/wp-json\/wp\/v2\/media?parent=11571"}],"wp:term":[{"taxonomy":"category","embeddable":true,"href":"https:\/\/cdnoticias.com\/index.php\/wp-json\/wp\/v2\/categories?post=11571"},{"taxonomy":"post_tag","embeddable":true,"href":"https:\/\/cdnoticias.com\/index.php\/wp-json\/wp\/v2\/tags?post=11571"}],"curies":[{"name":"wp","href":"https:\/\/api.w.org\/{rel}","templated":true}]}}